{"id":76,"name":"Dr. \u0130rem Erdemir","url":"","description":"\u0130rem Erdemir Araz; 27.05.1991 tarihinde Bal\u0131kesir\u2019de do\u011fdum. 2 k\u0131z \u00e7ocuklu sa\u011fl\u0131k\u00e7\u0131 bir ailenin b\u00fcy\u00fck k\u0131z\u0131y\u0131m. K\u0131z karde\u015fim de \u015fu an Ankara\u2019da dahiliye ihtisas\u0131 yapmaktad\u0131r. Mesle\u011fini a\u015fkla yapan ve \u00e7ocuklu\u011fundan beri doktor olmak isteyen biriyim. 5 y\u0131ld\u0131r dermatolog olan e\u015fimle evliyim. Lise e\u011fitimimi S\u0131rr\u0131 Y\u0131rcal\u0131 Anadolu Lisesi'nde, \u00fcniversite e\u011fitimimi ise \u00dcniversite-Pamukkale \u00dcniversitesi T\u0131p Fak\u00fcltesi'nde tamamlad\u0131m. E\u011fitimin ard\u0131ndan 2017-2019 y\u0131llar\u0131 aras\u0131nda Ac\u0131badem \u00dcniversitesi \u00c7ocuk Sa\u011fl\u0131\u011f\u0131 ve Hastal\u0131klar\u0131 B\u00f6l\u00fcm\u00fc'nde ihtisas\u0131m\u0131 tamamlad\u0131m. \u015euanda Kanuni Sultan S\u00fcleyman E\u011fitim ve Ara\u015ft\u0131rma Hastanesi \u00c7ocuk Sa\u011fl\u0131\u011f\u0131 ve Hastal\u0131klar\u0131 B\u00f6l\u00fcm\u00fc'nde g\u00f6rev yapmaktay\u0131m.","link":"https:\/\/annebebekkulubu.com\/blog\/author\/iremerdemir\/","slug":"iremerdemir","avatar_urls":{"24":"https:\/\/i0.wp.com\/annebebekkulubu.com\/blog\/wp-content\/uploads\/2020\/01\/irem-erdemir.jpg?fit=22%2C24&ssl=1","48":"https:\/\/i0.wp.com\/annebebekkulubu.com\/blog\/wp-content\/uploads\/2020\/01\/irem-erdemir.jpg?fit=45%2C48&ssl=1","96":"https:\/\/i0.wp.com\/annebebekkulubu.com\/blog\/wp-content\/uploads\/2020\/01\/irem-erdemir.jpg?fit=89%2C96&ssl=1"},"meta":[],"_links":{"self":[{"href":"https:\/\/annebebekkulubu.com\/blog\/wp-json\/wp\/v2\/users\/76","targetHints":{"allow":["GET"]}}],"collection":[{"href":"https:\/\/annebebekkulubu.com\/blog\/wp-json\/wp\/v2\/users"}]}}