{"id":49,"name":"Prof. Dr. Hasan Y\u00fcksel","url":"","description":"1967 y\u0131l\u0131nda Antalya\u2019da\u00a0 do\u011fdu. \u0130lk, orta ve lise e\u011fitimini Tire\u2019 de tamamlad\u0131. 1990 y\u0131l\u0131nda Ege \u00dcniversitesi T\u0131p Fak\u00fcltesi\u2019nden mezun oldu. Ayn\u0131 fak\u00fcltenin \u00c7ocuk Sa\u011fl\u0131\u011f\u0131 ve Hastal\u0131klar\u0131 Anabilim Dal\u0131\u2019 nda 1996 y\u0131l\u0131nda \u00c7ocuk Sa\u011fl\u0131\u011f\u0131 ve Hastal\u0131klar\u0131 ve 1999 y\u0131l\u0131nda ise \u00c7ocuk Allerji uzman\u0131 oldu. Celal Bayar \u00dcniversitesi T\u0131p Fak\u00fcltesi, \u00c7ocuk Sa\u011fl\u0131\u011f\u0131 ve Hastal\u0131klar\u0131 Anabilim Dal\u0131\u2019nda 2000 y\u0131l\u0131nda Yard\u0131mc\u0131 Do\u00e7ent, 2002 y\u0131l\u0131nda Do\u00e7ent ve 2009 y\u0131l\u0131nda Profos\u00f6r olarak akademik hayat\u0131na devam etti. Ayn\u0131 fak\u00fcltede 2001 y\u0131l\u0131nda \u00c7ocuk Allerji Bilim Dal\u0131 ve 2012 y\u0131l\u0131nda \u00c7ocuk G\u00f6\u011f\u00fcs Hastal\u0131klar\u0131 Bilim Dal\u0131\u2019 n\u0131 kurdu. 2010-2013 y\u0131llar\u0131 aras\u0131nda T\u0131p Fak\u00fcltesi dekan\u0131 olarak g\u00f6rev ald\u0131.\u00a0\r\n\r\nHalen Celal Bayar \u00dcniversitesi T\u0131p Fak\u00fcltesi, \u00c7ocuk Sa\u011fl\u0131\u011f\u0131 ve Hastal\u0131klar\u0131 Anabilim Dal\u0131, \u00c7ocuk Allerjisi ve \u0130mm\u00fcnolojisi Bilim Dal\u0131\u2019nda \u00f6\u011fretim \u00fcyesi olarak g\u00f6revine devam etmektedir. Ayn\u0131 zamanda Bornova\/Bayrakl\u0131\/\u0130zmir de \u00f6zel muayenesi vard\u0131r.\u00a0\r\n\r\n\u00d6zel ilgi alanlar\u0131 \u00e7ocukluk \u00e7a\u011f\u0131 alerjik hastal\u0131klar\u0131, h\u0131\u015f\u0131lt\u0131l\u0131 \u00e7ocuk (wheezy child),\u00a0 ast\u0131m tedavisi ve \u00e7ocuk\/ebeveynlerde ya\u015fam kalitesinin de\u011ferlendirilmesidir.\u00a0\u00a0\r\n\r\nwww.cocukalerjiklinigi.com","link":"https:\/\/annebebekkulubu.com\/blog\/author\/hasanyuksel\/","slug":"hasanyuksel","avatar_urls":{"24":"https:\/\/i0.wp.com\/annebebekkulubu.com\/blog\/wp-content\/uploads\/2019\/08\/pof-dr-hasan-yuksel.jpg?fit=22%2C24&ssl=1","48":"https:\/\/i0.wp.com\/annebebekkulubu.com\/blog\/wp-content\/uploads\/2019\/08\/pof-dr-hasan-yuksel.jpg?fit=43%2C48&ssl=1","96":"https:\/\/i0.wp.com\/annebebekkulubu.com\/blog\/wp-content\/uploads\/2019\/08\/pof-dr-hasan-yuksel.jpg?fit=87%2C96&ssl=1"},"meta":[],"_links":{"self":[{"href":"https:\/\/annebebekkulubu.com\/blog\/wp-json\/wp\/v2\/users\/49","targetHints":{"allow":["GET"]}}],"collection":[{"href":"https:\/\/annebebekkulubu.com\/blog\/wp-json\/wp\/v2\/users"}]}}