{"id":186,"name":"Uzm. Dr. Belen Ate\u015f","url":"","description":"Uzm. Dr. Belen Ate\u015f, T\u0131p e\u011fitimini\u00a0\u0130stanbul\u00a0\u00dcniversitesi\u00a0\u0130stanbul\u00a0T\u0131p Fak\u00fcltesi&#039;nde\r\ntamamlayarak \u201cT\u0131p Doktoru\u201d \u00fcnvan\u0131n\u0131 ald\u0131ktan sonra,\u00a0Okmeydan\u0131 E\u011fitim ve Ara\u015ft\u0131rma\r\nHastanesi\u2019nde \u00c7ocuk Sa\u011fl\u0131\u011f\u0131 ve Hastal\u0131klar\u0131 Uzmanl\u0131k\u00a0e\u011fitimimi, ayr\u0131ca \u0130stanbul\u00a0T\u0131p\r\nFak\u00fcltesi\u00a0T\u0131bbi\u00a0Farmakoloji Anabilim Dal\u0131&#039;nda\u00a0Klinik Farmakoloji doktora\r\nprogram\u0131n\u0131\u00a0tamamlam\u0131\u015ft\u0131r.\u00a0Uluslararas\u0131 ve ulusal\u00a0dergilerde yay\u0131nlar\u0131 mevcuttur.\u00a0Halen\r\n\u0130stanbul Bah\u00e7elievler Devlet Hastanesi&#039;nde\u00a0\u00c7ocuk Sa\u011fl\u0131\u011f\u0131 ve Hastal\u0131klar\u0131 Uzman\u0131 olarak \u00e7al\u0131\u015fmaktad\u0131r.\u00a0Uz. Dr. Ate\u015f, T\u00fcrk Pediatri Kurumu ve \u0130stanbul Tabip Odas\u0131 \u00fcyesidir.","link":"https:\/\/annebebekkulubu.com\/blog\/author\/drbelenates\/","slug":"drbelenates","avatar_urls":{"24":"https:\/\/i0.wp.com\/annebebekkulubu.com\/blog\/wp-content\/uploads\/2022\/09\/Uzm-Dr-Belen-Ates-e1663182561280.jpg?fit=20%2C24&ssl=1","48":"https:\/\/i0.wp.com\/annebebekkulubu.com\/blog\/wp-content\/uploads\/2022\/09\/Uzm-Dr-Belen-Ates-e1663182561280.jpg?fit=41%2C48&ssl=1","96":"https:\/\/i0.wp.com\/annebebekkulubu.com\/blog\/wp-content\/uploads\/2022\/09\/Uzm-Dr-Belen-Ates-e1663182561280.jpg?fit=81%2C96&ssl=1"},"meta":[],"_links":{"self":[{"href":"https:\/\/annebebekkulubu.com\/blog\/wp-json\/wp\/v2\/users\/186","targetHints":{"allow":["GET"]}}],"collection":[{"href":"https:\/\/annebebekkulubu.com\/blog\/wp-json\/wp\/v2\/users"}]}}