{"id":154,"name":"Diyetisyen Emirhan Ba\u011fbek","url":"","description":"Diyetisyen Emirhan Ba\u011fbek 1996 y\u0131l\u0131nda Bursa\u2019da do\u011fdu. \u0130lk ve orta \u00f6\u011frenimini  \u00c7anakkale\u2019de tamamlad\u0131ktan sonra lise \u00f6\u011frenimi i\u00e7in tekrar Bursa\u2019ya d\u00f6nd\u00fc. 2014 y\u0131l\u0131nda Bursa  Anadolu Lisesi\u2019nden ba\u015far\u0131yla mezun olduktan sonra 2015 y\u0131l\u0131nda \u0130stanbul Medipol \u00dcniversitesi Beslenme ve Diyetetik B\u00f6l\u00fcm\u00fc\u2019n\u00fc tam burslu olarak kazand\u0131. \r\n\u00dcniversite \u00f6\u011frenimi boyunca bir\u00e7ok \u00f6\u011frenci kul\u00fcb\u00fcnde aktif rol almakla beraber; obezite,  diyabet, onkoloji, enteral-parenteral, bariatrik cerrahi, anne-\u00e7ocuk beslenmesi, sporcu beslenmesi gibi  \u00e7e\u015fitli seminerlere kat\u0131ld\u0131. \u00dcniversite y\u0131llar\u0131nda \u0130ngilizce ve Almanca bilgisini geli\u015ftirmenin yan\u0131nda  \u0130talyanca, Rus\u00e7a ve Frans\u0131zca \u00f6\u011frendi. Kat\u0131ld\u0131\u011f\u0131 su alt\u0131 kul\u00fcb\u00fc sayesinde profesyonel dalg\u0131\u00e7 oldu. \r\n\r\nBursa \u00c7ekirge Devlet Hastanesi\u2019nde toplu beslenme sistemleri ve klinik eri\u015fkin beslenmesi,  Bursa Y\u00fcksek \u0130htisas E\u011fitim ve Ara\u015ft\u0131rma Hastanesi\u2019nde klinik \u00e7ocuk beslenmesi alanlar\u0131nda stajlar  yapt\u0131. Canan Aksoy Beslenme ve Diyet Dan\u0131\u015fmanl\u0131\u011f\u0131\u2019nda elektif staj\u0131n\u0131 tamamlad\u0131ktan sonra Uzm.  Dyt. Selahattin D\u00f6nmez Fark Etmeden Diyet Beslenme ve E\u011fitim Dan\u0131\u015fmanl\u0131\u011f\u0131, \u0130ETT Genel M\u00fcd\u00fcrl\u00fc\u011f\u00fc, Medipol Mega Hastaneler Kompleksi ve Denizbank Genel M\u00fcd\u00fcrl\u00fc\u011f\u00fc\u2019nde g\u00f6n\u00fcll\u00fc  stajlar\u0131n\u0131 tamamlad\u0131. Denizbank Genel M\u00fcd\u00fcrl\u00fc\u011f\u00fc\u2019nde yapt\u0131\u011f\u0131 stajda kurumun teknik \u015fartnamesinin  haz\u0131rlanmas\u0131nda g\u00f6rev ald\u0131. \r\n\r\nMilli E\u011fitim Bakanl\u0131\u011f\u0131na ba\u011fl\u0131 Arjantin Tango E\u011fitmenlik E\u011fitimi kursunu tamamlayarak ayn\u0131  zamanda Tango E\u011fitmeni oldu. Bu s\u0131rada kursiyerlere dans\u00e7\u0131lar\u0131n nas\u0131l beslenmesi gerekti\u011fi ile ilgili  bir seminer verdi. \r\n\u0130stanbul Medipol \u00dcniversitesi\u2019nde yaz staj\u0131 ad\u0131 alt\u0131nda ge\u00e7en \u201cYeti\u015fkinlerde Et ve Et \u00dcr\u00fcnleri  T\u00fcketim Durumunun De\u011ferlendirilmesi\u201d \u00fczerine \u00e7al\u0131\u015f\u0131p ara\u015ft\u0131rma makalesi kaleme ald\u0131. \u0130stanbul  Medipol \u00dcniversitesi\u2019nde \u00fczerine \u00e7al\u0131\u015fmaya ba\u015flad\u0131\u011f\u0131 \u201c\u00d6zel Okulda Okuyan Ortaokul \u00c7a\u011f\u0131  \u00c7ocuklar\u0131nda S\u00fct ve S\u00fct \u00dcr\u00fcnleri T\u00fcketimine Ba\u011fl\u0131 Kalsiyumun Antropometrik \u00d6l\u00e7\u00fcmlerle \u0130li\u015fkisi\u201d  adl\u0131 tezini \u00e7al\u0131\u015fmaya kat\u0131lan ortaokul \u00f6\u011frencileri ile sonland\u0131rd\u0131. \u201cS\u00fct\u00fcn Beslenmeye Etkisi\u201d \u00fczerine  \u00e7al\u0131\u015ft\u0131 ve seminerini bu alanda sundu. 2019 y\u0131l\u0131nda lisans \u00f6\u011frenimini ba\u015far\u0131yla tamamlad\u0131ktan sonra  bir s\u00fcre \u00f6zel bir beslenme dan\u0131\u015fmanl\u0131\u011f\u0131nda hizmet verdi. \r\n\r\n2019 y\u0131l\u0131nda Anadolu \u00dcniversitesi A\u015f\u00e7\u0131l\u0131k B\u00f6l\u00fcm\u00fc\u2019n\u00fc tamamlad\u0131ktan sonra 2020 y\u0131l\u0131nda  Atat\u00fcrk \u00dcniversitesi Bilgisayar Programc\u0131l\u0131\u011f\u0131 B\u00f6l\u00fcm\u00fc\u2019ne ba\u015flad\u0131. \u015eu anda halen bu b\u00f6l\u00fcmde e\u011fitimini  devam ettirmekte, bir yandan da Uluda\u011f \u00dcniversitesi\u2019nde Besin Hijyeni ve Teknolojisi Program\u0131nda tezli y\u00fcksek lisans e\u011fitimini s\u00fcrd\u00fcrmektedir. \r\nGen\u00e7lik ve Spor Bakanl\u0131\u011f\u0131 ve Anadolu \u00dcniversitesi\u2019nin vermi\u015f oldu\u011fu Temel Antren\u00f6rl\u00fck  E\u011fitimi\u2019ni de ba\u015far\u0131yla tamamlam\u0131\u015ft\u0131r ve \u015fu an kendi \u00f6zel ofisinde beslenme ve diyet dan\u0131\u015fmanl\u0131\u011f\u0131  hizmeti vermeye devam etmektedir.","link":"https:\/\/annebebekkulubu.com\/blog\/author\/emirhanbagbek\/","slug":"emirhanbagbek","avatar_urls":{"24":"https:\/\/i0.wp.com\/annebebekkulubu.com\/blog\/wp-content\/uploads\/2021\/02\/diyetisyen-emirhan-bagkek-e1613412068668.jpg?fit=22%2C24&ssl=1","48":"https:\/\/i0.wp.com\/annebebekkulubu.com\/blog\/wp-content\/uploads\/2021\/02\/diyetisyen-emirhan-bagkek-e1613412068668.jpg?fit=45%2C48&ssl=1","96":"https:\/\/i0.wp.com\/annebebekkulubu.com\/blog\/wp-content\/uploads\/2021\/02\/diyetisyen-emirhan-bagkek-e1613412068668.jpg?fit=89%2C96&ssl=1"},"meta":[],"_links":{"self":[{"href":"https:\/\/annebebekkulubu.com\/blog\/wp-json\/wp\/v2\/users\/154","targetHints":{"allow":["GET"]}}],"collection":[{"href":"https:\/\/annebebekkulubu.com\/blog\/wp-json\/wp\/v2\/users"}]}}