{"id":152,"name":"Ali \u0130hsan Derinda\u011f","url":"","description":"1972 Malatya do\u011fumluyum. \u0130lk orta ve liseyi Malatya'da tamamlad\u0131m.\r\n\u00d6zellikle ortaokul y\u0131llar\u0131nda okuldan ka\u00e7t\u0131\u011f\u0131mda bisikletle bir yerlere giderdim gezmeyi do\u011fay\u0131 yeni yerler ke\u015ffetmeyi i\u00e7imdeki macerac\u0131 ruhu o y\u0131llarda fark etmi\u015ftim.\r\nAyn\u0131 zamanda i\u00e7inde i\u015f makinalar\u0131 kamyonlar t\u0131rlar olan in\u015faat ve hafriyat alan\u0131nda faaliyet g\u00f6steren aile \u015firketimizde \u00e7al\u0131\u015ft\u0131m. bazen yar\u0131m g\u00fcn okul yar\u0131m g\u00fcn i\u015f ve yaz tatillerinin tamam\u0131nda g\u00fcnlerim mekani\u011fe, ara\u00e7lara olan ilgimden hep \u015fantiyelerde, da\u011f ba\u015flar\u0131nda, sanayide ge\u00e7erdi \u00e7ok keyif al\u0131rd\u0131m ayr\u0131ca \u00e7ok \u015fey \u00f6\u011frendi\u011fim ve bug\u00fcn hala i\u015fimde kulland\u0131\u011f\u0131m beceri ve deneyimlerim o y\u0131llarda edindiklerimle yapabilmenin de ayr\u0131ca mutlulu\u011funu yas\u0131yorum.\r\n\r\nYine ortaokul-lise y\u0131llar\u0131mda d\u0131\u015f \u00fclkelerden Malatya'ya, \u00f6zellikle Nemrut Da\u011f\u0131'na \u00e7ad\u0131r, uyku tulumu, kamp malzemesi, yedek par\u00e7a, yedek lastik, y\u00fckl\u00fc enduro tarz\u0131 motorlar\u0131yla gelen turistlerin motorlar\u0131n\u0131 saatlerce inceler i\u00e7 ge\u00e7irirdim. Bir g\u00fcn ben de bunu yapmal\u0131yd\u0131m! \u0130lk olarak nemrut da\u011f\u0131na bisikletle giderek iste\u011fimi yerine getirdim. Bisikletiyle Nemrut'a giden ilk T\u00fcrk oldu\u011fumu duydu\u011fumda \u00e7ok \u015fa\u015f\u0131rm\u0131\u015ft\u0131m. Daha evvelki y\u0131llarda 2 Amerikal\u0131 turistin bisikletle Nemrut'a geldi\u011fini \u00f6\u011frendim o kadar. Fakat bunu mutlaka motorla da yapmal\u0131y\u0131m diyerek hayal kurdum. Daha sonraki y\u0131llarda bu d\u00fc\u015f\u00fcm\u00fc ve fazlas\u0131n\u0131 elbette defalarca ger\u00e7ekle\u015ftirdim.\r\n\r\n2 Y\u0131l MYO makina resim konstr\u00fcksiyon e\u011fitimi ald\u0131ktan sonra yurtd\u0131s\u0131na e\u011fitimimi devam ettirmek \u00fczere gittim 9 ay sonra hedeflerimi de\u011fi\u015ftirip \u0130stanbul'a d\u00f6n\u00fcp \u00f6zel e\u011fitim kurumu iletmeye aile \u015firketimiz ile ticaret hayat\u0131ma ba\u015flad\u0131m. Ayn\u0131 zamanda marka ileti\u015fimi b\u00f6l\u00fcm\u00fcn\u00fc bitirdim. Marka, reklam, imaj konular\u0131na fazla ilgi duyuyordum elbette i\u015fimde de \u00e7ok olumlu etkilerini g\u00f6rd\u00fcm.\r\n\r\n2000'li y\u0131llar\u0131n bas\u0131nda toplumda motora olan ilgi ufak ufak filizlenirken motosiklet e\u011fitimi alan\u0131nda kendimi geli\u015ftirip \u00fclkenin motosiklet e\u011fitimi konusunda en fazla say\u0131ya, en ileri kaliteli e\u011fitim veren kurumlar\u0131ndan biri olarak dikkatleri \u00fczerime \u00e7ekmi\u015ftim\r\nBir \u00e7ok e\u011fitim kurumuna bu anlamda dan\u0131\u015fmanl\u0131klar verdim. Bir \u00e7ok kurumsal firmaya s\u00fcr\u00fcc\u00fc de\u011ferlendirme raporu haz\u0131rlayarak dan\u0131\u015fmanl\u0131klar verdim.\r\n\r\n50cc motosikletten 80000 cc t\u0131ra otob\u00fcse kadar neredeyse t\u00fcm motorlu kara ta\u015f\u0131tlar\u0131n\u0131n gerek teorik, pratik gerek pist e\u011fitimleri verdim vermeye devam ediyorum.\r\notomobil ve motosiklet pist yar\u0131\u015f e\u011fitimleri ald\u0131m. Motosiklet enduro ve motocross s\u0131n\u0131f\u0131nda 1 y\u0131l yar\u0131\u015ft\u0131m hedefim gruplar\u0131mda ilk 3 e girebilmekti bir grupta 2. di\u011fer grupta sezonu \u015fampiyon olarak tamamlay\u0131p hedeflerimi tutturdum. Sonraki y\u0131llarda \u00f6zellikle kaza bilirki\u015fi ve onlarca ba\u015fka e\u011fitimler ve sertifikalar ald\u0131m. Bir \u00e7ok okulda \u00e7ocuklara trafik e\u011fitimleri verdim. Bir \u00e7ok \u00fcniversitede \u00fccretsiz motosiklet ve yasam k\u00fclt\u00fcr\u00fc seminerleri ve motosikleti tan\u0131tma ve uygulama e\u011fitim organizasyonlar\u0131 d\u00fczenledim. Bir \u00e7ok trafik ve \u00f6zel \u00f6\u011fretim kurumlar\u0131n\u0131n \u00e7al\u0131\u015ftaylar\u0131na kat\u0131ld\u0131m. \r\nAlan\u0131mda bir \u00e7ok ilki ba\u015flat\u0131p yasala\u015ft\u0131rmas\u0131nda ciddi katk\u0131lar\u0131m oldu. \r\n\u0130stanbul Riders, ad\u0131nda t\u00fcm d\u00fcnyadan \u00fcyelerin oldu\u011fu \u00fclkemizin en \u00f6nde gelen motosiklet grubunu kurdum ve g\u00f6n\u00fcll\u00fc olarak y\u00fczlerce sosyal etkinlikler kampanyalar d\u00fczenledik. Trafik ve yasam k\u00fclt\u00fcr\u00fc alan\u0131nda gerek g\u00f6rsel gerek yaz\u0131l\u0131 bas\u0131nda makalelerim yay\u0131nland\u0131. \r\n\r\nY\u00fczlerce motogezi ve kamp organizasyonlar\u0131 yapt\u0131m. Motosiklet Ulusal ve mahalli yar\u0131\u015flar\u0131n\u0131 y\u00f6nettim, teknik kontrol sorumlulu\u011funu \u00fcstlendim. Halen motosikletli ya\u015fam k\u00fclt\u00fcr\u00fc ve motosiklet e\u011fitimleri alan\u0131nda faaliyetlerim ve \u00e7al\u0131\u015fmalar\u0131m devam etmektedir.\r\nBenim i\u015fimin en g\u00fczel ve keyifli taraf\u0131 ya\u015fam bi\u00e7imimi i\u015fime yans\u0131tm\u0131\u015f olmam. K\u0131sacas\u0131 hobimden kazan\u0131yorum bir anlamda \u00e7al\u0131\u015fm\u0131yorum keyif yap\u0131yorum desem yanl\u0131\u015f olmaz.","link":"https:\/\/annebebekkulubu.com\/blog\/author\/aliihsanderindag\/","slug":"aliihsanderindag","avatar_urls":{"24":"https:\/\/i0.wp.com\/annebebekkulubu.com\/blog\/wp-content\/uploads\/2021\/01\/ali-ihsan-derindag-e1611425491335.jpg?fit=24%2C24&ssl=1","48":"https:\/\/i0.wp.com\/annebebekkulubu.com\/blog\/wp-content\/uploads\/2021\/01\/ali-ihsan-derindag-e1611425491335.jpg?fit=48%2C48&ssl=1","96":"https:\/\/i0.wp.com\/annebebekkulubu.com\/blog\/wp-content\/uploads\/2021\/01\/ali-ihsan-derindag-e1611425491335.jpg?fit=96%2C96&ssl=1"},"meta":[],"_links":{"self":[{"href":"https:\/\/annebebekkulubu.com\/blog\/wp-json\/wp\/v2\/users\/152","targetHints":{"allow":["GET"]}}],"collection":[{"href":"https:\/\/annebebekkulubu.com\/blog\/wp-json\/wp\/v2\/users"}]}}