{"id":4129,"count":1,"description":"","link":"https:\/\/annebebekkulubu.com\/blog\/etiket\/1-aylik-bebek-ne-siklikla-emzirilmeli\/","name":"1 ayl\u0131k bebek ne s\u0131kl\u0131kla emzirilmeli","slug":"1-aylik-bebek-ne-siklikla-emzirilmeli","taxonomy":"post_tag","meta":[],"_links":{"self":[{"href":"https:\/\/annebebekkulubu.com\/blog\/wp-json\/wp\/v2\/tags\/4129","targetHints":{"allow":["GET"]}}],"collection":[{"href":"https:\/\/annebebekkulubu.com\/blog\/wp-json\/wp\/v2\/tags"}],"about":[{"href":"https:\/\/annebebekkulubu.com\/blog\/wp-json\/wp\/v2\/taxonomies\/post_tag"}],"wp:post_type":[{"href":"https:\/\/annebebekkulubu.com\/blog\/wp-json\/wp\/v2\/posts?tags=4129"}],"curies":[{"name":"wp","href":"https:\/\/api.w.org\/{rel}","templated":true}]}}