{"id":9624,"date":"2021-01-10T21:48:13","date_gmt":"2021-01-10T18:48:13","guid":{"rendered":"https:\/\/blog.annebebekkulubu.com\/?p=9624"},"modified":"2021-01-24T21:59:27","modified_gmt":"2021-01-24T18:59:27","slug":"trendyol-alisveris-tecrubeleri-trendyoldan-nasil-alisveris-yapilir","status":"publish","type":"post","link":"https:\/\/annebebekkulubu.com\/blog\/trendyol-alisveris-tecrubeleri-trendyoldan-nasil-alisveris-yapilir\/","title":{"rendered":"Trendyol al\u0131\u015fveri\u015f tecr\u00fcbeleri: Trendyol\u2019dan nas\u0131l al\u0131\u015fveri\u015f yap\u0131l\u0131r?"},"content":{"rendered":"<div id=\"ez-toc-container\" class=\"ez-toc-v2_0_82_2 counter-hierarchy ez-toc-counter ez-toc-light-blue ez-toc-container-direction\">\n<p class=\"ez-toc-title\" style=\"cursor:inherit\">Yaz\u0131 \u0130\u00e7eri\u011fi<\/p>\n<label for=\"ez-toc-cssicon-toggle-item-69f7233f844f2\" class=\"ez-toc-cssicon-toggle-label\"><span class=\"\"><span class=\"eztoc-hide\" style=\"display:none;\">Toggle<\/span><span class=\"ez-toc-icon-toggle-span\"><svg style=\"fill: #999;color:#999\" xmlns=\"http:\/\/www.w3.org\/2000\/svg\" class=\"list-377408\" width=\"20px\" height=\"20px\" viewBox=\"0 0 24 24\" fill=\"none\"><path d=\"M6 6H4v2h2V6zm14 0H8v2h12V6zM4 11h2v2H4v-2zm16 0H8v2h12v-2zM4 16h2v2H4v-2zm16 0H8v2h12v-2z\" fill=\"currentColor\"><\/path><\/svg><svg style=\"fill: #999;color:#999\" class=\"arrow-unsorted-368013\" xmlns=\"http:\/\/www.w3.org\/2000\/svg\" width=\"10px\" height=\"10px\" viewBox=\"0 0 24 24\" version=\"1.2\" baseProfile=\"tiny\"><path d=\"M18.2 9.3l-6.2-6.3-6.2 6.3c-.2.2-.3.4-.3.7s.1.5.3.7c.2.2.4.3.7.3h11c.3 0 .5-.1.7-.3.2-.2.3-.5.3-.7s-.1-.5-.3-.7zM5.8 14.7l6.2 6.3 6.2-6.3c.2-.2.3-.5.3-.7s-.1-.5-.3-.7c-.2-.2-.4-.3-.7-.3h-11c-.3 0-.5.1-.7.3-.2.2-.3.5-.3.7s.1.5.3.7z\"\/><\/svg><\/span><\/span><\/label><input type=\"checkbox\"  id=\"ez-toc-cssicon-toggle-item-69f7233f844f2\"  aria-label=\"A\u00e7\/Kapat\" \/><nav><ul class='ez-toc-list ez-toc-list-level-1 ' ><li class='ez-toc-page-1 ez-toc-heading-level-2'><a class=\"ez-toc-link ez-toc-heading-1\" href=\"https:\/\/annebebekkulubu.com\/blog\/trendyol-alisveris-tecrubeleri-trendyoldan-nasil-alisveris-yapilir\/#Trendyolda_alisveris_yapmak_guvenli_mi\" >Trendyol\u2019da al\u0131\u015fveri\u015f yapmak g\u00fcvenli mi?<\/a><\/li><li class='ez-toc-page-1 ez-toc-heading-level-2'><a class=\"ez-toc-link ez-toc-heading-2\" href=\"https:\/\/annebebekkulubu.com\/blog\/trendyol-alisveris-tecrubeleri-trendyoldan-nasil-alisveris-yapilir\/#Trendyol_alisveris_tecrubelerim_ve_yorumlarim\" >Trendyol al\u0131\u015fveri\u015f tecr\u00fcbelerim ve yorumlar\u0131m\u00a0<\/a><\/li><li class='ez-toc-page-1 ez-toc-heading-level-2'><a class=\"ez-toc-link ez-toc-heading-3\" href=\"https:\/\/annebebekkulubu.com\/blog\/trendyol-alisveris-tecrubeleri-trendyoldan-nasil-alisveris-yapilir\/#Homefestodan_defolu_perde\" >Homefesto\u2019dan defolu perde<\/a><\/li><li class='ez-toc-page-1 ez-toc-heading-level-2'><a class=\"ez-toc-link ez-toc-heading-4\" href=\"https:\/\/annebebekkulubu.com\/blog\/trendyol-alisveris-tecrubeleri-trendyoldan-nasil-alisveris-yapilir\/#Homefestodan_yanlis_perde\" >Homefesto\u2019dan yanl\u0131\u015f perde\u00a0<\/a><\/li><li class='ez-toc-page-1 ez-toc-heading-level-2'><a class=\"ez-toc-link ez-toc-heading-5\" href=\"https:\/\/annebebekkulubu.com\/blog\/trendyol-alisveris-tecrubeleri-trendyoldan-nasil-alisveris-yapilir\/#Home_color_home_%E2%80%93_Petek_kadife_dokulu_fon_perde\" >Home color home &#8211;\u00a0 Petek kadife dokulu fon perde\u00a0<\/a><\/li><li class='ez-toc-page-1 ez-toc-heading-level-2'><a class=\"ez-toc-link ez-toc-heading-6\" href=\"https:\/\/annebebekkulubu.com\/blog\/trendyol-alisveris-tecrubeleri-trendyoldan-nasil-alisveris-yapilir\/#Kirik_sehpa\" >K\u0131r\u0131k sehpa\u00a0<\/a><\/li><li class='ez-toc-page-1 ez-toc-heading-level-2'><a class=\"ez-toc-link ez-toc-heading-7\" href=\"https:\/\/annebebekkulubu.com\/blog\/trendyol-alisveris-tecrubeleri-trendyoldan-nasil-alisveris-yapilir\/#Kirik_kirli_sepeti\" >K\u0131r\u0131k kirli sepeti\u00a0<\/a><\/li><li class='ez-toc-page-1 ez-toc-heading-level-2'><a class=\"ez-toc-link ez-toc-heading-8\" href=\"https:\/\/annebebekkulubu.com\/blog\/trendyol-alisveris-tecrubeleri-trendyoldan-nasil-alisveris-yapilir\/#English_Home_katlanabilir_kirli_sepeti\" >English Home katlanabilir kirli sepeti<\/a><\/li><li class='ez-toc-page-1 ez-toc-heading-level-2'><a class=\"ez-toc-link ez-toc-heading-9\" href=\"https:\/\/annebebekkulubu.com\/blog\/trendyol-alisveris-tecrubeleri-trendyoldan-nasil-alisveris-yapilir\/#Kalitesi_dusuk_ahsap_cicek_organizeri\" >Kalitesi d\u00fc\u015f\u00fck ah\u015fap \u00e7i\u00e7ek organizeri\u00a0<\/a><\/li><li class='ez-toc-page-1 ez-toc-heading-level-2'><a class=\"ez-toc-link ez-toc-heading-10\" href=\"https:\/\/annebebekkulubu.com\/blog\/trendyol-alisveris-tecrubeleri-trendyoldan-nasil-alisveris-yapilir\/#Evony_cerrahi_maske_yorumu\" >Evony cerrahi maske yorumu<\/a><\/li><li class='ez-toc-page-1 ez-toc-heading-level-2'><a class=\"ez-toc-link ez-toc-heading-11\" href=\"https:\/\/annebebekkulubu.com\/blog\/trendyol-alisveris-tecrubeleri-trendyoldan-nasil-alisveris-yapilir\/#Kalitesiz_ve_soluk_baskili_Karaca_Very_Berry_2_kisilik_kahvalti_seti\" >Kalitesiz ve soluk bask\u0131l\u0131 Karaca Very Berry 2 ki\u015filik kahvalt\u0131 seti\u00a0<\/a><\/li><li class='ez-toc-page-1 ez-toc-heading-level-2'><a class=\"ez-toc-link ez-toc-heading-12\" href=\"https:\/\/annebebekkulubu.com\/blog\/trendyol-alisveris-tecrubeleri-trendyoldan-nasil-alisveris-yapilir\/#Trendyol_alisveris_iadeleri_yasanan_sorunlar_ve_alisveris_yorumlarim\" >Trendyol al\u0131\u015fveri\u015f iadeleri, ya\u015fanan sorunlar ve al\u0131\u015fveri\u015f yorumlar\u0131m<\/a><\/li><li class='ez-toc-page-1 ez-toc-heading-level-2'><a class=\"ez-toc-link ez-toc-heading-13\" href=\"https:\/\/annebebekkulubu.com\/blog\/trendyol-alisveris-tecrubeleri-trendyoldan-nasil-alisveris-yapilir\/#Trendyol_kargolari_icin_alisveris_tuyolari\" >Trendyol kargolar\u0131 i\u00e7in al\u0131\u015fveri\u015f t\u00fcyolar\u0131<\/a><\/li><li class='ez-toc-page-1 ez-toc-heading-level-2'><a class=\"ez-toc-link ez-toc-heading-14\" href=\"https:\/\/annebebekkulubu.com\/blog\/trendyol-alisveris-tecrubeleri-trendyoldan-nasil-alisveris-yapilir\/#Trendyol_ceyiz_alisverisi\" >Trendyol \u00e7eyiz al\u0131\u015fveri\u015fi<\/a><\/li><li class='ez-toc-page-1 ez-toc-heading-level-2'><a class=\"ez-toc-link ez-toc-heading-15\" href=\"https:\/\/annebebekkulubu.com\/blog\/trendyol-alisveris-tecrubeleri-trendyoldan-nasil-alisveris-yapilir\/#Trendyolda_sahte_urun_veya_ikinci_kalite_urun_mu_satiliyor\" >Trendyol\u2019da sahte \u00fcr\u00fcn veya ikinci kalite \u00fcr\u00fcn m\u00fc sat\u0131l\u0131yor?\u00a0<\/a><\/li><li class='ez-toc-page-1 ez-toc-heading-level-2'><a class=\"ez-toc-link ez-toc-heading-16\" href=\"https:\/\/annebebekkulubu.com\/blog\/trendyol-alisveris-tecrubeleri-trendyoldan-nasil-alisveris-yapilir\/#Trendyol_bizi_alisveris_bagimlisi_mi_yapti\" >Trendyol bizi al\u0131\u015fveri\u015f ba\u011f\u0131ml\u0131s\u0131 m\u0131 yapt\u0131?\u00a0<\/a><\/li><li class='ez-toc-page-1 ez-toc-heading-level-2'><a class=\"ez-toc-link ez-toc-heading-17\" href=\"https:\/\/annebebekkulubu.com\/blog\/trendyol-alisveris-tecrubeleri-trendyoldan-nasil-alisveris-yapilir\/#Gida_alisverisi_icin_en_iyi_alisveris_sitesi_ve_uygulamalar\" >G\u0131da al\u0131\u015fveri\u015fi i\u00e7in en iyi al\u0131\u015fveri\u015f sitesi ve uygulamalar\u00a0<\/a><\/li><\/ul><\/nav><\/div>\n<p><b>Trendyol\u2019dan nas\u0131l al\u0131\u015fveri\u015f yap\u0131l\u0131r?<\/b> Trendyol&#8217;dan al\u0131\u015fveri\u015f yapmak g\u00fcvenli mi? Trendyol&#8217;da avantajl\u0131 al\u0131\u015fveri\u015f nas\u0131l yap\u0131l\u0131r? Kargo sorunlar\u0131 ve hasarl\u0131 \u00fcr\u00fcnlerle ilgili yapman\u0131z gerekenler nelerdir? Trendyol al\u0131\u015fveri\u015fleri ile ilgili s\u0131k ya\u015fanan sorunlar ve \u00e7\u00f6z\u00fcm yollar\u0131n\u0131 sizler i\u00e7in yazd\u0131m. \u0130\u015fte<strong> Trendyol al\u0131\u015fveri\u015f tecr\u00fcbeleri ve yorumlar\u0131m<\/strong>!..<\/p>\n<figure id=\"attachment_9628\" aria-describedby=\"caption-attachment-9628\" style=\"width: 626px\" class=\"wp-caption alignnone\"><img decoding=\"async\" class=\"size-full wp-image-9628\" src=\"https:\/\/i0.wp.com\/annebebekkulubu.com\/blog\/wp-content\/uploads\/2021\/01\/trendyol-alisveris-guvenli-mi.jpg?resize=626%2C417&#038;ssl=1\" alt=\"Trendyol'dan al\u0131\u015fveri\u015f yapmak g\u00fcvenli mi?\" width=\"626\" height=\"417\" srcset=\"https:\/\/i0.wp.com\/annebebekkulubu.com\/blog\/wp-content\/uploads\/2021\/01\/trendyol-alisveris-guvenli-mi.jpg?w=626&amp;ssl=1 626w, https:\/\/i0.wp.com\/annebebekkulubu.com\/blog\/wp-content\/uploads\/2021\/01\/trendyol-alisveris-guvenli-mi.jpg?resize=300%2C200&amp;ssl=1 300w\" sizes=\"(max-width: 626px) 100vw, 626px\" data-recalc-dims=\"1\" \/><figcaption id=\"caption-attachment-9628\" class=\"wp-caption-text\">Trendyol&#8217;dan al\u0131\u015fveri\u015f yapmak g\u00fcvenli mi?<\/figcaption><\/figure>\n<h2><span class=\"ez-toc-section\" id=\"Trendyolda_alisveris_yapmak_guvenli_mi\"><\/span><b>Trendyol\u2019da al\u0131\u015fveri\u015f yapmak g\u00fcvenli mi?<\/b><span class=\"ez-toc-section-end\"><\/span><\/h2>\n<p><span style=\"font-weight: 400;\">Bug\u00fcnlerde evimi yeniliyorum ve\u00a0 g\u00fcn\u00fcm\u00fcn b\u00fcy\u00fck bir vakti internetten al\u0131\u015fveri\u015f yapmak, gelen kargolar\u0131 almak ve be\u011fenmedi\u011fin \u00fcr\u00fcnleri kargo \u015fubesine gidip iade etmekle ge\u00e7iyor. Kendi kendime s\u00f6ylenip duruyorum. \u0130nternetten al\u0131\u015fveri\u015f neden yap\u0131yorum? Hani zamandan tasarruf edecektim? Hani evimi kolayca yenileyecektim? Vb. bir s\u00fcr\u00fc pi\u015fmanl\u0131k i\u00e7eren \u015fikayetler&#8230;<br \/>\n<\/span><\/p>\n<p><span style=\"font-weight: 400;\">Trendyol&#8217;u ilk y\u0131llar\u0131nda be\u011fenerek takip ediyordum ve moda alan\u0131nda olu\u015fturduklar\u0131 ba\u015far\u0131l\u0131 \u00e7izgilerini de takdir ediyordum. Ancak kontrols\u00fcz ve sald\u0131rgan b\u00fcy\u00fcme stratejisi Trendyol&#8217;dan beni her ge\u00e7en g\u00fcn daha fazla so\u011futuyor. <strong>Televizyonda, internet sitelerinde, sosyal medyada, k\u0131sacas\u0131 her yerde Trendyol var. Bu kadar reklam\u0131n sonucu;<\/strong> sat\u0131n ald\u0131\u011f\u0131n\u0131z 10 \u00fcr\u00fcn\u00fcn 9&#8217;u iade! Bu nedenle kargoda gece 11&#8217;e kadar \u00e7al\u0131\u015f\u0131yor ve \u015fube \u00f6nlerinde uzun iade kuyruklar\u0131 olu\u015fuyor. \u00dcstelik kargo \u00e7al\u0131\u015fanlar\u0131n\u0131n bu kadar eme\u011finin ve uzun \u00e7al\u0131\u015fma saatlerinin kar\u015f\u0131l\u0131\u011f\u0131 ise s\u00f6ylediklerine g\u00f6re standart maa\u015f. Bunca reklam\u0131n sonucunda ise t\u00fcketicinin elimde kalan ise k\u0131r\u0131k, hasarl\u0131, kalitesiz ve defolu \u00fcr\u00fcnler!\u00a0 Trendyol bu durumu en k\u0131sa s\u00fcrede d\u00fczeltmezse nefret edilen markalar s\u0131ralamas\u0131nda 1 numarada yer alacak.\u00a0<\/span><\/p>\n<h2><span class=\"ez-toc-section\" id=\"Trendyol_alisveris_tecrubelerim_ve_yorumlarim\"><\/span><strong>Trendyol al\u0131\u015fveri\u015f tecr\u00fcbelerim ve yorumlar\u0131m\u00a0<\/strong><span class=\"ez-toc-section-end\"><\/span><\/h2>\n<p><span style=\"font-weight: 400;\">Gelelim Trendyol\u2019dan sat\u0131n ald\u0131\u011f\u0131m \u00fcr\u00fcnlere ve al\u0131\u015fveri\u015f tecr\u00fcbelerime&#8230;<br \/>\n<\/span><\/p>\n<figure id=\"attachment_9630\" aria-describedby=\"caption-attachment-9630\" style=\"width: 1200px\" class=\"wp-caption alignnone\"><img decoding=\"async\" class=\"size-full wp-image-9630\" src=\"https:\/\/i0.wp.com\/annebebekkulubu.com\/blog\/wp-content\/uploads\/2021\/01\/homefesto-dekoratif-perde.jpg?resize=696%2C1044&#038;ssl=1\" alt=\"Trendyol - Homefesto dekoratif perde\" width=\"696\" height=\"1044\" srcset=\"https:\/\/i0.wp.com\/annebebekkulubu.com\/blog\/wp-content\/uploads\/2021\/01\/homefesto-dekoratif-perde.jpg?w=1200&amp;ssl=1 1200w, https:\/\/i0.wp.com\/annebebekkulubu.com\/blog\/wp-content\/uploads\/2021\/01\/homefesto-dekoratif-perde.jpg?resize=200%2C300&amp;ssl=1 200w, https:\/\/i0.wp.com\/annebebekkulubu.com\/blog\/wp-content\/uploads\/2021\/01\/homefesto-dekoratif-perde.jpg?resize=683%2C1024&amp;ssl=1 683w, https:\/\/i0.wp.com\/annebebekkulubu.com\/blog\/wp-content\/uploads\/2021\/01\/homefesto-dekoratif-perde.jpg?resize=768%2C1152&amp;ssl=1 768w, https:\/\/i0.wp.com\/annebebekkulubu.com\/blog\/wp-content\/uploads\/2021\/01\/homefesto-dekoratif-perde.jpg?resize=1024%2C1536&amp;ssl=1 1024w, https:\/\/i0.wp.com\/annebebekkulubu.com\/blog\/wp-content\/uploads\/2021\/01\/homefesto-dekoratif-perde.jpg?resize=696%2C1044&amp;ssl=1 696w, https:\/\/i0.wp.com\/annebebekkulubu.com\/blog\/wp-content\/uploads\/2021\/01\/homefesto-dekoratif-perde.jpg?resize=1068%2C1602&amp;ssl=1 1068w\" sizes=\"(max-width: 696px) 100vw, 696px\" data-recalc-dims=\"1\" \/><figcaption id=\"caption-attachment-9630\" class=\"wp-caption-text\">Trendyol &#8211; Homefesto dekoratif perde<\/figcaption><\/figure>\n<h2><span class=\"ez-toc-section\" id=\"Homefestodan_defolu_perde\"><\/span><strong>Homefesto\u2019dan defolu perde<\/strong><span class=\"ez-toc-section-end\"><\/span><\/h2>\n<p>Bu perdeyi \u00e7ok be\u011fenerek sipari\u015f etmi\u015ftim. Perdem elime ula\u015f\u0131nca hemen d\u00fc\u011fmelerini dikip ast\u0131m. Bir de ne g\u00f6reyim! Perdenin sa\u011f kanad\u0131nda iki tane fark edilir beyaz leke g\u00f6rd\u00fcm. Trendyol M\u00fc\u015fteri Hizmetleri&#8217;ni arad\u0131m ve perdeyi iade etmek istedi\u011fimi s\u00f6yledim. Sorun benden kaynaklanmad\u0131\u011f\u0131 ve a\u00e7\u0131k\u00e7a g\u00f6r\u00fcld\u00fc\u011f\u00fc i\u00e7in iade s\u00fcrecim sorunsuz ger\u00e7ekle\u015fti.<\/p>\n<figure id=\"attachment_9631\" aria-describedby=\"caption-attachment-9631\" style=\"width: 1200px\" class=\"wp-caption alignnone\"><img decoding=\"async\" class=\"wp-image-9631 size-full\" src=\"https:\/\/i0.wp.com\/annebebekkulubu.com\/blog\/wp-content\/uploads\/2021\/01\/homefesto-dekoratif-ozel-tasarim-perde-e1610305250431.jpg?resize=696%2C564&#038;ssl=1\" alt=\"Homefesto dekoratif \u00f6zel tasar\u0131m perde\" width=\"696\" height=\"564\" srcset=\"https:\/\/i0.wp.com\/annebebekkulubu.com\/blog\/wp-content\/uploads\/2021\/01\/homefesto-dekoratif-ozel-tasarim-perde-e1610305250431.jpg?w=1200&amp;ssl=1 1200w, https:\/\/i0.wp.com\/annebebekkulubu.com\/blog\/wp-content\/uploads\/2021\/01\/homefesto-dekoratif-ozel-tasarim-perde-e1610305250431.jpg?resize=300%2C243&amp;ssl=1 300w, https:\/\/i0.wp.com\/annebebekkulubu.com\/blog\/wp-content\/uploads\/2021\/01\/homefesto-dekoratif-ozel-tasarim-perde-e1610305250431.jpg?resize=1024%2C829&amp;ssl=1 1024w, https:\/\/i0.wp.com\/annebebekkulubu.com\/blog\/wp-content\/uploads\/2021\/01\/homefesto-dekoratif-ozel-tasarim-perde-e1610305250431.jpg?resize=768%2C622&amp;ssl=1 768w, https:\/\/i0.wp.com\/annebebekkulubu.com\/blog\/wp-content\/uploads\/2021\/01\/homefesto-dekoratif-ozel-tasarim-perde-e1610305250431.jpg?resize=696%2C564&amp;ssl=1 696w, https:\/\/i0.wp.com\/annebebekkulubu.com\/blog\/wp-content\/uploads\/2021\/01\/homefesto-dekoratif-ozel-tasarim-perde-e1610305250431.jpg?resize=1068%2C865&amp;ssl=1 1068w\" sizes=\"(max-width: 696px) 100vw, 696px\" data-recalc-dims=\"1\" \/><figcaption id=\"caption-attachment-9631\" class=\"wp-caption-text\">Homefesto dekoratif \u00f6zel tasar\u0131m perde<\/figcaption><\/figure>\n<h2><span class=\"ez-toc-section\" id=\"Homefestodan_yanlis_perde\"><\/span><strong>Homefesto\u2019dan yanl\u0131\u015f perde\u00a0<\/strong><span class=\"ez-toc-section-end\"><\/span><\/h2>\n<p>\u00d6zel tasar\u0131m bu perdeleri giyinme odam i\u00e7in be\u011fenerek sipari\u015f ettim. Ancak bu perdenin de sol kanad\u0131 yanl\u0131\u015f gelmi\u015f. Y\u0131l sonu yo\u011funlu\u011fu ve neredeyse ald\u0131\u011f\u0131m her \u015fey defolu \u00e7\u0131kt\u0131\u011f\u0131 i\u00e7in iade i\u00e7in hen\u00fcz bu perdeye s\u0131ra gelmedi! Perde sat\u0131n alacaklara tavsiye perdeye d\u00fc\u011fmelerini dikmeden \u00f6nce yere serip, defosu olup olmad\u0131\u011f\u0131n\u0131 kontrol etmeniz. Nitekim e\u011fer perdenizi defosu oldu\u011fu halde kullan\u0131rsan\u0131z iade konusunda sorun ya\u015fayabilirsiniz.<\/p>\n<p><strong>Edit 1:<\/strong> Perdeyi yakla\u015f\u0131k bir ay \u00f6nce sat\u0131n alm\u0131\u015ft\u0131m ve ald\u0131\u011f\u0131m \u00fcr\u00fcnlerin bir\u00e7o\u011funun\u00a0 defolu veya hatal\u0131 gelmesi moralimi olduk\u00e7a bozmu\u015ftu. O y\u00fczden perdeyi iade etmek i\u00e7in Trendyol&#8217;u aramaya bile \u00fc\u015fendim ve aradan bir ay gibi bir s\u00fcre ge\u00e7ti.\u00a0 Neyse ki daha fazla s\u00fcre uzamadan akl\u0131m ba\u015f\u0131ma geldi ve <strong>Trendyol Asistan<\/strong> \u00fczerinden m\u00fc\u015fteri hizmetleri ile ileti\u015fime ge\u00e7tim. Sa\u011folsunlar son derece ilgili davrand\u0131lar ve bir iki g\u00fcn sonra perdemin do\u011fru par\u00e7as\u0131 elime ula\u015ft\u0131. \u015euanda giyinme odamda perdemi keyifle kullan\u0131yorum. Homefesto&#8217;ya da ayr\u0131ca te\u015fekk\u00fcr ederim.<\/p>\n<figure id=\"attachment_9792\" aria-describedby=\"caption-attachment-9792\" style=\"width: 1200px\" class=\"wp-caption alignnone\"><img decoding=\"async\" class=\"size-full wp-image-9792\" src=\"https:\/\/i0.wp.com\/annebebekkulubu.com\/blog\/wp-content\/uploads\/2021\/01\/home-color-home-Petek-Kadife-Dokulu-Fon-Perde.jpg?resize=696%2C1044&#038;ssl=1\" alt=\"Home color home Petek Kadife Dokulu Fon Perde\" width=\"696\" height=\"1044\" srcset=\"https:\/\/i0.wp.com\/annebebekkulubu.com\/blog\/wp-content\/uploads\/2021\/01\/home-color-home-Petek-Kadife-Dokulu-Fon-Perde.jpg?w=1200&amp;ssl=1 1200w, https:\/\/i0.wp.com\/annebebekkulubu.com\/blog\/wp-content\/uploads\/2021\/01\/home-color-home-Petek-Kadife-Dokulu-Fon-Perde.jpg?resize=200%2C300&amp;ssl=1 200w, https:\/\/i0.wp.com\/annebebekkulubu.com\/blog\/wp-content\/uploads\/2021\/01\/home-color-home-Petek-Kadife-Dokulu-Fon-Perde.jpg?resize=683%2C1024&amp;ssl=1 683w, https:\/\/i0.wp.com\/annebebekkulubu.com\/blog\/wp-content\/uploads\/2021\/01\/home-color-home-Petek-Kadife-Dokulu-Fon-Perde.jpg?resize=768%2C1152&amp;ssl=1 768w, https:\/\/i0.wp.com\/annebebekkulubu.com\/blog\/wp-content\/uploads\/2021\/01\/home-color-home-Petek-Kadife-Dokulu-Fon-Perde.jpg?resize=1024%2C1536&amp;ssl=1 1024w, https:\/\/i0.wp.com\/annebebekkulubu.com\/blog\/wp-content\/uploads\/2021\/01\/home-color-home-Petek-Kadife-Dokulu-Fon-Perde.jpg?resize=696%2C1044&amp;ssl=1 696w, https:\/\/i0.wp.com\/annebebekkulubu.com\/blog\/wp-content\/uploads\/2021\/01\/home-color-home-Petek-Kadife-Dokulu-Fon-Perde.jpg?resize=1068%2C1602&amp;ssl=1 1068w\" sizes=\"(max-width: 696px) 100vw, 696px\" data-recalc-dims=\"1\" \/><figcaption id=\"caption-attachment-9792\" class=\"wp-caption-text\">Home color home Petek Kadife Dokulu Fon Perde<\/figcaption><\/figure>\n<h2><span class=\"ez-toc-section\" id=\"Home_color_home_%E2%80%93_Petek_kadife_dokulu_fon_perde\"><\/span><strong>Home color home &#8211;\u00a0 Petek kadife dokulu fon perde\u00a0<\/strong><span class=\"ez-toc-section-end\"><\/span><\/h2>\n<p>Ye\u015fil renkte ki bu perdeyi yatak odam i\u00e7in sat\u0131n ald\u0131m ve gayet memnun kald\u0131m. Kadife dokulu, yumu\u015fac\u0131k bir perde. Sadece biraz ince ama \u00e7ok sorun de\u011fil. Perdelerin d\u00fc\u011fmesi de dikilmi\u015f geliyor.\u00a0 Yatak odas\u0131nda da olduk\u00e7a \u015f\u0131k duruyor. Ayn\u0131 butikten salonum i\u00e7in de bir perde sipari\u015f edece\u011fim.<\/p>\n<figure id=\"attachment_9633\" aria-describedby=\"caption-attachment-9633\" style=\"width: 1200px\" class=\"wp-caption alignnone\"><img decoding=\"async\" class=\"wp-image-9633 size-full\" src=\"https:\/\/i0.wp.com\/annebebekkulubu.com\/blog\/wp-content\/uploads\/2021\/01\/trendyol-monte-sehpa-e1610306191403.jpeg?resize=696%2C992&#038;ssl=1\" alt=\"Trendyol Monte Sehpa Roma 3'l\u00fc Zigonsehpa\" width=\"696\" height=\"992\" srcset=\"https:\/\/i0.wp.com\/annebebekkulubu.com\/blog\/wp-content\/uploads\/2021\/01\/trendyol-monte-sehpa-e1610306191403.jpeg?w=1200&amp;ssl=1 1200w, https:\/\/i0.wp.com\/annebebekkulubu.com\/blog\/wp-content\/uploads\/2021\/01\/trendyol-monte-sehpa-e1610306191403.jpeg?resize=211%2C300&amp;ssl=1 211w, https:\/\/i0.wp.com\/annebebekkulubu.com\/blog\/wp-content\/uploads\/2021\/01\/trendyol-monte-sehpa-e1610306191403.jpeg?resize=719%2C1024&amp;ssl=1 719w, https:\/\/i0.wp.com\/annebebekkulubu.com\/blog\/wp-content\/uploads\/2021\/01\/trendyol-monte-sehpa-e1610306191403.jpeg?resize=768%2C1094&amp;ssl=1 768w, https:\/\/i0.wp.com\/annebebekkulubu.com\/blog\/wp-content\/uploads\/2021\/01\/trendyol-monte-sehpa-e1610306191403.jpeg?resize=1078%2C1536&amp;ssl=1 1078w, https:\/\/i0.wp.com\/annebebekkulubu.com\/blog\/wp-content\/uploads\/2021\/01\/trendyol-monte-sehpa-e1610306191403.jpeg?resize=696%2C992&amp;ssl=1 696w, https:\/\/i0.wp.com\/annebebekkulubu.com\/blog\/wp-content\/uploads\/2021\/01\/trendyol-monte-sehpa-e1610306191403.jpeg?resize=1068%2C1522&amp;ssl=1 1068w\" sizes=\"(max-width: 696px) 100vw, 696px\" data-recalc-dims=\"1\" \/><figcaption id=\"caption-attachment-9633\" class=\"wp-caption-text\">Trendyol Monte Sehpa Roma 3&#8217;l\u00fc Zigonsehpa<\/figcaption><\/figure>\n<h2><span class=\"ez-toc-section\" id=\"Kirik_sehpa\"><\/span><strong>K\u0131r\u0131k sehpa\u00a0<\/strong><span class=\"ez-toc-section-end\"><\/span><\/h2>\n<p>Dekoratif ve olduk\u00e7a ho\u015f g\u00f6r\u00fcnen bir zigon sehpa. Ancak foto\u011fraftakiyle elime ula\u015fan \u00fcr\u00fcn aras\u0131nda ciddi bir kalite fark\u0131 var. Ayn\u0131 ah\u015fap de\u011fil bir kere. Bir de kenar\u0131nda kaplamas\u0131 \u00e7\u0131km\u0131\u015f ve k\u00fc\u00e7\u00fck bir k\u0131r\u0131k vard\u0131. Ate\u015fle yap\u0131\u015ft\u0131rd\u0131 arkada\u015f\u0131m. G\u00f6ndermeye \u00fc\u015fendi\u011fim i\u00e7in \u015fu anda kullan\u0131yorum.<\/p>\n<figure id=\"attachment_9636\" aria-describedby=\"caption-attachment-9636\" style=\"width: 1200px\" class=\"wp-caption alignnone\"><img decoding=\"async\" class=\"size-full wp-image-9636\" src=\"https:\/\/i0.wp.com\/annebebekkulubu.com\/blog\/wp-content\/uploads\/2021\/01\/trendyol-kirli-sepeti-e1610306741216.jpg?resize=696%2C689&#038;ssl=1\" alt=\"Trendyol kirli \u00e7ama\u015f\u0131r sepeti\" width=\"696\" height=\"689\" srcset=\"https:\/\/i0.wp.com\/annebebekkulubu.com\/blog\/wp-content\/uploads\/2021\/01\/trendyol-kirli-sepeti-e1610306741216.jpg?w=1200&amp;ssl=1 1200w, https:\/\/i0.wp.com\/annebebekkulubu.com\/blog\/wp-content\/uploads\/2021\/01\/trendyol-kirli-sepeti-e1610306741216.jpg?resize=300%2C297&amp;ssl=1 300w, https:\/\/i0.wp.com\/annebebekkulubu.com\/blog\/wp-content\/uploads\/2021\/01\/trendyol-kirli-sepeti-e1610306741216.jpg?resize=1024%2C1014&amp;ssl=1 1024w, https:\/\/i0.wp.com\/annebebekkulubu.com\/blog\/wp-content\/uploads\/2021\/01\/trendyol-kirli-sepeti-e1610306741216.jpg?resize=150%2C150&amp;ssl=1 150w, https:\/\/i0.wp.com\/annebebekkulubu.com\/blog\/wp-content\/uploads\/2021\/01\/trendyol-kirli-sepeti-e1610306741216.jpg?resize=768%2C760&amp;ssl=1 768w, https:\/\/i0.wp.com\/annebebekkulubu.com\/blog\/wp-content\/uploads\/2021\/01\/trendyol-kirli-sepeti-e1610306741216.jpg?resize=696%2C689&amp;ssl=1 696w, https:\/\/i0.wp.com\/annebebekkulubu.com\/blog\/wp-content\/uploads\/2021\/01\/trendyol-kirli-sepeti-e1610306741216.jpg?resize=1068%2C1057&amp;ssl=1 1068w\" sizes=\"(max-width: 696px) 100vw, 696px\" data-recalc-dims=\"1\" \/><figcaption id=\"caption-attachment-9636\" class=\"wp-caption-text\">Trendyol kirli \u00e7ama\u015f\u0131r sepeti<\/figcaption><\/figure>\n<h2><span class=\"ez-toc-section\" id=\"Kirik_kirli_sepeti\"><\/span><strong>K\u0131r\u0131k kirli sepeti\u00a0<\/strong><span class=\"ez-toc-section-end\"><\/span><\/h2>\n<p>Banyom i\u00e7in bu kirli sepeti ve \u00e7ama\u015f\u0131r sepetini sat\u0131n ald\u0131m. Sepet sert ve k\u0131r\u0131labilir bir malzemeden yap\u0131lm\u0131\u015f. Kargoya da korunaks\u0131z bir \u015fekilde verildi\u011fi i\u00e7in sepetin kapa\u011f\u0131 kargoda k\u0131r\u0131lm\u0131\u015f. <strong>Trendyol Asistan<\/strong>&#8216;a sepetin k\u0131r\u0131k foto\u011fraflar\u0131n\u0131 g\u00f6nderdim ve iade i\u00e7in bizde haber bekleyin cevab\u0131n\u0131 ald\u0131m. Trendyol&#8217;dan haber beklerken firma yeni bir kapak g\u00f6ndermi\u015f. Ancak sepette de k\u0131r\u0131k oldu\u011fu i\u00e7in yar\u0131n kargoyla iadeye g\u00f6nderiyorum.<\/p>\n<figure id=\"attachment_9798\" aria-describedby=\"caption-attachment-9798\" style=\"width: 1200px\" class=\"wp-caption alignnone\"><img decoding=\"async\" class=\"wp-image-9798 size-full\" src=\"https:\/\/i0.wp.com\/annebebekkulubu.com\/blog\/wp-content\/uploads\/2021\/01\/english-home-katlanabilir-kirli-sepeti-yorumlari-e1611512207145.jpg?resize=696%2C522&#038;ssl=1\" alt=\"English Home katlanabilir kirli sepeti yorumlar\u0131\" width=\"696\" height=\"522\" srcset=\"https:\/\/i0.wp.com\/annebebekkulubu.com\/blog\/wp-content\/uploads\/2021\/01\/english-home-katlanabilir-kirli-sepeti-yorumlari-e1611512207145.jpg?w=1200&amp;ssl=1 1200w, https:\/\/i0.wp.com\/annebebekkulubu.com\/blog\/wp-content\/uploads\/2021\/01\/english-home-katlanabilir-kirli-sepeti-yorumlari-e1611512207145.jpg?resize=300%2C225&amp;ssl=1 300w, https:\/\/i0.wp.com\/annebebekkulubu.com\/blog\/wp-content\/uploads\/2021\/01\/english-home-katlanabilir-kirli-sepeti-yorumlari-e1611512207145.jpg?resize=1024%2C768&amp;ssl=1 1024w, https:\/\/i0.wp.com\/annebebekkulubu.com\/blog\/wp-content\/uploads\/2021\/01\/english-home-katlanabilir-kirli-sepeti-yorumlari-e1611512207145.jpg?resize=768%2C576&amp;ssl=1 768w, https:\/\/i0.wp.com\/annebebekkulubu.com\/blog\/wp-content\/uploads\/2021\/01\/english-home-katlanabilir-kirli-sepeti-yorumlari-e1611512207145.jpg?resize=696%2C522&amp;ssl=1 696w, https:\/\/i0.wp.com\/annebebekkulubu.com\/blog\/wp-content\/uploads\/2021\/01\/english-home-katlanabilir-kirli-sepeti-yorumlari-e1611512207145.jpg?resize=1068%2C801&amp;ssl=1 1068w\" sizes=\"(max-width: 696px) 100vw, 696px\" data-recalc-dims=\"1\" \/><figcaption id=\"caption-attachment-9798\" class=\"wp-caption-text\">English Home katlanabilir kirli sepeti yorumlar\u0131<\/figcaption><\/figure>\n<h2><span class=\"ez-toc-section\" id=\"English_Home_katlanabilir_kirli_sepeti\"><\/span><strong>English Home katlanabilir kirli sepeti<\/strong><span class=\"ez-toc-section-end\"><\/span><\/h2>\n<p>English Home severek al\u0131\u015fveri\u015f yapt\u0131\u011f\u0131m bir marka.\u00a0 Ancak bu katlanabilir kirli sepetini ald\u0131\u011f\u0131ma pi\u015fman oldum ve iade ettim. G\u00f6r\u00fcnt\u00fc olarak dekoratif ve \u00e7ok \u015f\u0131k g\u00f6r\u00fcn\u00fcyor fakat \u00e7ok kullan\u0131\u015fs\u0131z. Ayr\u0131ca kirli sepetini katlaman\u0131za zaten gerek yok. Evde s\u00fcrekli kirli \u00e7ama\u015f\u0131r \u00e7\u0131kt\u0131\u011f\u0131 i\u00e7in kirli sepeti banyonuzun demirba\u015f\u0131 oluyor. Bu sepetin alt\u0131nda da karton var ve \u0131sland\u0131\u011f\u0131 zaman sepet \u00e7\u00f6p olacak. Almay\u0131 d\u00fc\u015f\u00fcn\u00fcyorsan\u0131z vazge\u00e7menizi tavsiye ederim.<\/p>\n<figure id=\"attachment_9639\" aria-describedby=\"caption-attachment-9639\" style=\"width: 1200px\" class=\"wp-caption alignnone\"><img decoding=\"async\" class=\"size-full wp-image-9639\" src=\"https:\/\/i0.wp.com\/annebebekkulubu.com\/blog\/wp-content\/uploads\/2021\/01\/balkon-cicek-organizer.jpg?resize=696%2C1044&#038;ssl=1\" alt=\"TEDA Saks\u0131 Stand\u0131 3 Katl\u0131 \u00c7i\u00e7eklik Balkon Organizer Ah\u015fap Stand Saks\u0131 Sehpas\u0131 3 Katl\u0131 Saks\u0131 Stand\u0131 \" width=\"696\" height=\"1044\" srcset=\"https:\/\/i0.wp.com\/annebebekkulubu.com\/blog\/wp-content\/uploads\/2021\/01\/balkon-cicek-organizer.jpg?w=1200&amp;ssl=1 1200w, https:\/\/i0.wp.com\/annebebekkulubu.com\/blog\/wp-content\/uploads\/2021\/01\/balkon-cicek-organizer.jpg?resize=200%2C300&amp;ssl=1 200w, https:\/\/i0.wp.com\/annebebekkulubu.com\/blog\/wp-content\/uploads\/2021\/01\/balkon-cicek-organizer.jpg?resize=683%2C1024&amp;ssl=1 683w, https:\/\/i0.wp.com\/annebebekkulubu.com\/blog\/wp-content\/uploads\/2021\/01\/balkon-cicek-organizer.jpg?resize=768%2C1152&amp;ssl=1 768w, https:\/\/i0.wp.com\/annebebekkulubu.com\/blog\/wp-content\/uploads\/2021\/01\/balkon-cicek-organizer.jpg?resize=1024%2C1536&amp;ssl=1 1024w, https:\/\/i0.wp.com\/annebebekkulubu.com\/blog\/wp-content\/uploads\/2021\/01\/balkon-cicek-organizer.jpg?resize=696%2C1044&amp;ssl=1 696w, https:\/\/i0.wp.com\/annebebekkulubu.com\/blog\/wp-content\/uploads\/2021\/01\/balkon-cicek-organizer.jpg?resize=1068%2C1602&amp;ssl=1 1068w\" sizes=\"(max-width: 696px) 100vw, 696px\" data-recalc-dims=\"1\" \/><figcaption id=\"caption-attachment-9639\" class=\"wp-caption-text\">TEDA Saks\u0131 Stand\u0131 3 Katl\u0131 \u00c7i\u00e7eklik Balkon Organizer Ah\u015fap Stand Saks\u0131 Sehpas\u0131 3 Katl\u0131 Saks\u0131 Stand\u0131<\/figcaption><\/figure>\n<h2><span class=\"ez-toc-section\" id=\"Kalitesi_dusuk_ahsap_cicek_organizeri\"><\/span><strong>Kalitesi d\u00fc\u015f\u00fck ah\u015fap \u00e7i\u00e7ek organizeri\u00a0<\/strong><span class=\"ez-toc-section-end\"><\/span><\/h2>\n<p>Malum karantina g\u00fcnlerindeyiz ve bazen hayat eve s\u0131\u011fm\u0131yor! Bu y\u00fczden evin balkonlar\u0131n\u0131 d\u00fczenleyip, kendime daha keyifli bir ya\u015fam alan\u0131 olu\u015fturmaya \u00e7al\u0131\u015f\u0131yorum. Balkonum i\u00e7in bug\u00fcnlerde \u00e7i\u00e7ekler, a\u011fa\u00e7lar ve sebze tohumlar\u0131 sat\u0131n al\u0131yorum. Balkondaki saks\u0131 say\u0131lar\u0131 her ge\u00e7en g\u00fcn artt\u0131\u011f\u0131 i\u00e7in de \u00e7i\u00e7eklerimi organize etmek i\u00e7in bu ah\u015fap \u00e7i\u00e7ek organizer\u0131 sipari\u015f ettim. Ancak elime ula\u015fan ah\u015fab\u0131n kalitesi ger\u00e7ekten \u00e7ok k\u00f6t\u00fcyd\u00fc. Bu y\u00fczden iade ka\u00e7\u0131n\u0131lmaz oldu.<\/p>\n<figure id=\"attachment_9785\" aria-describedby=\"caption-attachment-9785\" style=\"width: 1600px\" class=\"wp-caption alignnone\"><img decoding=\"async\" class=\"size-full wp-image-9785\" src=\"https:\/\/i0.wp.com\/annebebekkulubu.com\/blog\/wp-content\/uploads\/2021\/01\/karaca-very-berry-26-parca-6-kisilik-kahvalti-takimi.jpg?resize=696%2C696&#038;ssl=1\" alt=\"Trendyol Karaca Very Berry 6 Ki\u015filik 26 Par\u00e7a Kahvalt\u0131 Seti Yorumlar\u0131\" width=\"696\" height=\"696\" srcset=\"https:\/\/i0.wp.com\/annebebekkulubu.com\/blog\/wp-content\/uploads\/2021\/01\/karaca-very-berry-26-parca-6-kisilik-kahvalti-takimi.jpg?w=1600&amp;ssl=1 1600w, https:\/\/i0.wp.com\/annebebekkulubu.com\/blog\/wp-content\/uploads\/2021\/01\/karaca-very-berry-26-parca-6-kisilik-kahvalti-takimi.jpg?resize=300%2C300&amp;ssl=1 300w, https:\/\/i0.wp.com\/annebebekkulubu.com\/blog\/wp-content\/uploads\/2021\/01\/karaca-very-berry-26-parca-6-kisilik-kahvalti-takimi.jpg?resize=1024%2C1024&amp;ssl=1 1024w, https:\/\/i0.wp.com\/annebebekkulubu.com\/blog\/wp-content\/uploads\/2021\/01\/karaca-very-berry-26-parca-6-kisilik-kahvalti-takimi.jpg?resize=150%2C150&amp;ssl=1 150w, https:\/\/i0.wp.com\/annebebekkulubu.com\/blog\/wp-content\/uploads\/2021\/01\/karaca-very-berry-26-parca-6-kisilik-kahvalti-takimi.jpg?resize=768%2C768&amp;ssl=1 768w, https:\/\/i0.wp.com\/annebebekkulubu.com\/blog\/wp-content\/uploads\/2021\/01\/karaca-very-berry-26-parca-6-kisilik-kahvalti-takimi.jpg?resize=1536%2C1536&amp;ssl=1 1536w, https:\/\/i0.wp.com\/annebebekkulubu.com\/blog\/wp-content\/uploads\/2021\/01\/karaca-very-berry-26-parca-6-kisilik-kahvalti-takimi.jpg?resize=696%2C696&amp;ssl=1 696w, https:\/\/i0.wp.com\/annebebekkulubu.com\/blog\/wp-content\/uploads\/2021\/01\/karaca-very-berry-26-parca-6-kisilik-kahvalti-takimi.jpg?resize=1068%2C1068&amp;ssl=1 1068w, https:\/\/i0.wp.com\/annebebekkulubu.com\/blog\/wp-content\/uploads\/2021\/01\/karaca-very-berry-26-parca-6-kisilik-kahvalti-takimi.jpg?w=1392&amp;ssl=1 1392w\" sizes=\"(max-width: 696px) 100vw, 696px\" data-recalc-dims=\"1\" \/><figcaption id=\"caption-attachment-9785\" class=\"wp-caption-text\">Trendyol Karaca Very Berry 6 Ki\u015filik 26 Par\u00e7a Kahvalt\u0131 Seti Yorumlar\u0131<\/figcaption><\/figure>\n<figure id=\"attachment_9794\" aria-describedby=\"caption-attachment-9794\" style=\"width: 1200px\" class=\"wp-caption alignnone\"><img decoding=\"async\" class=\"size-full wp-image-9794\" src=\"https:\/\/i0.wp.com\/annebebekkulubu.com\/blog\/wp-content\/uploads\/2021\/01\/evony-cerrahi-maske-yorumlari.jpg?resize=696%2C1044&#038;ssl=1\" alt=\"Trendyol Evony Cerrahi Maske Yorumlar\u0131\" width=\"696\" height=\"1044\" srcset=\"https:\/\/i0.wp.com\/annebebekkulubu.com\/blog\/wp-content\/uploads\/2021\/01\/evony-cerrahi-maske-yorumlari.jpg?w=1200&amp;ssl=1 1200w, https:\/\/i0.wp.com\/annebebekkulubu.com\/blog\/wp-content\/uploads\/2021\/01\/evony-cerrahi-maske-yorumlari.jpg?resize=200%2C300&amp;ssl=1 200w, https:\/\/i0.wp.com\/annebebekkulubu.com\/blog\/wp-content\/uploads\/2021\/01\/evony-cerrahi-maske-yorumlari.jpg?resize=683%2C1024&amp;ssl=1 683w, https:\/\/i0.wp.com\/annebebekkulubu.com\/blog\/wp-content\/uploads\/2021\/01\/evony-cerrahi-maske-yorumlari.jpg?resize=768%2C1152&amp;ssl=1 768w, https:\/\/i0.wp.com\/annebebekkulubu.com\/blog\/wp-content\/uploads\/2021\/01\/evony-cerrahi-maske-yorumlari.jpg?resize=1024%2C1536&amp;ssl=1 1024w, https:\/\/i0.wp.com\/annebebekkulubu.com\/blog\/wp-content\/uploads\/2021\/01\/evony-cerrahi-maske-yorumlari.jpg?resize=696%2C1044&amp;ssl=1 696w, https:\/\/i0.wp.com\/annebebekkulubu.com\/blog\/wp-content\/uploads\/2021\/01\/evony-cerrahi-maske-yorumlari.jpg?resize=1068%2C1602&amp;ssl=1 1068w\" sizes=\"(max-width: 696px) 100vw, 696px\" data-recalc-dims=\"1\" \/><figcaption id=\"caption-attachment-9794\" class=\"wp-caption-text\">Trendyol Evony Cerrahi Maske Yorumlar\u0131b<\/figcaption><\/figure>\n<h2><span class=\"ez-toc-section\" id=\"Evony_cerrahi_maske_yorumu\"><\/span><strong>Evony cerrahi maske yorumu<\/strong><span class=\"ez-toc-section-end\"><\/span><\/h2>\n<p>Cerrahi maskeler, dezenfektanlar, siperlikler&#8230; Koronavir\u00fcs pandemisi ile birlikte hayat\u0131m\u0131za girdiler. Art\u0131k maskemiz ve dezenfektan\u0131m\u0131z olmadan d\u0131\u015far\u0131ya \u00e7\u0131kam\u0131yoruz. O y\u00fczden internetten al\u0131\u015fveri\u015f yaparken maske ihtiyac\u0131m\u0131z varsa mutlaka sat\u0131n al\u0131r\u0131m. Evony maskeyi instagram fenomenlerinin yukar\u0131 kayd\u0131rmal\u0131 reklamlar\u0131nda g\u00f6rm\u00fc\u015ft\u00fcm ve indirimli olarak sat\u0131n almak istedim. Maske elime ge\u00e7ti\u011fimiz hafta ula\u015ft\u0131. Ancak maskenin teli burnuma oturmuyor ve nefes al\u0131rken maskede damlac\u0131klar olu\u015fuyor. San\u0131r\u0131m naylonumsu bir malzemesi oldu\u011fu i\u00e7in b\u00f6yle oluyor. Daha sonraki sipari\u015flerimde bu markan\u0131n maskelerini sat\u0131n almay\u0131 d\u00fc\u015f\u00fcnm\u00fcyorum.<\/p>\n<h2><span class=\"ez-toc-section\" id=\"Kalitesiz_ve_soluk_baskili_Karaca_Very_Berry_2_kisilik_kahvalti_seti\"><\/span><strong>Kalitesiz ve soluk bask\u0131l\u0131 Karaca Very Berry 2 ki\u015filik kahvalt\u0131 seti\u00a0<\/strong><span class=\"ez-toc-section-end\"><\/span><\/h2>\n<p>Trendyol&#8217;dan severek ald\u0131\u011f\u0131m ve beni en \u00e7ok hayal k\u0131r\u0131kl\u0131\u011f\u0131na u\u011fratan <strong>Karaca&#8217;n\u0131n Very Berry 6 ki\u015filik kahvalt\u0131 seti<\/strong> oldu. \u0130n\u015fallah elime k\u0131r\u0131lmadan ula\u015f\u0131r diye dua ederken, elime ula\u015fan \u00fcr\u00fcn son derece soluk, kalitesiz bask\u0131s\u0131 da olduk\u00e7a k\u00f6t\u00fcyd\u00fc. Bendeniz, y\u0131llarca grafik tasar\u0131m ve bask\u0131 teknolojileri e\u011fitimi alan biri olarak bu kalitesiz bask\u0131l\u0131 tabaklarla kahvalt\u0131 edemeyece\u011fime kanaat getirdim. Ancak bir taraf\u0131m da kargoya gitmeye \u00fc\u015feniyor ve bo\u015f ver kullan gitsin, ne olacak ki diye beni teselli ediyordu. A\u00e7\u0131k\u00e7as\u0131 kahvalt\u0131 tak\u0131m\u0131n\u0131\u00a0 iade edip etmeme konusunda karars\u0131z kald\u0131m. Sonra tabaklar\u0131 elime ald\u0131\u011f\u0131m gibi \u00fcniversiteden bask\u0131 teknolojileri hocam\u0131n kap\u0131s\u0131n\u0131 \u00e7ald\u0131m. Kendisi benimle ayn\u0131 katta oturuyor. Tabaklar\u0131 elimize al\u0131p bask\u0131 kalitelerini iyice bir inceledikten sonra bask\u0131 kalitesinin iyi olmad\u0131\u011f\u0131na hemfikir olduk. Hocam\u0131n tekstil b\u00f6l\u00fcm\u00fc mezunu e\u015fi de tabaklar\u0131 be\u011fenmeyerek, &#8220;ho\u015funa gitmediyse \u00fc\u015fenme de\u011fi\u015ftir&#8221; dedi ve net olarak karar\u0131m\u0131 verdim. \u00fcri ne derse, o!<\/p>\n<p>Yar\u0131n kargoya g\u00f6t\u00fcr\u00fcp iade edece\u011fim ama ya kargoda k\u0131r\u0131l\u0131rsa diye endi\u015fe ediyorum. <strong>\u015eikayet var<\/strong> internet sitesinde ayn\u0131 \u00fcr\u00fcnle ilgili bir <strong>\u015fikayet<\/strong> var. Tabak kargoda k\u0131r\u0131lm\u0131\u015f ve iadesi ile ilgili kullan\u0131c\u0131 sorun ya\u015f\u0131yormu\u015f. Ayn\u0131 sorunlar\u0131 ben de ya\u015famak istemiyorum. Umar\u0131m sorunsuz bir iade s\u00fcreci ya\u015far\u0131m. Geli\u015fmeleri buradan sizlerle de payla\u015faca\u011f\u0131m.<\/p>\n<p>Bu arada g\u00f6rd\u00fc\u011f\u00fcm kadar\u0131 ile <strong>Karaca Home<\/strong> kendi web sitesi \u00fczerinden de sat\u0131\u015f yap\u0131yor. Instagram&#8217;da da \u00e7ok fazla reklamlar\u0131na denk geliyorum. Web siteleri\u00a0 bana biraz English Home taklidi gibi geldi. Keza Madame Coco da neredeyse bire bir English Home web sitesini taklit etmi\u015f. Kendi marka kimli\u011fine g\u00f6re web sitesi yapmak bu kadar zor mu? Neden \u00f6zg\u00fcn bir \u015feyler g\u00f6remiyoruz? Neden hep taklit i\u015fler yap\u0131l\u0131yor?!<\/p>\n<h2><span class=\"ez-toc-section\" id=\"Trendyol_alisveris_iadeleri_yasanan_sorunlar_ve_alisveris_yorumlarim\"><\/span><b>Trendyol al\u0131\u015fveri\u015f iadeleri, ya\u015fanan sorunlar ve al\u0131\u015fveri\u015f yorumlar\u0131m<\/b><span class=\"ez-toc-section-end\"><\/span><\/h2>\n<p><span style=\"font-weight: 400;\">B\u00fct\u00fcn bu olumsuz deneyimlerden sonra tek iyi olan \u015fey Trendyol&#8217;un problemsiz iade politikas\u0131 oldu. Ancak kendilerine na\u00e7izane tavsiyem bu kadar sorun \u00e7\u0131karan tedarik\u00e7ilerinin \u00fcyeliklerine son vermeleri. Aksi takdirde ald\u0131\u011f\u0131m\u0131z \u00fcr\u00fcnlerin neredeyse %90&#8217;\u0131n\u0131 iade etmek zorunda kal\u0131yoruz. Kargolarda gereksiz yo\u011funluk oluyor ve pandemi g\u00fcnlerinde mecburen bir\u00e7ok kez kargoya gitmek zorunda kal\u0131yoruz. Bence Trendyol sosyal medya fenomenlerine reklam yapmalar\u0131 i\u00e7in bedava al\u0131\u015fveri\u015f kredileri\/\u00e7ekleri da\u011f\u0131taca\u011f\u0131na, kaliteden sorumlu al\u0131\u015fveri\u015f m\u00fcfetti\u015fleri ile i\u015f birli\u011fi yapsa daha faydal\u0131 olur. Bu ki\u015filer her ay belirli miktarda al\u0131\u015fveri\u015f kredisiyle siteden al\u0131\u015fveri\u015f yapar ve sorunlu tedarik\u00e7ileri Trendyol\u2019a bildirir. B\u00f6ylelikle problemli \u00fcr\u00fcn satan sat\u0131c\u0131lar sitede yer almaz ve iade kargo trafi\u011fi de bir nebze olsun azal\u0131r. Aksi takdirde kargo kamyonlar\u0131 daha \u00e7ok bo\u015funa gider gelir\u2026\u00a0<\/span><\/p>\n<p><span style=\"font-weight: 400;\">Ayr\u0131ca kalitesiz, hasarl\u0131,\u00a0 veya problemli \u00fcr\u00fcn satan sat\u0131c\u0131lar\u0131n \u00fcyeliklerine son verilmesi Trendyol&#8217;un marka itibar\u0131 a\u00e7\u0131s\u0131ndan olduk\u00e7a \u00f6nemli.\u00a0<\/span><\/p>\n<h2><span class=\"ez-toc-section\" id=\"Trendyol_kargolari_icin_alisveris_tuyolari\"><\/span><b>Trendyol kargolar\u0131 i\u00e7in al\u0131\u015fveri\u015f t\u00fcyolar\u0131<\/b><span class=\"ez-toc-section-end\"><\/span><\/h2>\n<p><span style=\"font-weight: 400;\">E\u011fer sipari\u015finiz k\u0131r\u0131lacak bir \u00fcr\u00fcnse elinize muhtemelen k\u0131r\u0131lm\u0131\u015f olarak ula\u015facakt\u0131r. Kargo personeline kargonuzu kontrol etmek istedi\u011finizi s\u00f6yleyip, kargonuzu kontrol edin. E\u011fer k\u0131r\u0131lma veya hasar varsa tutanak tutturup, \u00fcr\u00fcn iadesi konusunda avantajl\u0131 duruma ge\u00e7ebilirsiniz. Aksi takdirde iade s\u00fcreciniz uzayabilir ya da para iadesi alamayabilirsiniz.<\/span><\/p>\n<p><span style=\"font-weight: 400;\">Trendyol kargolar\u0131 ya bizzat<\/span><b> Trendyol\u2019un kendi kargosu<\/b><span style=\"font-weight: 400;\"> taraf\u0131ndan getiriliyor ya da<\/span><b> MNG Kargo, Yurti\u00e7i Kargo veya Aras Kargo<\/b><span style=\"font-weight: 400;\"> ile geliyor.\u00a0 Bug\u00fcnlerde <\/span><b>S\u00fcrat Kargo<\/b><span style=\"font-weight: 400;\"> ile de \u00e7al\u0131\u015fmaya ba\u015flam\u0131\u015flar.\u00a0 ancak S\u00fcrat Kargo ile \u00e7al\u0131\u015fmak biraz problemli. \u00a0 \u00dcr\u00fcn iadesi oldu\u011funda problem ya\u015fayabilirsiniz \u00e7\u00fcnk\u00fc g\u00fcnl\u00fck kargo kotalar\u0131 var.\u00a0 Bu kota doldu\u011funda yeni bir paket alm\u0131yorlar.\u00a0 Ancak S\u00fcrat Kargo&#8217;dan gelmi\u015fse \u00fcr\u00fcn\u00fcn\u00fcz mecburen gene ayn\u0131 kargoyu kullanmak zorundas\u0131n\u0131z. Bu y\u00fczden tavsiyem sabah saatlerinde kargo kotas\u0131 dolmadan \u015fubeye gitmeniz y\u00f6n\u00fcnde olur.\u00a0<\/span><\/p>\n<p><span style=\"font-weight: 400;\">Haz\u0131r kargo konusuna gelmi\u015fken Trendyol kargolar\u0131n\u0131n gece 23.00&#8217;a kadar \u00e7al\u0131\u015ft\u0131\u011f\u0131n\u0131 belirtmeden edemeyece\u011fim.\u00a0 Soka\u011fa \u00e7\u0131kma yasa\u011f\u0131 oldu\u011fu olan g\u00fcnlerde de \u00e7al\u0131\u015f\u0131yorlar.\u00a0 san\u0131r\u0131m sadece pazar g\u00fcn\u00fc tatilleri var.\u00a0<\/span><\/p>\n<p>Bir de iade kargolar konusunda ya\u015fad\u0131\u011f\u0131m bir problemden bahsetmek istiyorum. Genellikle evime yak\u0131n oldu\u011fu i\u00e7in MNG Kargo&#8217;dan kargolar\u0131m\u0131 g\u00f6ndermeyi tercih ediyorum. Ancak kargo personel maske, mesafe ve temizlik kurallar\u0131ndan hi\u00e7 birine uymuyorlar. Maske takmay\u0131 istemiyor, uyar\u0131nca da yemek yiyordum, sigara i\u00e7iyordum gibi bahaneleri \u00f6ne s\u00fcr\u00fcyorlar. Bazense sizi duymazl\u0131ktan gelerek, hi\u00e7 umursam\u0131yorlar!.. Art\u0131k pes etti\u011fim i\u00e7in kimseye tek s\u00f6z s\u00f6ylemeden kargomu iade edip, olay mahallinden uzakla\u015f\u0131yorum.<\/p>\n<h2><span class=\"ez-toc-section\" id=\"Trendyol_ceyiz_alisverisi\"><\/span><b>Trendyol \u00e7eyiz al\u0131\u015fveri\u015fi<\/b><span class=\"ez-toc-section-end\"><\/span><\/h2>\n<p><span style=\"font-weight: 400;\">Trendyol, \u00e7eyiz al\u0131\u015fveri\u015fi yapmak i\u00e7in ziyaret edece\u011finiz son al\u0131\u015fveri\u015f sitesi olsun. Bu kadar da iddial\u0131 s\u00f6yl\u00fcyorum. Gelen \u00fcr\u00fcnlerin \u00e7o\u011fu sorunlu ve kargo iadeleri ciddi zaman al\u0131yor. \u00c7eyiz i\u00e7in sat\u0131n alaca\u011f\u0131n\u0131z \u00fcr\u00fcnler de muhtemelen a\u011f\u0131rl\u0131\u011f\u0131 fazla ve ta\u015f\u0131mas\u0131 sizin i\u00e7in zor olacak \u00fcr\u00fcnler olacak. D\u00fc\u015f\u00fcnsenize 20 kg olan bir kargoyu nas\u0131l geri iade edebilirsiniz? \u00d6zellikle mobilya ve ev aletleri konusunda s\u0131k\u0131nt\u0131 ya\u015fayabilirsiniz. Asl\u0131nda iadelerde temel sorun gelen \u00fcr\u00fcn\u00fcn kalitesi oluyor. \u00d6rne\u011fin ah\u015fap, demonte bir \u00fcr\u00fcn sat\u0131n al\u0131yorsunuz. Sat\u0131n ald\u0131\u011f\u0131n\u0131z ah\u015fab\u0131n foto\u011frafta g\u00f6r\u00fcnd\u00fc\u011f\u00fc kalitesiyle gelen ah\u015fab\u0131n kalitesi aras\u0131nda da\u011flar kadar fark var. Birinci s\u0131n\u0131f foto\u011fraf, gelen \u00fcr\u00fcnse 3. kalite!&#8230;<br \/>\n<\/span><\/p>\n<h2><span class=\"ez-toc-section\" id=\"Trendyolda_sahte_urun_veya_ikinci_kalite_urun_mu_satiliyor\"><\/span><b>Trendyol\u2019da sahte \u00fcr\u00fcn veya ikinci kalite \u00fcr\u00fcn m\u00fc sat\u0131l\u0131yor?\u00a0<\/b><span class=\"ez-toc-section-end\"><\/span><\/h2>\n<p><span style=\"font-weight: 400;\">Trendyol&#8217;dan son yapm\u0131\u015f oldu\u011fum al\u0131\u015fveri\u015fleri d\u00fc\u015f\u00fcnd\u00fc\u011f\u00fcmde acaba markalar ikinci ya da \u00fc\u00e7\u00fcnc\u00fc kalite \u00fcr\u00fcnlerini mi Trendyol \u00fczerinden sat\u0131\u015fa \u00e7\u0131kar\u0131yor? \u00c7\u00fcnk\u00fc bu kadar kalite problemi bu zamana kadar cidden g\u00f6rmemi\u015ftim.\u00a0 S\u00fcrekli <a href=\"https:\/\/annebebekkulubu.com\/blog\/alisveris\/karantina-gunleri-icin-alisveris-onerileri\/\"><strong>al\u0131\u015fveri\u015f<\/strong><\/a> yapt\u0131\u011f\u0131m markalar\u0131n\u00a0 \u00fcr\u00fcnleri Trendyol&#8217;dan sipari\u015f etti\u011fimde genellikle gelen \u00fcr\u00fcn\u00fc be\u011fenmiyorum ve iadeye g\u00f6nderiyorum. Birka\u00e7 bu konudaki\u00a0 \u015fikayetlerimi <strong>Trendyol M\u00fc\u015fteri Hizmetleri\u2019<\/strong>ne de ilettim ancak de\u011fi\u015fen bir\u015fey olmad\u0131.\u00a0<\/span><\/p>\n<p><b>Sahte \u00fcr\u00fcn<\/b><span style=\"font-weight: 400;\"> konusuna gelirsek\u2026Evet, bu konuda sitede sahte \u00fcr\u00fcn sat\u0131ld\u0131\u011f\u0131 ile ilgili hem \u015fikayet platformlar\u0131nda, hem de s\u00f6zl\u00fcklerde bir\u00e7ok yorum bulunuyor. Bu konuda da son derece dikkatli olup, \u00fcr\u00fcn\u00fcn faturas\u0131, garanti belgesi, etiketi gibi detaylara bakmak gerekiyor. \u00a0 E\u011fer sat\u0131n ald\u0131\u011f\u0131n\u0131z \u00fcr\u00fcn\u00fcn sahte oldu\u011funu d\u00fc\u015f\u00fcn\u00fcyorsan\u0131z kullanmadan m\u00fc\u015fteri hizmetlerini\u00a0 arayabilirsiniz. \u015eikayetinizden sonu\u00e7 alamazsan\u0131z e\u011fer sosyal medyada bekle, \u00f6zellikle Twitter&#8217;da payla\u015f\u0131m yaparsan\u0131z \u00fcr\u00fcn iadesi alabilirsiniz.\u00a0\u00a0<\/span><\/p>\n<p><span style=\"font-weight: 400;\">Sahte \u00fcr\u00fcnlerle ilgili bir di\u011fer\u00a0 konu ise <strong><a href=\"https:\/\/annebebekkulubu.com\/blog\/beslenme\/takviye-gidalar-nelerdir-takviye-edici-gidalar-zararli-mi\/\">g\u0131da takviyeleri<\/a> <\/strong>ile ilgili.\u00a0 son zamanlarda \u00f6zellikle <a href=\"https:\/\/annebebekkulubu.com\/blog\/beslenme\/vitamin-ve-mineraller-nelerdir-ne-ise-yararlar\/\"><strong>vitamin<\/strong><\/a> ve <a href=\"https:\/\/annebebekkulubu.com\/blog\/beslenme\/cocuklar-icin-en-iyi-balik-yagi-takviyeleri-ve-markalari-nelerdir\/\"><strong>bal\u0131k ya\u011f\u0131<\/strong><\/a> gibi sa\u011fl\u0131k \u00fcr\u00fcnleri de\u00a0 Trendyol ve di\u011fer al\u0131\u015fveri\u015f siteleri \u00fczerinden sat\u0131lmaya ba\u015fland\u0131.\u00a0 Kullan\u0131c\u0131 \u015fikayetleri ve bas\u0131na yans\u0131yan\u00a0 haberlere g\u00f6re baz\u0131 markalar\u0131n sahte \u00fcr\u00fcnleri\u00a0 internet \u00fczerinden sat\u0131l\u0131yor ve bu \u00fcr\u00fcnleri kullananlar\u0131n sa\u011fl\u0131\u011f\u0131 da risk alt\u0131nda. \u00a0 Bu t\u00fcr sa\u011fl\u0131k \u00fcr\u00fcnlerini Trendyol veya di\u011fer internet siteleri \u00fczerinden sat\u0131n alman\u0131z\u0131 \u00f6nermiyorum.\u00a0 G\u00fcvenilir<strong> vitamin ve g\u0131da takviyesi <\/strong>markalar\u0131n\u0131 eczaneden sat\u0131n alman\u0131z\u0131 tavsiye ederim.<\/span><\/p>\n<h2><span class=\"ez-toc-section\" id=\"Trendyol_bizi_alisveris_bagimlisi_mi_yapti\"><\/span><strong>Trendyol bizi al\u0131\u015fveri\u015f ba\u011f\u0131ml\u0131s\u0131 m\u0131 yapt\u0131?\u00a0<\/strong><span class=\"ez-toc-section-end\"><\/span><\/h2>\n<p>Bu yaz\u0131y\u0131 al\u0131\u015fveri\u015f yapt\u0131k\u00e7a g\u00fcncelliyorum ve kendime bug\u00fcn \u015fu soruyu sordum: <strong>&#8220;Memnun de\u011filsen neden al\u0131\u015fveri\u015f yap\u0131yorsun?&#8221;\u00a0<\/strong> San\u0131r\u0131m indirim tuza\u011f\u0131na d\u00fc\u015ft\u00fcm ve al\u0131\u015fveri\u015f ba\u011f\u0131ml\u0131s\u0131 oldum. Her g\u00fcn Noel Baba gibi kargocular\u0131n eve gelip bana sat\u0131n ald\u0131klar\u0131m\u0131 getirmesi ho\u015fuma gidiyor. Bu ho\u015fluk hissi kargo paketini a\u00e7t\u0131\u011f\u0131mda ald\u0131\u011f\u0131m \u00fcr\u00fcn k\u00f6t\u00fcyse\u00a0 e\u011fer yerini pi\u015fmanl\u0131\u011fa b\u0131rak\u0131yor. Gene de Trendyol&#8217;dan al\u0131\u015fveri\u015f yapmaktan kendimi al\u0131koyam\u0131yorum.<\/p>\n<h2><span class=\"ez-toc-section\" id=\"Gida_alisverisi_icin_en_iyi_alisveris_sitesi_ve_uygulamalar\"><\/span><strong>G\u0131da al\u0131\u015fveri\u015fi i\u00e7in en iyi al\u0131\u015fveri\u015f sitesi ve uygulamalar\u00a0<\/strong><span class=\"ez-toc-section-end\"><\/span><\/h2>\n<p>Pandemi g\u00fcnleri nedeniyle art\u0131k g\u0131da al\u0131\u015fveri\u015fimizi de internet ya da mobil uygulamalar \u00fczerinden yap\u0131yoruz. Bu s\u00fcre\u00e7te kulland\u0131\u011f\u0131m uygulamalar\u0131 ve al\u0131\u015fveri\u015f tecr\u00fcbelerimi &#8220;<a href=\"https:\/\/annebebekkulubu.com\/blog\/alisveris\/gida-alisverisi-icin-en-iyi-internet-siteleri-ve-uygulamalar\/\"><strong>G\u0131da al\u0131\u015fveri\u015fi i\u00e7in en iyi al\u0131\u015fveri\u015f sitesi ve uygulamalar<\/strong><\/a>&#8221; ba\u015fl\u0131kl\u0131 yaz\u0131mda anlatt\u0131m. En iyi market uygulalamar\u0131n\u0131 bu yaz\u0131mda bulabilirsiniz.<\/p>\n<p>Siz Trendyol ile ilgili bir sorun ya\u015fad\u0131n\u0131z m\u0131? Bize yorumlarda belirtebilirsiniz.<\/p>\n","protected":false},"excerpt":{"rendered":"<p>Trendyol\u2019dan nas\u0131l al\u0131\u015fveri\u015f yap\u0131l\u0131r? Trendyol&#8217;dan al\u0131\u015fveri\u015f yapmak g\u00fcvenli mi? Trendyol&#8217;da avantajl\u0131 al\u0131\u015fveri\u015f nas\u0131l yap\u0131l\u0131r? Kargo sorunlar\u0131 ve hasarl\u0131 \u00fcr\u00fcnlerle ilgili yapman\u0131z gerekenler nelerdir? Trendyol al\u0131\u015fveri\u015fleri ile ilgili s\u0131k ya\u015fanan sorunlar ve \u00e7\u00f6z\u00fcm yollar\u0131n\u0131 sizler i\u00e7in yazd\u0131m. \u0130\u015fte Trendyol al\u0131\u015fveri\u015f tecr\u00fcbeleri ve yorumlar\u0131m!.. Trendyol\u2019da al\u0131\u015fveri\u015f yapmak g\u00fcvenli mi? Bug\u00fcnlerde evimi yeniliyorum ve\u00a0 g\u00fcn\u00fcm\u00fcn b\u00fcy\u00fck bir vakti [&hellip;]<\/p>\n","protected":false},"author":33,"featured_media":9626,"comment_status":"open","ping_status":"closed","sticky":false,"template":"","format":"standard","meta":{"jetpack_post_was_ever_published":false,"_jetpack_newsletter_access":"","_jetpack_dont_email_post_to_subs":false,"_jetpack_newsletter_tier_id":0,"_jetpack_memberships_contains_paywalled_content":false,"_jetpack_memberships_contains_paid_content":false,"footnotes":""},"categories":[2052],"tags":[],"class_list":{"0":"post-9624","1":"post","2":"type-post","3":"status-publish","4":"format-standard","5":"has-post-thumbnail","7":"category-alisveris"},"jetpack_sharing_enabled":true,"jetpack_featured_media_url":"https:\/\/i0.wp.com\/annebebekkulubu.com\/blog\/wp-content\/uploads\/2021\/01\/trendyol-alisveris-yapanlar.jpg?fit=626%2C469&ssl=1","jetpack-related-posts":[],"_links":{"self":[{"href":"https:\/\/annebebekkulubu.com\/blog\/wp-json\/wp\/v2\/posts\/9624","targetHints":{"allow":["GET"]}}],"collection":[{"href":"https:\/\/annebebekkulubu.com\/blog\/wp-json\/wp\/v2\/posts"}],"about":[{"href":"https:\/\/annebebekkulubu.com\/blog\/wp-json\/wp\/v2\/types\/post"}],"author":[{"embeddable":true,"href":"https:\/\/annebebekkulubu.com\/blog\/wp-json\/wp\/v2\/users\/33"}],"replies":[{"embeddable":true,"href":"https:\/\/annebebekkulubu.com\/blog\/wp-json\/wp\/v2\/comments?post=9624"}],"version-history":[{"count":0,"href":"https:\/\/annebebekkulubu.com\/blog\/wp-json\/wp\/v2\/posts\/9624\/revisions"}],"wp:featuredmedia":[{"embeddable":true,"href":"https:\/\/annebebekkulubu.com\/blog\/wp-json\/wp\/v2\/media\/9626"}],"wp:attachment":[{"href":"https:\/\/annebebekkulubu.com\/blog\/wp-json\/wp\/v2\/media?parent=9624"}],"wp:term":[{"taxonomy":"category","embeddable":true,"href":"https:\/\/annebebekkulubu.com\/blog\/wp-json\/wp\/v2\/categories?post=9624"},{"taxonomy":"post_tag","embeddable":true,"href":"https:\/\/annebebekkulubu.com\/blog\/wp-json\/wp\/v2\/tags?post=9624"}],"curies":[{"name":"wp","href":"https:\/\/api.w.org\/{rel}","templated":true}]}}