{"id":9619,"date":"2021-01-09T23:06:51","date_gmt":"2021-01-09T20:06:51","guid":{"rendered":"https:\/\/blog.annebebekkulubu.com\/?p=9619"},"modified":"2021-01-09T23:06:51","modified_gmt":"2021-01-09T20:06:51","slug":"pandemi-doneminde-cocuklarda-goz-muayenesi","status":"publish","type":"post","link":"https:\/\/annebebekkulubu.com\/blog\/pandemi-doneminde-cocuklarda-goz-muayenesi\/","title":{"rendered":"Pandemi d\u00f6neminde \u00e7ocuklarda g\u00f6z muayenesi"},"content":{"rendered":"<div id=\"ez-toc-container\" class=\"ez-toc-v2_0_82_2 counter-hierarchy ez-toc-counter ez-toc-light-blue ez-toc-container-direction\">\n<p class=\"ez-toc-title\" style=\"cursor:inherit\">Yaz\u0131 \u0130\u00e7eri\u011fi<\/p>\n<label for=\"ez-toc-cssicon-toggle-item-69f71368ac194\" class=\"ez-toc-cssicon-toggle-label\"><span class=\"\"><span class=\"eztoc-hide\" style=\"display:none;\">Toggle<\/span><span class=\"ez-toc-icon-toggle-span\"><svg style=\"fill: #999;color:#999\" xmlns=\"http:\/\/www.w3.org\/2000\/svg\" class=\"list-377408\" width=\"20px\" height=\"20px\" viewBox=\"0 0 24 24\" fill=\"none\"><path d=\"M6 6H4v2h2V6zm14 0H8v2h12V6zM4 11h2v2H4v-2zm16 0H8v2h12v-2zM4 16h2v2H4v-2zm16 0H8v2h12v-2z\" fill=\"currentColor\"><\/path><\/svg><svg style=\"fill: #999;color:#999\" class=\"arrow-unsorted-368013\" xmlns=\"http:\/\/www.w3.org\/2000\/svg\" width=\"10px\" height=\"10px\" viewBox=\"0 0 24 24\" version=\"1.2\" baseProfile=\"tiny\"><path d=\"M18.2 9.3l-6.2-6.3-6.2 6.3c-.2.2-.3.4-.3.7s.1.5.3.7c.2.2.4.3.7.3h11c.3 0 .5-.1.7-.3.2-.2.3-.5.3-.7s-.1-.5-.3-.7zM5.8 14.7l6.2 6.3 6.2-6.3c.2-.2.3-.5.3-.7s-.1-.5-.3-.7c-.2-.2-.4-.3-.7-.3h-11c-.3 0-.5.1-.7.3-.2.2-.3.5-.3.7s.1.5.3.7z\"\/><\/svg><\/span><\/span><\/label><input type=\"checkbox\"  id=\"ez-toc-cssicon-toggle-item-69f71368ac194\"  aria-label=\"A\u00e7\/Kapat\" \/><nav><ul class='ez-toc-list ez-toc-list-level-1 ' ><li class='ez-toc-page-1 ez-toc-heading-level-2'><a class=\"ez-toc-link ez-toc-heading-1\" href=\"https:\/\/annebebekkulubu.com\/blog\/pandemi-doneminde-cocuklarda-goz-muayenesi\/#Bebeklerde_goz_muayenesi_nasil_yapilir\" >Bebeklerde g\u00f6z muayenesi nas\u0131l yap\u0131l\u0131r?\u00a0<\/a><\/li><li class='ez-toc-page-1 ez-toc-heading-level-2'><a class=\"ez-toc-link ez-toc-heading-2\" href=\"https:\/\/annebebekkulubu.com\/blog\/pandemi-doneminde-cocuklarda-goz-muayenesi\/#Online_egitim_doneminde_goz_hastaliklarina_dikkat\" >Online e\u011fitim d\u00f6neminde g\u00f6z hastal\u0131klar\u0131na dikkat!<\/a><\/li><li class='ez-toc-page-1 ez-toc-heading-level-2'><a class=\"ez-toc-link ez-toc-heading-3\" href=\"https:\/\/annebebekkulubu.com\/blog\/pandemi-doneminde-cocuklarda-goz-muayenesi\/#Cocuklarda_goz_hastaliklari_belirtileri_nelerdir\" >\u00c7ocuklarda g\u00f6z hastal\u0131klar\u0131 belirtileri nelerdir?\u00a0<\/a><\/li><\/ul><\/nav><\/div>\n<p><span style=\"font-weight: 400;\">Bebeklerde g\u00f6z muayenesi hangi ayda yap\u0131l\u0131r? Bebeklerde g\u00f6z muayenesi nas\u0131l yap\u0131l\u0131r? <strong>\u00c7ocuk Sa\u011fl\u0131\u011f\u0131 ve Hastal\u0131klar\u0131 Uzman\u0131 Prof. Dr. Vefik Ar\u0131ca<\/strong> <strong>pandemi d\u00f6neminde \u00e7ocuklarda g\u00f6z muayenesi<\/strong> ile ilgili merak edilenleri yazd\u0131!..\u00a0<\/span><\/p>\n<h2><span class=\"ez-toc-section\" id=\"Bebeklerde_goz_muayenesi_nasil_yapilir\"><\/span><strong>Bebeklerde g\u00f6z muayenesi nas\u0131l yap\u0131l\u0131r?\u00a0<\/strong><span class=\"ez-toc-section-end\"><\/span><\/h2>\n<p>\u00c7ocuk hekimli\u011finde bebeklikten itibaren g\u00f6z muayenesi bizim olmazsa olmaz\u0131m\u0131z ve rutin muayenemizin bir par\u00e7as\u0131d\u0131r.<\/p>\n<p><span style=\"font-weight: 400;\"><strong>\u00c7ocukluk \u00e7a\u011f\u0131nda ilk g\u00f6z muayenesi<\/strong> yeni do\u011fan d\u00f6neminde ilk 3 ayda k\u0131rm\u0131z\u0131 <strong>&#8220;k\u0131rm\u0131z\u0131 refle testi&#8221;<\/strong> ile ba\u015flamakta ve bu g\u00f6z muayenesi her rutin kontroller s\u0131ras\u0131nda tekrarlanmal\u0131d\u0131r. Herhangi bir \u015fikayet veya herhangi bir s\u0131k\u0131nt\u0131 olmamas\u0131 durumunda 3 ya\u015f\u0131nda yani 36 ayl\u0131kken \u00e7ocuklar\u0131n ilk g\u00f6z hekimiyle tan\u0131\u015fma d\u00f6nemidir. G\u00f6z hekimi 3 ya\u015f g\u00f6z muayenesini yaparken <strong>&#8220;k\u0131rm\u0131z\u0131 refle testi&#8221;<\/strong> ve <strong>&#8220;Lea sembol testi&#8221;<\/strong> ile de\u011ferlendirmeler yapar. Daha sonrada okula ba\u015flamadan \u00f6nce tekrar detayl\u0131 bir g\u00f6z muayenesinden ge\u00e7irilerek okul hayat\u0131na ba\u015flarlar.<\/p>\n<p><\/span><\/p>\n<figure id=\"attachment_9621\" aria-describedby=\"caption-attachment-9621\" style=\"width: 626px\" class=\"wp-caption alignnone\"><img decoding=\"async\" class=\"size-full wp-image-9621\" src=\"https:\/\/i0.wp.com\/annebebekkulubu.com\/blog\/wp-content\/uploads\/2021\/01\/cocuklarda-goz-hastaliklari.jpg?resize=626%2C417&#038;ssl=1\" alt=\"\u00c7ocuklarda g\u00f6z hastal\u0131klar\u0131\" width=\"626\" height=\"417\" srcset=\"https:\/\/i0.wp.com\/annebebekkulubu.com\/blog\/wp-content\/uploads\/2021\/01\/cocuklarda-goz-hastaliklari.jpg?w=626&amp;ssl=1 626w, https:\/\/i0.wp.com\/annebebekkulubu.com\/blog\/wp-content\/uploads\/2021\/01\/cocuklarda-goz-hastaliklari.jpg?resize=300%2C200&amp;ssl=1 300w\" sizes=\"(max-width: 626px) 100vw, 626px\" data-recalc-dims=\"1\" \/><figcaption id=\"caption-attachment-9621\" class=\"wp-caption-text\">\u00c7ocuklarda g\u00f6z hastal\u0131klar\u0131<\/figcaption><\/figure>\n<h2><span class=\"ez-toc-section\" id=\"Online_egitim_doneminde_goz_hastaliklarina_dikkat\"><\/span><strong>Online e\u011fitim d\u00f6neminde g\u00f6z hastal\u0131klar\u0131na dikkat!<\/strong><span class=\"ez-toc-section-end\"><\/span><\/h2>\n<p><span style=\"font-weight: 400;\">Ancak pandemiyi ya\u015fad\u0131\u011f\u0131m\u0131z bu d\u00f6nemde e\u011fitim sistemi \u00e7ocuklar\u0131m\u0131zda online bir \u015fekilde deva etti. Yakla\u015f\u0131k pandemi ba\u015flang\u0131c\u0131ndan itibaren 10 ayd\u0131r online e\u011fitim devam etmekte ve y\u00fcz y\u00fcze e\u011fitimin tam olarak ne zaman ba\u015flayaca\u011f\u0131 konusu ise net de\u011fildir. Bu durumda online e\u011fitimde \u00e7ocuklar\u0131m\u0131z g\u00fcn\u00fcn neredeyse 6 ile 10 saat aras\u0131nda bilgisayar ba\u015f\u0131nda veya telefonda ge\u00e7irmektedirler buna birde internette oyunlar veya de\u011fi\u015fik konular \u00fczerinde \u00e7al\u0131\u015fmalar eklendi\u011finde baz\u0131 g\u00fcnler 12 saati bilgisayar ba\u015f\u0131nda ge\u00e7irebilir.\u00a0<\/span><\/p>\n<p><span style=\"font-weight: 400;\"><strong>Online e\u011fitim<\/strong> s\u0131ras\u0131nda bilgisayar ba\u015f\u0131nda ge\u00e7irilen zamanda <strong>g\u00f6z k\u0131rma kusurlar\u0131, g\u00f6z tembelli\u011fi, g\u00f6z yorgunlu\u011fu gibi g\u00f6z ile ilgili hastal\u0131klar geli\u015febilir<\/strong> ancak bunlar geli\u015firken biz ebeveynler veya \u00e7ocuklar\u0131m\u0131z fark\u0131na varamayabilirler. Bu nedenle daha \u00f6nceden \u00e7ocuklara yap\u0131lan g\u00f6z muayenemizi yapmak veya akl\u0131m\u0131za getirmek \u00e7ocuklar\u0131m\u0131z\u0131n gelece\u011fi i\u00e7in \u00f6nem arz edecektir.<\/p>\n<p><strong><a href=\"https:\/\/annebebekkulubu.com\/blog\/bebek\/yeni-dogan-bebeklerde-goz-bakimi-nasil-yapilir\/\">Yenido\u011fan bebeklerde g\u00f6z bak\u0131m\u0131 nas\u0131l yap\u0131l\u0131r?<\/a> <\/strong>Yaz\u0131m\u0131z\u0131 da okuyabilirsiniz.\u00a0<\/span><\/p>\n<h2><span class=\"ez-toc-section\" id=\"Cocuklarda_goz_hastaliklari_belirtileri_nelerdir\"><\/span><strong>\u00c7ocuklarda g\u00f6z hastal\u0131klar\u0131 belirtileri nelerdir?\u00a0<\/strong><span class=\"ez-toc-section-end\"><\/span><\/h2>\n<p><span style=\"font-weight: 400;\">Bazen \u00e7ocuklar g\u00f6z bozukluklar\u0131n\u0131 g\u00f6z d\u0131\u015f\u0131 \u015fikayetler ile gelebilirler. <strong>Ba\u015f a\u011fr\u0131s\u0131, ba\u015f d\u00f6nmesi, dengesizlik, derslerde ba\u015far\u0131s\u0131zl\u0131k, huzursuzluk, uyuyamama<\/strong> gibi g\u00f6z d\u0131\u015f\u0131 bulgularla gelebilir. G\u00f6z hastal\u0131klar\u0131nda erken te\u015fhis i\u00e7in bu pandemi d\u00f6neminde hen\u00fcz g\u00f6z muayenesine gidilmemi\u015fse \u015fikayeti bile yoksa en az\u0131ndan bir kere g\u00f6z muayenesinden ge\u00e7irilmesi faydal\u0131 olacakt\u0131r.<\/span><\/p>\n<p>&nbsp;<\/p>\n","protected":false},"excerpt":{"rendered":"<p>Bebeklerde g\u00f6z muayenesi hangi ayda yap\u0131l\u0131r? Bebeklerde g\u00f6z muayenesi nas\u0131l yap\u0131l\u0131r? \u00c7ocuk Sa\u011fl\u0131\u011f\u0131 ve Hastal\u0131klar\u0131 Uzman\u0131 Prof. Dr. Vefik Ar\u0131ca pandemi d\u00f6neminde \u00e7ocuklarda g\u00f6z muayenesi ile ilgili merak edilenleri yazd\u0131!..\u00a0 Bebeklerde g\u00f6z muayenesi nas\u0131l yap\u0131l\u0131r?\u00a0 \u00c7ocuk hekimli\u011finde bebeklikten itibaren g\u00f6z muayenesi bizim olmazsa olmaz\u0131m\u0131z ve rutin muayenemizin bir par\u00e7as\u0131d\u0131r. \u00c7ocukluk \u00e7a\u011f\u0131nda ilk g\u00f6z muayenesi yeni [&hellip;]<\/p>\n","protected":false},"author":151,"featured_media":9620,"comment_status":"open","ping_status":"closed","sticky":false,"template":"","format":"standard","meta":{"jetpack_post_was_ever_published":false,"_jetpack_newsletter_access":"","_jetpack_dont_email_post_to_subs":false,"_jetpack_newsletter_tier_id":0,"_jetpack_memberships_contains_paywalled_content":false,"_jetpack_memberships_contains_paid_content":false,"footnotes":""},"categories":[7],"tags":[],"class_list":{"0":"post-9619","1":"post","2":"type-post","3":"status-publish","4":"format-standard","5":"has-post-thumbnail","7":"category-saglik"},"jetpack_sharing_enabled":true,"jetpack_featured_media_url":"https:\/\/i0.wp.com\/annebebekkulubu.com\/blog\/wp-content\/uploads\/2021\/01\/cocuklarda-goz-muayenesi.jpg?fit=626%2C417&ssl=1","jetpack-related-posts":[],"_links":{"self":[{"href":"https:\/\/annebebekkulubu.com\/blog\/wp-json\/wp\/v2\/posts\/9619","targetHints":{"allow":["GET"]}}],"collection":[{"href":"https:\/\/annebebekkulubu.com\/blog\/wp-json\/wp\/v2\/posts"}],"about":[{"href":"https:\/\/annebebekkulubu.com\/blog\/wp-json\/wp\/v2\/types\/post"}],"author":[{"embeddable":true,"href":"https:\/\/annebebekkulubu.com\/blog\/wp-json\/wp\/v2\/users\/151"}],"replies":[{"embeddable":true,"href":"https:\/\/annebebekkulubu.com\/blog\/wp-json\/wp\/v2\/comments?post=9619"}],"version-history":[{"count":0,"href":"https:\/\/annebebekkulubu.com\/blog\/wp-json\/wp\/v2\/posts\/9619\/revisions"}],"wp:featuredmedia":[{"embeddable":true,"href":"https:\/\/annebebekkulubu.com\/blog\/wp-json\/wp\/v2\/media\/9620"}],"wp:attachment":[{"href":"https:\/\/annebebekkulubu.com\/blog\/wp-json\/wp\/v2\/media?parent=9619"}],"wp:term":[{"taxonomy":"category","embeddable":true,"href":"https:\/\/annebebekkulubu.com\/blog\/wp-json\/wp\/v2\/categories?post=9619"},{"taxonomy":"post_tag","embeddable":true,"href":"https:\/\/annebebekkulubu.com\/blog\/wp-json\/wp\/v2\/tags?post=9619"}],"curies":[{"name":"wp","href":"https:\/\/api.w.org\/{rel}","templated":true}]}}