{"id":9611,"date":"2021-01-09T16:46:27","date_gmt":"2021-01-09T13:46:27","guid":{"rendered":"https:\/\/blog.annebebekkulubu.com\/?p=9611"},"modified":"2021-01-09T16:46:27","modified_gmt":"2021-01-09T13:46:27","slug":"bebeklerde-2-ay-asilari-ve-yan-etkileri","status":"publish","type":"post","link":"https:\/\/annebebekkulubu.com\/blog\/bebeklerde-2-ay-asilari-ve-yan-etkileri\/","title":{"rendered":"Bebeklerde 2. ay a\u015f\u0131lar\u0131 ve yan etkileri"},"content":{"rendered":"<div id=\"ez-toc-container\" class=\"ez-toc-v2_0_82_2 counter-hierarchy ez-toc-counter ez-toc-light-blue ez-toc-container-direction\">\n<p class=\"ez-toc-title\" style=\"cursor:inherit\">Yaz\u0131 \u0130\u00e7eri\u011fi<\/p>\n<label for=\"ez-toc-cssicon-toggle-item-69f4cfd88f938\" class=\"ez-toc-cssicon-toggle-label\"><span class=\"\"><span class=\"eztoc-hide\" style=\"display:none;\">Toggle<\/span><span class=\"ez-toc-icon-toggle-span\"><svg style=\"fill: #999;color:#999\" xmlns=\"http:\/\/www.w3.org\/2000\/svg\" class=\"list-377408\" width=\"20px\" height=\"20px\" viewBox=\"0 0 24 24\" fill=\"none\"><path d=\"M6 6H4v2h2V6zm14 0H8v2h12V6zM4 11h2v2H4v-2zm16 0H8v2h12v-2zM4 16h2v2H4v-2zm16 0H8v2h12v-2z\" fill=\"currentColor\"><\/path><\/svg><svg style=\"fill: #999;color:#999\" class=\"arrow-unsorted-368013\" xmlns=\"http:\/\/www.w3.org\/2000\/svg\" width=\"10px\" height=\"10px\" viewBox=\"0 0 24 24\" version=\"1.2\" baseProfile=\"tiny\"><path d=\"M18.2 9.3l-6.2-6.3-6.2 6.3c-.2.2-.3.4-.3.7s.1.5.3.7c.2.2.4.3.7.3h11c.3 0 .5-.1.7-.3.2-.2.3-.5.3-.7s-.1-.5-.3-.7zM5.8 14.7l6.2 6.3 6.2-6.3c.2-.2.3-.5.3-.7s-.1-.5-.3-.7c-.2-.2-.4-.3-.7-.3h-11c-.3 0-.5.1-.7.3-.2.2-.3.5-.3.7s.1.5.3.7z\"\/><\/svg><\/span><\/span><\/label><input type=\"checkbox\"  id=\"ez-toc-cssicon-toggle-item-69f4cfd88f938\"  aria-label=\"A\u00e7\/Kapat\" \/><nav><ul class='ez-toc-list ez-toc-list-level-1 ' ><li class='ez-toc-page-1 ez-toc-heading-level-2'><a class=\"ez-toc-link ez-toc-heading-1\" href=\"https:\/\/annebebekkulubu.com\/blog\/bebeklerde-2-ay-asilari-ve-yan-etkileri\/#2_ay_asilari_nelerdir\" >2. ay a\u015f\u0131lar\u0131 nelerdir?\u00a0<\/a><\/li><li class='ez-toc-page-1 ez-toc-heading-level-2'><a class=\"ez-toc-link ez-toc-heading-2\" href=\"https:\/\/annebebekkulubu.com\/blog\/bebeklerde-2-ay-asilari-ve-yan-etkileri\/#BCG_verem_asisi_asisi\" >BCG (verem a\u015f\u0131s\u0131) a\u015f\u0131s\u0131<\/a><\/li><li class='ez-toc-page-1 ez-toc-heading-level-2'><a class=\"ez-toc-link ez-toc-heading-3\" href=\"https:\/\/annebebekkulubu.com\/blog\/bebeklerde-2-ay-asilari-ve-yan-etkileri\/#Yan_etkileri\" >Yan etkileri<\/a><\/li><li class='ez-toc-page-1 ez-toc-heading-level-2'><a class=\"ez-toc-link ez-toc-heading-4\" href=\"https:\/\/annebebekkulubu.com\/blog\/bebeklerde-2-ay-asilari-ve-yan-etkileri\/#Yan_etki\" >Yan etki<\/a><\/li><li class='ez-toc-page-1 ez-toc-heading-level-2'><a class=\"ez-toc-link ez-toc-heading-5\" href=\"https:\/\/annebebekkulubu.com\/blog\/bebeklerde-2-ay-asilari-ve-yan-etkileri\/#KPA_konjuge_pnomokok_asisi\" >KPA (konjuge pn\u00f6mokok a\u015f\u0131s\u0131)<\/a><\/li><li class='ez-toc-page-1 ez-toc-heading-level-2'><a class=\"ez-toc-link ez-toc-heading-6\" href=\"https:\/\/annebebekkulubu.com\/blog\/bebeklerde-2-ay-asilari-ve-yan-etkileri\/#Pnomokok\" >Pn\u00f6mokok<\/a><\/li><li class='ez-toc-page-1 ez-toc-heading-level-2'><a class=\"ez-toc-link ez-toc-heading-7\" href=\"https:\/\/annebebekkulubu.com\/blog\/bebeklerde-2-ay-asilari-ve-yan-etkileri\/#Yan_etki-2\" >Yan etki<\/a><\/li><li class='ez-toc-page-1 ez-toc-heading-level-2'><a class=\"ez-toc-link ez-toc-heading-8\" href=\"https:\/\/annebebekkulubu.com\/blog\/bebeklerde-2-ay-asilari-ve-yan-etkileri\/#Devlet_tarafindan_karsilanan_asilar_ve_ozel_asilar\" >Devlet taraf\u0131ndan kar\u015f\u0131lanan a\u015f\u0131lar ve \u00f6zel a\u015f\u0131lar<\/a><\/li><\/ul><\/nav><\/div>\n<p><strong>Bebeklerde 2. ay a\u015f\u0131lar\u0131 ve yan etkileri nelerdir?<\/strong> 2. ay a\u015f\u0131lar\u0131 nereden yap\u0131l\u0131r? 2. ay a\u015f\u0131lar\u0131 uyku ve ate\u015f yapar m\u0131? <strong>\u00c7ocuk Sa\u011fl\u0131\u011f\u0131 ve Hastal\u0131klar\u0131 Uzman\u0131 Dr. Harika S\u00f6nmez<\/strong>, bebeklerde 2. ay a\u015f\u0131lar\u0131 ile ilgili merak edilenleri yazd\u0131!..<\/p>\n<h2><span class=\"ez-toc-section\" id=\"2_ay_asilari_nelerdir\"><\/span><strong>2. ay a\u015f\u0131lar\u0131 nelerdir?\u00a0<\/strong><span class=\"ez-toc-section-end\"><\/span><\/h2>\n<p>T\u00fcm d\u00fcnyada a\u015f\u0131 ile \u00f6nlenebilir hastal\u0131klar rutin a\u015f\u0131lama programlar\u0131 sayesinde b\u00fcy\u00fck \u00f6l\u00e7\u00fcde azalt\u0131lm\u0131\u015f olup, a\u015f\u0131lama sayesinde her y\u0131l 2-3 milyon \u00f6l\u00fcm \u00f6nlenmektedir.<\/p>\n<p>Bebeklere do\u011fumda <strong>Hepatit B a\u015f\u0131s\u0131<\/strong> ve <strong>K vitamini<\/strong> uygulan\u0131r.<\/p>\n<p>1 . Ayda: Hepatit B a\u015f\u0131s\u0131n\u0131n ikinci dozu uygulan\u0131r<\/p>\n<p>2. Ayda : BCG (verem a\u015f\u0131s\u0131), DaBT-\u0130PA-Hib (5\u2019li karma a\u015f\u0131) , KPA( Konguge pn\u00f6mokok a\u015f\u0131s\u0131) uygulan\u0131r<\/p>\n<p>Bu a\u015f\u0131lar genellikle ailelerin yan etkilerinden korktu\u011fu a\u015f\u0131lard\u0131r ama gerekli \u00f6nlem ve bilgilendirme ile a\u015f\u0131 sonras\u0131 d\u00f6nem \u00e7ok rahat bir \u015fekilde ge\u00e7irilebilir<\/p>\n<h2><span class=\"ez-toc-section\" id=\"BCG_verem_asisi_asisi\"><\/span><strong>BCG (verem a\u015f\u0131s\u0131) a\u015f\u0131s\u0131<\/strong><span class=\"ez-toc-section-end\"><\/span><\/h2>\n<p>T\u00fcberk\u00fcloz t\u00fcm \u00fclkelerde \u00f6nemli bir sa\u011fl\u0131k sorunudur ve a\u015f\u0131lama t\u00fcm d\u00fcnyada yayg\u0131n olarak yap\u0131l\u0131r. A\u015f\u0131 tek doz olarak ikinci ayda (bebek 2 kilonun alt\u0131nda ise 2 kiloya ula\u015fmas\u0131 beklenir) koldan deri i\u00e7ine uygulan\u0131r. \u00d6zellikle \u00e7ocukluk d\u00f6neminde \u00f6l\u00fcmc\u00fcl bir t\u00fcr olan <strong>miliyer t\u00fcberk\u00fcloz<\/strong> ve <strong>t\u00fcberk\u00fcloz menenjitin<\/strong>e kar\u015f\u0131 y\u00fcksek koruma sa\u011flar. A\u015f\u0131 yap\u0131lan ki\u015filerde s\u00f6z konusu etkenle kar\u015f\u0131la\u015fmalar\u0131 durumunda tedavi yan\u0131t\u0131 a\u015f\u0131 olmayan bireylere g\u00f6re \u00e7ok y\u00fcksektir.<\/p>\n<h2><span class=\"ez-toc-section\" id=\"Yan_etkileri\"><\/span><strong>Yan etkileri<\/strong><span class=\"ez-toc-section-end\"><\/span><\/h2>\n<p>&#8211; A\u015f\u0131 yerinde k\u0131zar\u0131kl\u0131k, hafif \u015fi\u015flik, a\u011fr\u0131\/ huzursuzluk g\u00f6r\u00fclebilir.<\/p>\n<p>&#8211; Bazen koltukalt\u0131 ve boyun lenf bezlerinde \u015fi\u015flik yapabilir ve bu durum kendili\u011finden ge\u00e7mezse doktorunuzla g\u00f6r\u00fc\u015fmeniz gerekmektedir.<\/p>\n<p>&#8211; A\u00e7\u0131dan bir iki ay sonda a\u015f\u0131 b\u00f6lgesinde k\u0131zar\u0131kl\u0131k, \u015fi\u015flik ve ak\u0131nt\u0131 g\u00f6r\u00fclmesi ve sonras\u0131nda bir iz b\u0131rakmas\u0131 normaldir ama hi\u00e7 iz b\u0131rakmadan da iyile\u015febilir.<\/p>\n<p>&#8211; DaBT-\u0130PA-H\u0130b ( difteri, asell\u00fcler bo\u011fmaca, tetanoz-inaktive polio a\u015f\u0131s\u0131- hemofilus influenza tip B a\u015f\u0131s\u0131) 5 Li karma a\u015f\u0131; \u0130lk dozu verem a\u015f\u0131s\u0131 ile birlikte 2. Ayda yap\u0131l\u0131r sonras\u0131nda 4. -6. &#8211; 18 . Ay ve 4 ya\u015fda tekrarlan\u0131r.<\/p>\n<h2><span class=\"ez-toc-section\" id=\"Yan_etki\"><\/span><strong>Yan etki<\/strong><span class=\"ez-toc-section-end\"><\/span><\/h2>\n<p>Yan etki a\u00e7\u0131s\u0131ndan en \u00e7ok korkulan a\u015f\u0131larsan biri idi ama art\u0131k i\u00e7eri\u011findeki bo\u011fmaca a\u015f\u0131s\u0131 inaktive formda oldu\u011fundan ate\u015f ve \u015fi\u015flik gibi yan etkiler olduk\u00e7a az g\u00f6r\u00fcnmektedir , yine de 38 C yi bulan bir ate\u015f durumunda ate\u015f d\u00fc\u015f\u00fcr\u00fcc\u00fc kullan\u0131lmas\u0131 \u00f6nerilir , fakat ate\u015f d\u00fc\u015f\u00fcr\u00fcc\u00fcn\u00fcn a\u015f\u0131 \u00f6ncesinde verilmesi \u00f6nerilmez . Bu a\u015f\u0131 nedeniyle y\u00fcksek ate\u015fe ba\u011fl\u0131 havale ( febril konvuzyon) riski yoktur.<\/p>\n<h2><span class=\"ez-toc-section\" id=\"KPA_konjuge_pnomokok_asisi\"><\/span><strong>KPA (konjuge pn\u00f6mokok a\u015f\u0131s\u0131)<\/strong><span class=\"ez-toc-section-end\"><\/span><\/h2>\n<p>A\u015f\u0131lama hem \u00e7ocuk hemde yeti\u015fkinleri pn\u00f6mokok hastal\u0131\u011f\u0131ndan korur.<\/p>\n<h2><span class=\"ez-toc-section\" id=\"Pnomokok\"><\/span><strong>Pn\u00f6mokok<\/strong><span class=\"ez-toc-section-end\"><\/span><\/h2>\n<p>Akci\u011fer (zat\u00fcrre)<br \/>\nKan (bakteriyemi)<br \/>\nBeyin ve omurilik zarlar\u0131 (<a href=\"https:\/\/annebebekkulubu.com\/blog\/saglik\/meningokok-menenjiti-enfeksiyonu-ve-menenjit-asilari\/\"><strong>menenjit<\/strong><\/a>) gibi dokularda ciddi enfeksiyonlara neden olabilir.<br \/>\nA\u015f\u0131lama 2 -4 ve 12. Ayda uygulan\u0131r.<br \/>\nA\u015f\u0131 \u00e7ok g\u00fcvenlidir ve hastal\u0131\u011f\u0131 \u00f6nlemede \u00e7ok etkilidir.<\/p>\n<h2><span class=\"ez-toc-section\" id=\"Yan_etki-2\"><\/span><strong>Yan etki<\/strong><span class=\"ez-toc-section-end\"><\/span><\/h2>\n<p>Hafif huzursuzluk, <a href=\"https:\/\/annebebekkulubu.com\/blog\/beslenme\/cocuklarda-istahsizlik-nedenleri-ve-tedavisi\/\"><strong>i\u015ftahs\u0131zl\u0131k<\/strong><\/a>, a\u015f\u0131 yerinde k\u0131zar\u0131kl\u0131k \/ \u015fi\u015flik, nadiren ate\u015f<br \/>\nBu yan etkilerin hepsi k\u0131sa d\u00f6nemde g\u00f6r\u00fcl\u00fcr ve ge\u00e7icidir.<\/p>\n<p><a href=\"https:\/\/annebebekkulubu.com\/blog\/cocuk\/bebek-ve-cocuklar-icin-asi-takvimi-hangi-asi-ne-zaman-yapilir\/\"><strong>Bebekler i\u00e7in g\u00fcncel a\u015f\u0131 takvimi\u00a0<\/strong><\/a><\/p>\n<h2><span class=\"ez-toc-section\" id=\"Devlet_tarafindan_karsilanan_asilar_ve_ozel_asilar\"><\/span><strong>Devlet taraf\u0131ndan kar\u015f\u0131lanan a\u015f\u0131lar ve \u00f6zel a\u015f\u0131lar<\/strong><span class=\"ez-toc-section-end\"><\/span><\/h2>\n<p>Devlet taraf\u0131ndan kar\u015f\u0131lanan a\u015f\u0131lar nelerdir? Bebek ve \u00e7ocuklara hangi a\u015f\u0131lar\u0131 mutlaka yapt\u0131rmal\u0131s\u0131n\u0131z? \u00c7ocukluk \u00e7a\u011f\u0131 a\u015f\u0131lar\u0131 ile ilgili detayl\u0131 bilgiye &#8220;<a href=\"https:\/\/annebebekkulubu.com\/blog\/bebek\/devlet-tarafindan-karsilanan-asilar-ve-ozel-asilar\/\"><strong>Devlet taraf\u0131ndan kar\u015f\u0131lanan a\u015f\u0131lar ve \u00f6zel a\u015f\u0131lar<\/strong><\/a>&#8221; yaz\u0131m\u0131zdan ula\u015fabilirsiniz.<\/p>\n","protected":false},"excerpt":{"rendered":"<p>Bebeklerde 2. ay a\u015f\u0131lar\u0131 ve yan etkileri nelerdir? 2. ay a\u015f\u0131lar\u0131 nereden yap\u0131l\u0131r? 2. ay a\u015f\u0131lar\u0131 uyku ve ate\u015f yapar m\u0131? \u00c7ocuk Sa\u011fl\u0131\u011f\u0131 ve Hastal\u0131klar\u0131 Uzman\u0131 Dr. Harika S\u00f6nmez, bebeklerde 2. ay a\u015f\u0131lar\u0131 ile ilgili merak edilenleri yazd\u0131!.. 2. ay a\u015f\u0131lar\u0131 nelerdir?\u00a0 T\u00fcm d\u00fcnyada a\u015f\u0131 ile \u00f6nlenebilir hastal\u0131klar rutin a\u015f\u0131lama programlar\u0131 sayesinde b\u00fcy\u00fck \u00f6l\u00e7\u00fcde azalt\u0131lm\u0131\u015f [&hellip;]<\/p>\n","protected":false},"author":80,"featured_media":6888,"comment_status":"open","ping_status":"closed","sticky":false,"template":"","format":"standard","meta":{"jetpack_post_was_ever_published":false,"_jetpack_newsletter_access":"","_jetpack_dont_email_post_to_subs":false,"_jetpack_newsletter_tier_id":0,"_jetpack_memberships_contains_paywalled_content":false,"_jetpack_memberships_contains_paid_content":false,"footnotes":""},"categories":[6],"tags":[],"class_list":{"0":"post-9611","1":"post","2":"type-post","3":"status-publish","4":"format-standard","5":"has-post-thumbnail","7":"category-bebek"},"jetpack_sharing_enabled":true,"jetpack_featured_media_url":"https:\/\/i0.wp.com\/annebebekkulubu.com\/blog\/wp-content\/uploads\/2020\/04\/devletin-karsilamadigi-ozel-asilar.jpg?fit=725%2C490&ssl=1","jetpack-related-posts":[],"_links":{"self":[{"href":"https:\/\/annebebekkulubu.com\/blog\/wp-json\/wp\/v2\/posts\/9611","targetHints":{"allow":["GET"]}}],"collection":[{"href":"https:\/\/annebebekkulubu.com\/blog\/wp-json\/wp\/v2\/posts"}],"about":[{"href":"https:\/\/annebebekkulubu.com\/blog\/wp-json\/wp\/v2\/types\/post"}],"author":[{"embeddable":true,"href":"https:\/\/annebebekkulubu.com\/blog\/wp-json\/wp\/v2\/users\/80"}],"replies":[{"embeddable":true,"href":"https:\/\/annebebekkulubu.com\/blog\/wp-json\/wp\/v2\/comments?post=9611"}],"version-history":[{"count":0,"href":"https:\/\/annebebekkulubu.com\/blog\/wp-json\/wp\/v2\/posts\/9611\/revisions"}],"wp:featuredmedia":[{"embeddable":true,"href":"https:\/\/annebebekkulubu.com\/blog\/wp-json\/wp\/v2\/media\/6888"}],"wp:attachment":[{"href":"https:\/\/annebebekkulubu.com\/blog\/wp-json\/wp\/v2\/media?parent=9611"}],"wp:term":[{"taxonomy":"category","embeddable":true,"href":"https:\/\/annebebekkulubu.com\/blog\/wp-json\/wp\/v2\/categories?post=9611"},{"taxonomy":"post_tag","embeddable":true,"href":"https:\/\/annebebekkulubu.com\/blog\/wp-json\/wp\/v2\/tags?post=9611"}],"curies":[{"name":"wp","href":"https:\/\/api.w.org\/{rel}","templated":true}]}}