{"id":9603,"date":"2021-01-08T23:57:51","date_gmt":"2021-01-08T20:57:51","guid":{"rendered":"https:\/\/blog.annebebekkulubu.com\/?p=9603"},"modified":"2021-01-09T00:09:24","modified_gmt":"2021-01-08T21:09:24","slug":"bebeklerde-emekleme-ne-zaman-olur","status":"publish","type":"post","link":"https:\/\/annebebekkulubu.com\/blog\/bebeklerde-emekleme-ne-zaman-olur\/","title":{"rendered":"Bebeklerde emekleme ne zaman olur?"},"content":{"rendered":"<div id=\"ez-toc-container\" class=\"ez-toc-v2_0_82_2 counter-hierarchy ez-toc-counter ez-toc-light-blue ez-toc-container-direction\">\n<p class=\"ez-toc-title\" style=\"cursor:inherit\">Yaz\u0131 \u0130\u00e7eri\u011fi<\/p>\n<label for=\"ez-toc-cssicon-toggle-item-69f4ddd91340f\" class=\"ez-toc-cssicon-toggle-label\"><span class=\"\"><span class=\"eztoc-hide\" style=\"display:none;\">Toggle<\/span><span class=\"ez-toc-icon-toggle-span\"><svg style=\"fill: #999;color:#999\" xmlns=\"http:\/\/www.w3.org\/2000\/svg\" class=\"list-377408\" width=\"20px\" height=\"20px\" viewBox=\"0 0 24 24\" fill=\"none\"><path d=\"M6 6H4v2h2V6zm14 0H8v2h12V6zM4 11h2v2H4v-2zm16 0H8v2h12v-2zM4 16h2v2H4v-2zm16 0H8v2h12v-2z\" fill=\"currentColor\"><\/path><\/svg><svg style=\"fill: #999;color:#999\" class=\"arrow-unsorted-368013\" xmlns=\"http:\/\/www.w3.org\/2000\/svg\" width=\"10px\" height=\"10px\" viewBox=\"0 0 24 24\" version=\"1.2\" baseProfile=\"tiny\"><path d=\"M18.2 9.3l-6.2-6.3-6.2 6.3c-.2.2-.3.4-.3.7s.1.5.3.7c.2.2.4.3.7.3h11c.3 0 .5-.1.7-.3.2-.2.3-.5.3-.7s-.1-.5-.3-.7zM5.8 14.7l6.2 6.3 6.2-6.3c.2-.2.3-.5.3-.7s-.1-.5-.3-.7c-.2-.2-.4-.3-.7-.3h-11c-.3 0-.5.1-.7.3-.2.2-.3.5-.3.7s.1.5.3.7z\"\/><\/svg><\/span><\/span><\/label><input type=\"checkbox\"  id=\"ez-toc-cssicon-toggle-item-69f4ddd91340f\"  aria-label=\"A\u00e7\/Kapat\" \/><nav><ul class='ez-toc-list ez-toc-list-level-1 ' ><li class='ez-toc-page-1 ez-toc-heading-level-2'><a class=\"ez-toc-link ez-toc-heading-1\" href=\"https:\/\/annebebekkulubu.com\/blog\/bebeklerde-emekleme-ne-zaman-olur\/#Bebeklerde_emekleme_ne_zaman_baslar\" >Bebeklerde emekleme ne zaman ba\u015flar?<\/a><\/li><li class='ez-toc-page-1 ez-toc-heading-level-2'><a class=\"ez-toc-link ez-toc-heading-2\" href=\"https:\/\/annebebekkulubu.com\/blog\/bebeklerde-emekleme-ne-zaman-olur\/#Bebeklerde_emekleme_belirtileri_nelerdir\" >Bebeklerde emekleme belirtileri nelerdir?<\/a><\/li><li class='ez-toc-page-1 ez-toc-heading-level-2'><a class=\"ez-toc-link ez-toc-heading-3\" href=\"https:\/\/annebebekkulubu.com\/blog\/bebeklerde-emekleme-ne-zaman-olur\/#Bebeklere_emekleme_nasil_ogretilir\" >Bebeklere emekleme nas\u0131l \u00f6\u011fretilir?<\/a><\/li><li class='ez-toc-page-1 ez-toc-heading-level-2'><a class=\"ez-toc-link ez-toc-heading-4\" href=\"https:\/\/annebebekkulubu.com\/blog\/bebeklerde-emekleme-ne-zaman-olur\/#Bebeklerin_emekleme_doneminde_dikkat_edilmesi_gerekenler\" >Bebeklerin emekleme d\u00f6neminde dikkat edilmesi gerekenler<\/a><\/li><\/ul><\/nav><\/div>\n<p><strong>Bebeklerde emekleme ne zaman olur?<\/strong> Bebeklerde emekleme ka\u00e7\u0131nc\u0131 ayda ba\u015flar? Bebeklerde emekleme a\u015famalar\u0131 nelerdir? <strong>Do\u00e7. Dr. \u00d6zge Ser\u00e7e Pehlevan \u00c7ocuk Sa\u011fl\u0131\u011f\u0131 ve Hastal\u0131klar\u0131 Uzman\u0131 Neonatoloji (Yenido\u011fan) Uzman\u0131<\/strong> bebeklerde emekleme d\u00f6nemi hakk\u0131nda merak edilenleri yazd\u0131!..<\/p>\n<h2><span class=\"ez-toc-section\" id=\"Bebeklerde_emekleme_ne_zaman_baslar\"><\/span><strong>Bebeklerde emekleme ne zaman ba\u015flar?<\/strong><span class=\"ez-toc-section-end\"><\/span><\/h2>\n<p>Bu yaz\u0131m da ana hatlar\u0131 ile<strong> \u201c<a href=\"https:\/\/annebebekkulubu.com\/blog\/bebek\/bebekler-ne-zaman-emeklemeye-baslar\/\">Bebekler ne zaman emekler?<\/a>\u201d \u201cEmekleme neden \u00f6nemlidir?\u201d<\/strong> \u201cEmeklememenin olumsuz etkileri nelerdir?\u201d \u201cBebekler emeklemeye nas\u0131l te\u015fvik edilir?\u201d ba\u015fl\u0131klar\u0131na de\u011finece\u011fim.<\/p>\n<p>\u00c7ocuklar ya\u015famlar\u0131n\u0131n ilk iki y\u0131l\u0131nda \u00e7ok h\u0131zl\u0131 b\u00fcy\u00fcr ve dil, motor, sosyal vb. alanlarda da benzer h\u0131zla geli\u015firler. \u00c7ocuklardaki motor geli\u015fim, kaba ve ince motor geli\u015fim olarak ikiye ayr\u0131l\u0131r. Kaba motor geli\u015fim v\u00fccudun g\u00f6vde, kol ve bacak hareketlerini kontrol eden b\u00fcy\u00fck kaslar\u0131n\u0131n i\u015flevsellik kazanmas\u0131d\u0131r. \u0130nce motor geli\u015fim ise el ve parmak hareketleri gibi daha k\u00fc\u00e7\u00fck ince hareketleri i\u00e7erir. \u00c7ocuklarda kaba motor geli\u015fim genelde ba\u015ftan aya\u011fa do\u011fru d\u00fczenli bir s\u0131rada ilerler. Ancak s\u0131ras\u0131 gelen kaba motor becerinin geli\u015fiminin ba\u015flang\u0131c\u0131 ve ortaya \u00e7\u0131k\u0131\u015f bi\u00e7imi \u00e7ocuktan \u00e7ocu\u011fa farkl\u0131l\u0131k g\u00f6sterir. Buna en g\u00fczel \u00f6rnek emeklemedir. Genelde bebekler el ve dizlerini s\u0131ra ile hareket ettirerek emeklemeyi ba\u015far\u0131rken, kimisi sadece kollar\u0131n\u0131 kullan\u0131r, bir k\u0131sm\u0131 ise yar\u0131 oturur pozisyonda ilerler. Baz\u0131 \u00e7ocuklar ise emekleme faz\u0131n\u0131 es ge\u00e7erek yani hi\u00e7 emeklemeden tutunarak y\u00fcr\u00fcmeye ba\u015flarlar. Bu konuda farkl\u0131 g\u00f6r\u00fc\u015fler olsa da genel olarak emeklemeden y\u00fcr\u00fcmenin \u00f6nemli bir zarar\u0131 olmad\u0131\u011f\u0131n\u0131 s\u00f6yleyebiliriz. Emeklemeyi \u00f6\u011frenen \u00e7ocuk ince motor becerileri de bir yanda geli\u015ftirir. \u0130stedi\u011fi nesneye ula\u015fan \u00e7ocuk \u00f6nce onu avucu ile kavrar, sonra zamanla e\u015fyalar\u0131 parmaklar\u0131 ile kavrayarak tutar.<\/p>\n<h2><span class=\"ez-toc-section\" id=\"Bebeklerde_emekleme_belirtileri_nelerdir\"><\/span><strong>Bebeklerde emekleme belirtileri nelerdir?<\/strong><span class=\"ez-toc-section-end\"><\/span><\/h2>\n<p>Emeklerken beynin iki taraf\u0131 ayn\u0131 anda \u00e7al\u0131\u015f\u0131r. Bu nedenle beynin iki taraf\u0131 aras\u0131ndaki ba\u011flant\u0131lar g\u00fc\u00e7lenir. El-g\u00f6z koordinasyonu, v\u00fccudun iki yar\u0131s\u0131 aras\u0131ndaki koordinasyon, g\u00f6rsel uzamsal alg\u0131, g\u00f6rsel takip becerisi artar. Emeklerken el ve bacaklar\u0131yla yerdeki farkl\u0131 dokulara temas etmesi dokunma duyusunu geli\u015ftirir. Emekle s\u0131ras\u0131nda y\u00fcr\u00fcmeye k\u0131yasla \u00e7ok daha fazla eklem ve kasa uyar\u0131 gidece\u011fi i\u00e7in beden fark\u0131ndal\u0131\u011f\u0131 geli\u015fir. \u00d6zetle bebeklerde g\u00f6rsel alg\u0131, denge ve koordinasyon geli\u015fimi a\u00e7\u0131s\u0131ndan emekleme \u00e7ok \u00f6nemlidir.<br \/>\nGenelde bebekler 6-9 ay aras\u0131nda emekler, kabaca 6-8 ay aras\u0131 d\u00f6nem s\u00fcr\u00fcnme, 7- 9 ay aras\u0131 d\u00f6nem ise emekleme i\u00e7in beklenen aylard\u0131r. Do\u011fum sonras\u0131 8-12 ayl\u0131k d\u00f6nemde bebe\u011finiz;<\/p>\n<p>&#8211; Emeklemiyorsa &#8211; Emeklerken v\u00fccudunun bir taraf\u0131n\u0131 1 aydan fazla s\u00fcr\u00fckl\u00fcyorsa &#8211; Sizi izlerken saklad\u0131\u011f\u0131n\u0131z \u015feyleri aram\u0131yorsa<\/p>\n<p>&#8211; Hi\u00e7bir kelime s\u00f6ylemiyorsa<\/p>\n<p>&#8211; El veya kafa sallama gibi v\u00fccut mimiklerini kullanm\u0131yorsa<\/p>\n<p>&#8211; Nesneleri, resimleri g\u00f6stermiyorsa doktorunuza ba\u015fvurunuz ama hemen de panik olmay\u0131n\u0131z.<\/p>\n<p>Unutmay\u0131n her bebek kendi tarz\u0131nda ve farkl\u0131 zamanlarda geli\u015fim g\u00f6sterir. Ancak gecikmenin bireysel fark\u0131ndal\u0131k oldu\u011funu kabul etmeden \u00f6nce \u00f6zellikle erken do\u011fum gibi n\u00f6rolojik geli\u015fim a\u00e7\u0131s\u0131ndan bebe\u011finiz riskler ta\u015f\u0131yorsa bu konuda bir uzman\u0131n de\u011ferlendirmesi daha g\u00fcvenilir olacakt\u0131r.<\/p>\n<figure id=\"attachment_9606\" aria-describedby=\"caption-attachment-9606\" style=\"width: 626px\" class=\"wp-caption alignnone\"><img decoding=\"async\" class=\"size-full wp-image-9606\" src=\"https:\/\/i0.wp.com\/annebebekkulubu.com\/blog\/wp-content\/uploads\/2021\/01\/bebeklere-emekleme-nasil-ogretilir.jpg?resize=626%2C417&#038;ssl=1\" alt=\"Bebeklere emekleme nas\u0131l \u00f6\u011fretilir?\" width=\"626\" height=\"417\" srcset=\"https:\/\/i0.wp.com\/annebebekkulubu.com\/blog\/wp-content\/uploads\/2021\/01\/bebeklere-emekleme-nasil-ogretilir.jpg?w=626&amp;ssl=1 626w, https:\/\/i0.wp.com\/annebebekkulubu.com\/blog\/wp-content\/uploads\/2021\/01\/bebeklere-emekleme-nasil-ogretilir.jpg?resize=300%2C200&amp;ssl=1 300w\" sizes=\"(max-width: 626px) 100vw, 626px\" data-recalc-dims=\"1\" \/><figcaption id=\"caption-attachment-9606\" class=\"wp-caption-text\">Bebeklere emekleme nas\u0131l \u00f6\u011fretilir?<\/figcaption><\/figure>\n<h2><span class=\"ez-toc-section\" id=\"Bebeklere_emekleme_nasil_ogretilir\"><\/span><strong>Bebeklere emekleme nas\u0131l \u00f6\u011fretilir?<\/strong><span class=\"ez-toc-section-end\"><\/span><\/h2>\n<p>\u00c7ocu\u011funuzun motor geli\u015fimine destek olmak i\u00e7in ya\u015f\u0131 \u00e7ok k\u00fc\u00e7\u00fck bile olsa sizi anlamayaca\u011f\u0131 yanl\u0131\u015f alg\u0131s\u0131na kap\u0131lmadan, onu yapmay\u0131 ba\u015fard\u0131\u011f\u0131 her a\u015famada \u00f6verek cesaretlendirin. \u00c7ocu\u011funuzla beraber yerde bol bol vakit ge\u00e7irin. Bebe\u011finizle payla\u015faca\u011f\u0131n\u0131z bu <strong>\u201cyer aktivite zaman\u0131\u201d<\/strong> bebe\u011finiz i\u00e7in hem e\u011flenceli olacak hem de geli\u015fimine yard\u0131mc\u0131 olacak egzersizleri yapmas\u0131na olanak sa\u011flayacakt\u0131r. Kendinizi heyecanla inceleyece\u011fi bir hedef olarak kullanabilirsiniz. Ayn\u0131 \u015fekilde bu ama\u00e7la en sevdi\u011fi oyuncaklardan, objelerden de faydalanabilirsiniz.<\/p>\n<p><strong>Onunla oynad\u0131\u011f\u0131n\u0131z oyunlar i\u00e7ine bolca emekleme aktiviteleri serpi\u015ftirin<\/strong>. Birlikte sandalyelerin, masalar\u0131n alt\u0131ndan emekleyin; olu\u015fturdu\u011funuz t\u00fcnellerden ge\u00e7in. El, kol gibi v\u00fccut b\u00f6l\u00fcmlerini alg\u0131lamas\u0131 i\u00e7in ona masaj yapabilir, bebe\u011finizin g\u00fcvenli\u011fi g\u00f6zetilerek \u00fcretilmi\u015f olmas\u0131 kayd\u0131yla \u00e7\u0131ng\u0131rakl\u0131 \u00e7orap, bileklik gibi \u00fcr\u00fcnlerden faydalanabilirsiniz. Emeklemesi i\u00e7in bebe\u011finize g\u00fcvenmeniz ve ona f\u0131rsat vermeniz \u00f6nemlidir. Bebe\u011finizi mama sandalyesinde uzun tutmak, yast\u0131kla koltukta destekleyerek oturtmak emeklemeye ge\u00e7i\u015f yapmas\u0131n\u0131 olumsuz etkileyecektir. Di\u011fer taraftan emekleme problemi daha erken aylarda y\u00fcz\u00fckoyun pozisyonda duramayan veya durmay\u0131 sevmeyen bebeklerde daha s\u0131k g\u00f6r\u00fclebilir.<\/p>\n<p>Bebekler y\u00fcz\u00fckoyun pozisyonda yer \u00e7ekimi ile m\u00fccadele ederler. Y\u00fcz\u00fckoyun pozisyonda kollar\u0131na y\u00fck almay\u0131nca, bebeklerin omuz ve kol kaslar\u0131 yeterince geli\u015fmez, a\u011f\u0131rl\u0131k aktarmay\u0131 \u00f6\u011frenemezler. V\u00fccut par\u00e7alar\u0131 aras\u0131ndaki koordinasyon ve denge de yetersiz geli\u015fir. Bunun sonucunda emekleme gibi sonraki geli\u015fim basamaklar\u0131 da sekteye u\u011frayabilir. Bu nedenle daha erken aylarda bebe\u011finizi bol bol y\u00fcz \u00fcst\u00fc pozisyonda tutan aktiviteler yap\u0131n, ancak bebe\u011finiz y\u00fcz\u00fckoyun pozisyonda iken onun g\u00fcvenli\u011fini sa\u011flamak ad\u0131na yan\u0131ndan ayr\u0131lmay\u0131n. Y\u00fcz\u00fckoyun poziyonda durmay\u0131 sevmiyorsa k\u0131r\u0131lmaz aynalardan faydalanabilirsiniz. G\u00f6\u011fs\u00fcn\u00fcn alt\u0131na yerle\u015ftirilmi\u015f havlu vb. destekleyici ile ba\u015f\u0131n\u0131 kald\u0131rmas\u0131na yard\u0131m edip aynaya bakmas\u0131n\u0131 sa\u011flayabilirsiniz.<\/p>\n<h2><span class=\"ez-toc-section\" id=\"Bebeklerin_emekleme_doneminde_dikkat_edilmesi_gerekenler\"><\/span><strong>Bebeklerin emekleme d\u00f6neminde dikkat edilmesi gerekenler<\/strong><span class=\"ez-toc-section-end\"><\/span><\/h2>\n<p>Bebeklerin geli\u015fim s\u00fcrecindeki emekleme ve \u00f6zellikle y\u00fcr\u00fcme a\u015famalar\u0131nda kendi \u00e7evrelerindeki d\u00fcnyay\u0131 ke\u015ffetmek en b\u00fcy\u00fck hobilerinden biri olur. Bu nedenle bebe\u011finiz emeklemeye ba\u015flay\u0131nca ek g\u00fcvenlik tedbirleri alman\u0131z gerekecektir. Bebe\u011finiz ula\u015fabilece\u011fi her \u015feyi a\u011fz\u0131na g\u00f6t\u00fcrmek isteyece\u011fi i\u00e7in yerde tehlikeli \u015feyler olmamas\u0131na dikkat edin. Oyun mat\u0131nda serbest b\u0131rakmay\u0131n. K\u00f6\u015fesi sivri yerlere kenar\/k\u00f6\u015fe koruyucu yerle\u015ftirebilirsiniz. Oyun \u00e7itleri bebe\u011finiz oyun alan\u0131nda s\u0131n\u0131rlar\u0131 a\u015fmadan oyalan\u0131rken g\u00fcnl\u00fck hayatta sizin de baz\u0131 i\u015flerinizi yapabilmenize olanak sa\u011flayacakt\u0131r.<\/p>\n","protected":false},"excerpt":{"rendered":"<p>Bebeklerde emekleme ne zaman olur? Bebeklerde emekleme ka\u00e7\u0131nc\u0131 ayda ba\u015flar? Bebeklerde emekleme a\u015famalar\u0131 nelerdir? Do\u00e7. Dr. \u00d6zge Ser\u00e7e Pehlevan \u00c7ocuk Sa\u011fl\u0131\u011f\u0131 ve Hastal\u0131klar\u0131 Uzman\u0131 Neonatoloji (Yenido\u011fan) Uzman\u0131 bebeklerde emekleme d\u00f6nemi hakk\u0131nda merak edilenleri yazd\u0131!.. Bebeklerde emekleme ne zaman ba\u015flar? Bu yaz\u0131m da ana hatlar\u0131 ile \u201cBebekler ne zaman emekler?\u201d \u201cEmekleme neden \u00f6nemlidir?\u201d \u201cEmeklememenin olumsuz etkileri [&hellip;]<\/p>\n","protected":false},"author":80,"featured_media":9605,"comment_status":"open","ping_status":"closed","sticky":false,"template":"","format":"standard","meta":{"jetpack_post_was_ever_published":false,"_jetpack_newsletter_access":"","_jetpack_dont_email_post_to_subs":false,"_jetpack_newsletter_tier_id":0,"_jetpack_memberships_contains_paywalled_content":false,"_jetpack_memberships_contains_paid_content":false,"footnotes":""},"categories":[6],"tags":[],"class_list":{"0":"post-9603","1":"post","2":"type-post","3":"status-publish","4":"format-standard","5":"has-post-thumbnail","7":"category-bebek"},"jetpack_sharing_enabled":true,"jetpack_featured_media_url":"https:\/\/i0.wp.com\/annebebekkulubu.com\/blog\/wp-content\/uploads\/2021\/01\/bebeklerde-emekleme-ne-zaman-olur.jpg?fit=626%2C417&ssl=1","jetpack-related-posts":[],"_links":{"self":[{"href":"https:\/\/annebebekkulubu.com\/blog\/wp-json\/wp\/v2\/posts\/9603","targetHints":{"allow":["GET"]}}],"collection":[{"href":"https:\/\/annebebekkulubu.com\/blog\/wp-json\/wp\/v2\/posts"}],"about":[{"href":"https:\/\/annebebekkulubu.com\/blog\/wp-json\/wp\/v2\/types\/post"}],"author":[{"embeddable":true,"href":"https:\/\/annebebekkulubu.com\/blog\/wp-json\/wp\/v2\/users\/80"}],"replies":[{"embeddable":true,"href":"https:\/\/annebebekkulubu.com\/blog\/wp-json\/wp\/v2\/comments?post=9603"}],"version-history":[{"count":0,"href":"https:\/\/annebebekkulubu.com\/blog\/wp-json\/wp\/v2\/posts\/9603\/revisions"}],"wp:featuredmedia":[{"embeddable":true,"href":"https:\/\/annebebekkulubu.com\/blog\/wp-json\/wp\/v2\/media\/9605"}],"wp:attachment":[{"href":"https:\/\/annebebekkulubu.com\/blog\/wp-json\/wp\/v2\/media?parent=9603"}],"wp:term":[{"taxonomy":"category","embeddable":true,"href":"https:\/\/annebebekkulubu.com\/blog\/wp-json\/wp\/v2\/categories?post=9603"},{"taxonomy":"post_tag","embeddable":true,"href":"https:\/\/annebebekkulubu.com\/blog\/wp-json\/wp\/v2\/tags?post=9603"}],"curies":[{"name":"wp","href":"https:\/\/api.w.org\/{rel}","templated":true}]}}