{"id":9268,"date":"2020-12-14T20:27:05","date_gmt":"2020-12-14T17:27:05","guid":{"rendered":"https:\/\/blog.annebebekkulubu.com\/?p=9268"},"modified":"2023-12-17T16:00:21","modified_gmt":"2023-12-17T13:00:21","slug":"en-iyi-kolajen-markasi-hangisi","status":"publish","type":"post","link":"https:\/\/annebebekkulubu.com\/blog\/en-iyi-kolajen-markasi-hangisi\/","title":{"rendered":"En iyi kolajen markas\u0131 hangisi?"},"content":{"rendered":"<div id=\"ez-toc-container\" class=\"ez-toc-v2_0_82_2 counter-hierarchy ez-toc-counter ez-toc-light-blue ez-toc-container-direction\">\n<p class=\"ez-toc-title\" style=\"cursor:inherit\">Yaz\u0131 \u0130\u00e7eri\u011fi<\/p>\n<label for=\"ez-toc-cssicon-toggle-item-69f7112bdc795\" class=\"ez-toc-cssicon-toggle-label\"><span class=\"\"><span class=\"eztoc-hide\" style=\"display:none;\">Toggle<\/span><span class=\"ez-toc-icon-toggle-span\"><svg style=\"fill: #999;color:#999\" xmlns=\"http:\/\/www.w3.org\/2000\/svg\" class=\"list-377408\" width=\"20px\" height=\"20px\" viewBox=\"0 0 24 24\" fill=\"none\"><path d=\"M6 6H4v2h2V6zm14 0H8v2h12V6zM4 11h2v2H4v-2zm16 0H8v2h12v-2zM4 16h2v2H4v-2zm16 0H8v2h12v-2z\" fill=\"currentColor\"><\/path><\/svg><svg style=\"fill: #999;color:#999\" class=\"arrow-unsorted-368013\" xmlns=\"http:\/\/www.w3.org\/2000\/svg\" width=\"10px\" height=\"10px\" viewBox=\"0 0 24 24\" version=\"1.2\" baseProfile=\"tiny\"><path d=\"M18.2 9.3l-6.2-6.3-6.2 6.3c-.2.2-.3.4-.3.7s.1.5.3.7c.2.2.4.3.7.3h11c.3 0 .5-.1.7-.3.2-.2.3-.5.3-.7s-.1-.5-.3-.7zM5.8 14.7l6.2 6.3 6.2-6.3c.2-.2.3-.5.3-.7s-.1-.5-.3-.7c-.2-.2-.4-.3-.7-.3h-11c-.3 0-.5.1-.7.3-.2.2-.3.5-.3.7s.1.5.3.7z\"\/><\/svg><\/span><\/span><\/label><input type=\"checkbox\"  id=\"ez-toc-cssicon-toggle-item-69f7112bdc795\"  aria-label=\"A\u00e7\/Kapat\" \/><nav><ul class='ez-toc-list ez-toc-list-level-1 ' ><li class='ez-toc-page-1 ez-toc-heading-level-2'><a class=\"ez-toc-link ez-toc-heading-1\" href=\"https:\/\/annebebekkulubu.com\/blog\/en-iyi-kolajen-markasi-hangisi\/#En_iyi_kolajen_destegi_hangisi\" >En iyi kolajen deste\u011fi hangisi?\u00a0<\/a><\/li><li class='ez-toc-page-1 ez-toc-heading-level-2'><a class=\"ez-toc-link ez-toc-heading-2\" href=\"https:\/\/annebebekkulubu.com\/blog\/en-iyi-kolajen-markasi-hangisi\/#Kolajenlerin_faydalari_nelerdir\" >Kolajenlerin faydalar\u0131 nelerdir?\u00a0<\/a><\/li><li class='ez-toc-page-1 ez-toc-heading-level-2'><a class=\"ez-toc-link ez-toc-heading-3\" href=\"https:\/\/annebebekkulubu.com\/blog\/en-iyi-kolajen-markasi-hangisi\/#En_iyi_kolajen_takviyesi_ve_kolajen_serum_cesitleri\" >En iyi kolajen takviyesi ve kolajen serum \u00e7e\u015fitleri<\/a><\/li><li class='ez-toc-page-1 ez-toc-heading-level-2'><a class=\"ez-toc-link ez-toc-heading-4\" href=\"https:\/\/annebebekkulubu.com\/blog\/en-iyi-kolajen-markasi-hangisi\/#Kolajen_nedir\" >Kolajen nedir?<\/a><\/li><li class='ez-toc-page-1 ez-toc-heading-level-2'><a class=\"ez-toc-link ez-toc-heading-5\" href=\"https:\/\/annebebekkulubu.com\/blog\/en-iyi-kolajen-markasi-hangisi\/#Kolajen_tipleri_nelerdir\" >Kolajen tipleri nelerdir?\u00a0<\/a><ul class='ez-toc-list-level-3' ><li class='ez-toc-heading-level-3'><a class=\"ez-toc-link ez-toc-heading-6\" href=\"https:\/\/annebebekkulubu.com\/blog\/en-iyi-kolajen-markasi-hangisi\/#Tip_1_kolajen_nedir\" >Tip 1 kolajen nedir?<\/a><\/li><li class='ez-toc-page-1 ez-toc-heading-level-3'><a class=\"ez-toc-link ez-toc-heading-7\" href=\"https:\/\/annebebekkulubu.com\/blog\/en-iyi-kolajen-markasi-hangisi\/#Tip_2_kolajen_nedir\" >Tip 2 kolajen\u00a0nedir ?<\/a><\/li><li class='ez-toc-page-1 ez-toc-heading-level-3'><a class=\"ez-toc-link ez-toc-heading-8\" href=\"https:\/\/annebebekkulubu.com\/blog\/en-iyi-kolajen-markasi-hangisi\/#Tip_3_kolajen_nedir\" >Tip 3 kolajen nedir?<\/a><\/li><li class='ez-toc-page-1 ez-toc-heading-level-3'><a class=\"ez-toc-link ez-toc-heading-9\" href=\"https:\/\/annebebekkulubu.com\/blog\/en-iyi-kolajen-markasi-hangisi\/#Tip_4_Kolajen\" >Tip 4 Kolajen<\/a><\/li><\/ul><\/li><li class='ez-toc-page-1 ez-toc-heading-level-2'><a class=\"ez-toc-link ez-toc-heading-10\" href=\"https:\/\/annebebekkulubu.com\/blog\/en-iyi-kolajen-markasi-hangisi\/#2023_yilinin_en_iyi_kolajen_markalari\" >2023 y\u0131l\u0131n\u0131n en iyi\u00a0kolajen markalar\u0131<\/a><\/li><li class='ez-toc-page-1 ez-toc-heading-level-2'><a class=\"ez-toc-link ez-toc-heading-11\" href=\"https:\/\/annebebekkulubu.com\/blog\/en-iyi-kolajen-markasi-hangisi\/#Prosante_UltraKolajen_Shot\" >Prosante UltraKolajen Shot<\/a><\/li><li class='ez-toc-page-1 ez-toc-heading-level-2'><a class=\"ez-toc-link ez-toc-heading-12\" href=\"https:\/\/annebebekkulubu.com\/blog\/en-iyi-kolajen-markasi-hangisi\/#Cosvia_Collagen\" >Cosvia Collagen<\/a><\/li><li class='ez-toc-page-1 ez-toc-heading-level-2'><a class=\"ez-toc-link ez-toc-heading-13\" href=\"https:\/\/annebebekkulubu.com\/blog\/en-iyi-kolajen-markasi-hangisi\/#Voonka_Collagen_Beauty_Hyaluronic_Acid\" >Voonka Collagen Beauty Hyaluronic Acid<\/a><\/li><li class='ez-toc-page-1 ez-toc-heading-level-2'><a class=\"ez-toc-link ez-toc-heading-14\" href=\"https:\/\/annebebekkulubu.com\/blog\/en-iyi-kolajen-markasi-hangisi\/#Voonka_Collagen_Powder_Hidrolize_Kolajen_Vitamin_C\" >Voonka Collagen Powder Hidrolize Kolajen Vitamin C<\/a><\/li><li class='ez-toc-page-1 ez-toc-heading-level-2'><a class=\"ez-toc-link ez-toc-heading-15\" href=\"https:\/\/annebebekkulubu.com\/blog\/en-iyi-kolajen-markasi-hangisi\/#Solgar_Hyaluronic_Acid_Collagen_Complex\" >Solgar Hyaluronic Acid Collagen Complex<\/a><\/li><li class='ez-toc-page-1 ez-toc-heading-level-2'><a class=\"ez-toc-link ez-toc-heading-16\" href=\"https:\/\/annebebekkulubu.com\/blog\/en-iyi-kolajen-markasi-hangisi\/#Neocell_Super_Collagen_Vitamin_C_120_Tablet\" >Neocell S\u00fcper Collagen + Vitamin C 120 Tablet<\/a><\/li><li class='ez-toc-page-1 ez-toc-heading-level-2'><a class=\"ez-toc-link ez-toc-heading-17\" href=\"https:\/\/annebebekkulubu.com\/blog\/en-iyi-kolajen-markasi-hangisi\/#Youtheory_Collagen\" >Youtheory Collagen<\/a><\/li><li class='ez-toc-page-1 ez-toc-heading-level-2'><a class=\"ez-toc-link ez-toc-heading-18\" href=\"https:\/\/annebebekkulubu.com\/blog\/en-iyi-kolajen-markasi-hangisi\/#Naturagen_Collagen\" >Naturagen Collagen<\/a><\/li><li class='ez-toc-page-1 ez-toc-heading-level-2'><a class=\"ez-toc-link ez-toc-heading-19\" href=\"https:\/\/annebebekkulubu.com\/blog\/en-iyi-kolajen-markasi-hangisi\/#Dinamis_Multi_Collagen_with_Vit-C_Powder\" >Dinamis Multi Collagen with Vit-C Powder<\/a><\/li><li class='ez-toc-page-1 ez-toc-heading-level-2'><a class=\"ez-toc-link ez-toc-heading-20\" href=\"https:\/\/annebebekkulubu.com\/blog\/en-iyi-kolajen-markasi-hangisi\/#Imunex_Collanex\" >Imunex Collanex<\/a><\/li><li class='ez-toc-page-1 ez-toc-heading-level-2'><a class=\"ez-toc-link ez-toc-heading-21\" href=\"https:\/\/annebebekkulubu.com\/blog\/en-iyi-kolajen-markasi-hangisi\/#CollaJeune%C2%AE_Beauty\" >CollaJeune\u00ae Beauty<\/a><\/li><li class='ez-toc-page-1 ez-toc-heading-level-2'><a class=\"ez-toc-link ez-toc-heading-22\" href=\"https:\/\/annebebekkulubu.com\/blog\/en-iyi-kolajen-markasi-hangisi\/#Aksu_Vital_Kolajen_C_Vitamini\" >Aksu Vital Kolajen + C Vitamini<\/a><\/li><li class='ez-toc-page-1 ez-toc-heading-level-2'><a class=\"ez-toc-link ez-toc-heading-23\" href=\"https:\/\/annebebekkulubu.com\/blog\/en-iyi-kolajen-markasi-hangisi\/#Beef_Collagen\" >Beef Collagen<\/a><\/li><li class='ez-toc-page-1 ez-toc-heading-level-2'><a class=\"ez-toc-link ez-toc-heading-24\" href=\"https:\/\/annebebekkulubu.com\/blog\/en-iyi-kolajen-markasi-hangisi\/#Collagen_Beauty_Formula\" >Collagen Beauty Formula<\/a><\/li><li class='ez-toc-page-1 ez-toc-heading-level-2'><a class=\"ez-toc-link ez-toc-heading-25\" href=\"https:\/\/annebebekkulubu.com\/blog\/en-iyi-kolajen-markasi-hangisi\/#MCT_Collagen\" >MCT Collagen<\/a><\/li><li class='ez-toc-page-1 ez-toc-heading-level-2'><a class=\"ez-toc-link ez-toc-heading-26\" href=\"https:\/\/annebebekkulubu.com\/blog\/en-iyi-kolajen-markasi-hangisi\/#Supra_Marine_Collagen\" >Supra Marine Collagen\u00a0<\/a><\/li><li class='ez-toc-page-1 ez-toc-heading-level-2'><a class=\"ez-toc-link ez-toc-heading-27\" href=\"https:\/\/annebebekkulubu.com\/blog\/en-iyi-kolajen-markasi-hangisi\/#Supra_Collagen_for_You\" >Supra Collagen for You<\/a><\/li><li class='ez-toc-page-1 ez-toc-heading-level-2'><a class=\"ez-toc-link ez-toc-heading-28\" href=\"https:\/\/annebebekkulubu.com\/blog\/en-iyi-kolajen-markasi-hangisi\/#Wecollagen\" >Wecollagen<\/a><\/li><li class='ez-toc-page-1 ez-toc-heading-level-2'><a class=\"ez-toc-link ez-toc-heading-29\" href=\"https:\/\/annebebekkulubu.com\/blog\/en-iyi-kolajen-markasi-hangisi\/#Via_Life_Collagen\" >Via Life Collagen<\/a><\/li><li class='ez-toc-page-1 ez-toc-heading-level-2'><a class=\"ez-toc-link ez-toc-heading-30\" href=\"https:\/\/annebebekkulubu.com\/blog\/en-iyi-kolajen-markasi-hangisi\/#En_iyi_kolajen_serum_cesitleri\" >En iyi kolajen serum \u00e7e\u015fitleri<\/a><\/li><li class='ez-toc-page-1 ez-toc-heading-level-2'><a class=\"ez-toc-link ez-toc-heading-31\" href=\"https:\/\/annebebekkulubu.com\/blog\/en-iyi-kolajen-markasi-hangisi\/#Caudalie_Resveratrol_Lift_Aninda_Sikilastirici_Etkili_Serum\" >Caudalie, Resveratrol Lift An\u0131nda S\u0131k\u0131la\u015ft\u0131r\u0131c\u0131 Etkili Serum<\/a><\/li><li class='ez-toc-page-1 ez-toc-heading-level-2'><a class=\"ez-toc-link ez-toc-heading-32\" href=\"https:\/\/annebebekkulubu.com\/blog\/en-iyi-kolajen-markasi-hangisi\/#Kiehls_Powerful_Wrinkle_Reducing_Cream_SPF30\" >Kiehl\u2019s, Powerful Wrinkle Reducing Cream SPF30<\/a><\/li><li class='ez-toc-page-1 ez-toc-heading-level-2'><a class=\"ez-toc-link ez-toc-heading-33\" href=\"https:\/\/annebebekkulubu.com\/blog\/en-iyi-kolajen-markasi-hangisi\/#La_Mer_Lifting_and_Firming_Mask\" >La Mer, Lifting and Firming Mask<\/a><\/li><li class='ez-toc-page-1 ez-toc-heading-level-2'><a class=\"ez-toc-link ez-toc-heading-34\" href=\"https:\/\/annebebekkulubu.com\/blog\/en-iyi-kolajen-markasi-hangisi\/#New_Essentials_Kolajen_Serum\" >New Essentials Kolajen Serum<\/a><\/li><li class='ez-toc-page-1 ez-toc-heading-level-2'><a class=\"ez-toc-link ez-toc-heading-35\" href=\"https:\/\/annebebekkulubu.com\/blog\/en-iyi-kolajen-markasi-hangisi\/#Mizon_Collagen_100\" >Mizon Collagen 100<\/a><\/li><li class='ez-toc-page-1 ez-toc-heading-level-2'><a class=\"ez-toc-link ez-toc-heading-36\" href=\"https:\/\/annebebekkulubu.com\/blog\/en-iyi-kolajen-markasi-hangisi\/#Algenist_Genius_Liquid_Collagen\" >Algenist Genius Liquid Collagen<\/a><\/li><li class='ez-toc-page-1 ez-toc-heading-level-2'><a class=\"ez-toc-link ez-toc-heading-37\" href=\"https:\/\/annebebekkulubu.com\/blog\/en-iyi-kolajen-markasi-hangisi\/#LR_Zeitgard_Racine_Kolajen_Serum\" >LR Zeitgard Racine Kolajen Serum<\/a><\/li><li class='ez-toc-page-1 ez-toc-heading-level-2'><a class=\"ez-toc-link ez-toc-heading-38\" href=\"https:\/\/annebebekkulubu.com\/blog\/en-iyi-kolajen-markasi-hangisi\/#Dermalogica_Dynamic_Skin_Recovery_SPF_50\" >Dermalogica Dynamic Skin Recovery SPF 50<\/a><\/li><li class='ez-toc-page-1 ez-toc-heading-level-2'><a class=\"ez-toc-link ez-toc-heading-39\" href=\"https:\/\/annebebekkulubu.com\/blog\/en-iyi-kolajen-markasi-hangisi\/#DrJart_Dermask_Spot_Jet_Neck_Chin_Lift\" >Dr.Jart+ Dermask Spot Jet Neck &amp; Chin Lift<\/a><\/li><li class='ez-toc-page-1 ez-toc-heading-level-2'><a class=\"ez-toc-link ez-toc-heading-40\" href=\"https:\/\/annebebekkulubu.com\/blog\/en-iyi-kolajen-markasi-hangisi\/#Drunk_Elephant_Protini%E2%84%A2_Polypeptide_Cream\" >Drunk Elephant Protini&#x2122; Polypeptide Cream<\/a><\/li><li class='ez-toc-page-1 ez-toc-heading-level-2'><a class=\"ez-toc-link ez-toc-heading-41\" href=\"https:\/\/annebebekkulubu.com\/blog\/en-iyi-kolajen-markasi-hangisi\/#Dr_Dennis_Gross_C_Collagen_Brighten_Firm_Vitamin_C_Serum\" >Dr Dennis Gross C+ Collagen Brighten &amp; Firm Vitamin C Serum<\/a><\/li><li class='ez-toc-page-1 ez-toc-heading-level-2'><a class=\"ez-toc-link ez-toc-heading-42\" href=\"https:\/\/annebebekkulubu.com\/blog\/en-iyi-kolajen-markasi-hangisi\/#Ole_Henriksen_Banana_Bright_Eye_Creme\" >Ole Henriksen Banana Bright Eye Creme<\/a><\/li><li class='ez-toc-page-1 ez-toc-heading-level-2'><a class=\"ez-toc-link ez-toc-heading-43\" href=\"https:\/\/annebebekkulubu.com\/blog\/en-iyi-kolajen-markasi-hangisi\/#Nuface_Trinity_Collagen_Booster_Bundle\" >Nuface Trinity Collagen Booster Bundle<\/a><\/li><li class='ez-toc-page-1 ez-toc-heading-level-2'><a class=\"ez-toc-link ez-toc-heading-44\" href=\"https:\/\/annebebekkulubu.com\/blog\/en-iyi-kolajen-markasi-hangisi\/#Murad_Rapid_Collagen_Infusion_For_Lips\" >Murad Rapid Collagen Infusion For Lips<\/a><\/li><li class='ez-toc-page-1 ez-toc-heading-level-2'><a class=\"ez-toc-link ez-toc-heading-45\" href=\"https:\/\/annebebekkulubu.com\/blog\/en-iyi-kolajen-markasi-hangisi\/#Procsin_Kolajen_Serum\" >Procsin Kolajen Serum\u00a0<\/a><\/li><\/ul><\/nav><\/div>\n<p><strong>Kolajen nedir?<\/strong> Kolajen markalar\u0131, \u00e7e\u015fitleri ve i\u00e7erikleri nelerdir? Kolajen al\u0131rken nelere dikkat edilmeli? Kolajen bulunan besinler nelerdir? Kolajen ne i\u015fe yarar, faydalar\u0131 nelerdir? Kolajen boy uzat\u0131r m\u0131? Kolajenin cilde faydalar\u0131 nelerdir? Kolajen alerji yapar m\u0131? <strong>En iyi kolajen markas\u0131 hangisi?<\/strong> Hangi <strong>kolajen takviyeleri<\/strong> tercih edilebilir nitelikte \u00fcr\u00fcn? <strong>Anne Bebek Kul\u00fcb\u00fc yazar\u0131 Zeynep Sa\u011flam<\/strong>, kolajen markalar\u0131n\u0131 ara\u015ft\u0131rd\u0131 ve <strong>en iyi kolajen markalar\u0131n\u0131<\/strong> okuyucular\u0131m\u0131z i\u00e7in ara\u015ft\u0131rd\u0131.<\/p>\n<h2><span class=\"ez-toc-section\" id=\"En_iyi_kolajen_destegi_hangisi\"><\/span><strong>En iyi kolajen deste\u011fi hangisi?\u00a0<\/strong><span class=\"ez-toc-section-end\"><\/span><\/h2>\n<p>H\u0131zla geli\u015fen teknoloji \u00e7a\u011f\u0131nda, 21. y\u00fczy\u0131l\u0131n i\u00e7erisinde bulundu\u011fumuz \u015fu zamanlarda, konu insano\u011flu i\u00e7in cilt bak\u0131m\u0131 oldu\u011funda her bir markadan ve bir\u00e7ok farkl\u0131 kozmetikten tutun da, takviye g\u0131dalar\u0131na, cilt bak\u0131m \u00fcr\u00fcnlerine var\u0131ncaya kadar inan\u0131lmaz bir \u00fcr\u00fcn \u00e7e\u015fitlili\u011fini bulman\u0131z m\u00fcmk\u00fcn piyasada.<\/p>\n<p>\u00d6zellikle son y\u0131llarda ad\u0131n\u0131 s\u0131k\u00e7a duydu\u011fumuz kolajene ait t\u00fcm <strong>g\u0131da takviyeleri<\/strong>, <strong>serum \u00e7e\u015fitleri<\/strong> ve tamamlay\u0131c\u0131 \u00fcr\u00fcn olarak kullanabilece\u011fimiz alternatif yan \u00fcr\u00fcnler, gen\u00e7 ve sa\u011fl\u0131kl\u0131 bir cildin olmazsa olmaz anahtar\u0131 olarak g\u00f6r\u00fcl\u00fcyor. Tabii kullan\u0131m\u0131 ki\u015finin ihtiyac\u0131na g\u00f6re de\u011fi\u015fiyor. \u0130ster takviye olarak alabilece\u011finiz ister serum olarak uygulayabilece\u011finiz bu \u00e7ok \u00e7e\u015fitlili\u011fe sahip olan kolajen d\u00fcnyas\u0131 as\u0131l \u00f6z\u00fct\u00fc protein oldu\u011fu i\u00e7in, bir\u00e7ok <strong>ya\u015flanma kar\u015f\u0131t\u0131 \u00fcr\u00fcn\u00fcn temelini olu\u015fturdu\u011fu gibi, v\u00fccut ve cilt sa\u011fl\u0131\u011f\u0131 i\u00e7in inan\u0131lmaz mucizeler yarat\u0131yor.<\/strong><\/p>\n<p>\u0130nsanlar ruhsal bedenine yat\u0131r\u0131m yaparken ayn\u0131 zamanda fiziksel g\u00f6r\u00fcn\u00fcm\u00fcnde uyum i\u00e7inde ahenkle dans edebilmesi i\u00e7in fark\u0131ndal\u0131\u011fa do\u011fru t\u0131rman\u0131\u015f ser\u00fcveninde hep bir aray\u0131\u015f i\u00e7indedir. Ya\u015f her ne kadar ilerlerse ilerlesin, sahip oldu\u011fu cildin daha sa\u011fl\u0131kl\u0131 ve daha gen\u00e7 g\u00f6r\u00fcnme iste\u011fi olunca devreye devasa kolajen d\u00fcnyas\u0131n\u0131n \u00fcr\u00fcnleri ve kullan\u0131m\u0131 giriyor. Ya\u015f ilerledik\u00e7e v\u00fccutta azalan kolajen miktar\u0131 sebebiyle y\u00fcz\u00fcm\u00fczde ve v\u00fccudumuzun di\u011fer b\u00f6lgelerinde geli\u015fen sarkmalar ve k\u0131r\u0131\u015f\u0131kl\u0131klar <strong>kolajen deste\u011fi<\/strong> sayesinde en aza indirilebiliyor. Bu nedenle bir\u00e7ok insan, daha <strong>sa\u011fl\u0131kl\u0131 ve gen\u00e7 bir cilt g\u00f6r\u00fcn\u00fcm\u00fc i\u00e7in kolajen takviyesi<\/strong> almay\u0131 tercih ediyor.<\/p>\n<p>\u00d6zellikle so\u011fuk havalarda hassasla\u015fan, kuruyan, pul pul d\u00f6k\u00fclen ve irite olan cilt konfor alan\u0131ndan \u00e7\u0131k\u0131yor bu sebeple daha yo\u011fun kolajenlerle cildinize \u0131\u015f\u0131lt\u0131 katabilirsiniz. Yine ayn\u0131 \u015fekilde havan\u0131n \u0131s\u0131s\u0131 artt\u0131k\u00e7a cildiniz ciddi derecede neme ihtiya\u00e7 duyuyor. Cildi yat\u0131\u015ft\u0131rmak ve ihtiyac\u0131 olan t\u00fcm bak\u0131m ve deste\u011fi sa\u011flamak i\u00e7in gereken t\u00fcm takviye ve tamamlay\u0131c\u0131 \u00fcr\u00fcn olan kolajenlere ihtiya\u00e7 oran\u0131 g\u00fcnden g\u00fcne art\u0131yor.<\/p>\n<p>Ba\u015flarda \u00e7ok memnun kald\u0131\u011f\u0131n\u0131z kolajen \u00fcr\u00fcnlerinizden kulland\u0131k\u00e7a ayn\u0131 sonucu alamamaya ba\u015flad\u0131ysan\u0131z, arad\u0131\u011f\u0131n\u0131z cevap belki de bu derin ara\u015ft\u0131rma sonucu elde etti\u011fim yaz\u0131mda olabilir. \u0130\u015fte <strong>en iyi kolajen markalar\u0131!<\/strong><\/p>\n<p>Okumal\u0131s\u0131n\u0131z: <a href=\"https:\/\/annebebekkulubu.com\/blog\/beslenme\/guvenilir-vitamin-takviyeleri-hangi-takviyeyi-almaliyim\/\">G\u00fcvenilir vitamin takviyeleri &#8211; hangi takviyeyi almal\u0131y\u0131m?\u00a0<\/a><\/p>\n<figure id=\"attachment_9273\" aria-describedby=\"caption-attachment-9273\" style=\"width: 626px\" class=\"wp-caption alignnone\"><img decoding=\"async\" class=\"size-full wp-image-9273\" src=\"https:\/\/i0.wp.com\/annebebekkulubu.com\/blog\/wp-content\/uploads\/2020\/12\/en-iyi-kolajen-ve-hyaluronik-asit-takviyesi.jpg?resize=626%2C417&#038;ssl=1\" alt=\"En iyi kolajen ve hyaluronik asit takviyesi\" width=\"626\" height=\"417\" srcset=\"https:\/\/i0.wp.com\/annebebekkulubu.com\/blog\/wp-content\/uploads\/2020\/12\/en-iyi-kolajen-ve-hyaluronik-asit-takviyesi.jpg?w=626&amp;ssl=1 626w, https:\/\/i0.wp.com\/annebebekkulubu.com\/blog\/wp-content\/uploads\/2020\/12\/en-iyi-kolajen-ve-hyaluronik-asit-takviyesi.jpg?resize=300%2C200&amp;ssl=1 300w\" sizes=\"(max-width: 626px) 100vw, 626px\" data-recalc-dims=\"1\" \/><figcaption id=\"caption-attachment-9273\" class=\"wp-caption-text\">En iyi kolajen ve hyaluronik asit takviyesi<\/figcaption><\/figure>\n<h2><span class=\"ez-toc-section\" id=\"Kolajenlerin_faydalari_nelerdir\"><\/span><strong>Kolajenlerin faydalar\u0131 nelerdir?\u00a0<\/strong><span class=\"ez-toc-section-end\"><\/span><\/h2>\n<p>Kolajenin v\u00fccudumuz i\u00e7in olduk\u00e7a \u00f6nemli oldu\u011fundan bahsetmi\u015ftik. Yani bu protein, v\u00fccudumuzun bir\u00e7ok b\u00f6l\u00fcm\u00fcnde g\u00f6rev al\u0131yor. Bu nedenle faydalar\u0131 saymakla bitmiyor desek yeridir. Ancak ba\u015fl\u0131ca faydalar\u0131 i\u00e7in genel olarak \u015funlar\u0131 s\u00f6ylememiz m\u00fcnk\u00fcn :<\/p>\n<ul>\n<li>Cilt sa\u011fl\u0131\u011f\u0131n\u0131 geli\u015ftiriyor. Cildin elastikiyetini artt\u0131r\u0131yor ve cilt kusurlar\u0131n\u0131n iyile\u015fmesine yard\u0131mc\u0131 oluyor.<\/li>\n<li>K\u0131r\u0131\u015f\u0131kl\u0131k olu\u015fumunu azaltarak ya\u015flanma belirtilerini geciktiriyor.<\/li>\n<li>Kas k\u00fctlesinin korunmas\u0131na ve artt\u0131r\u0131lmas\u0131na yard\u0131mc\u0131 oluyor.<\/li>\n<li>Sindirim sisteminin d\u00fczenlenmesini sa\u011fl\u0131yor. Bu sayede metabolizman\u0131n h\u0131zlanmas\u0131na yard\u0131mc\u0131 oluyor.<\/li>\n<li>K\u0131k\u0131rdak b\u00fct\u00fcnl\u00fc\u011f\u00fcn\u00fcn korunmas\u0131na yard\u0131mc\u0131 oluyor. Bu sayede <strong>eklem a\u011fr\u0131lar\u0131yla m\u00fccadele ediyor, eklem iltihaplanmas\u0131n\u0131 engelliyor.<\/strong><\/li>\n<li>Kemiklerin g\u00fc\u00e7lenmesini sa\u011fl\u0131yor. Kemik kayb\u0131n\u0131n \u00f6nlenmesine katk\u0131da bulunuyor.<\/li>\n<li>K\u0131r\u0131k ve \u00e7atlaklar\u0131n iyile\u015fme s\u00fcrecini h\u0131zland\u0131r\u0131yor.<\/li>\n<\/ul>\n<p>Sa\u00e7 ve t\u0131rnak sa\u011fl\u0131\u011f\u0131n\u0131n geli\u015fmesine katk\u0131da bulunuyor.<\/p>\n<ul>\n<li>Yaralar\u0131n iyile\u015fme s\u00fcrecini h\u0131zland\u0131r\u0131yor.<\/li>\n<li>Diri, canl\u0131 ve dolgun bir cildin kilit noktas\u0131 haline geliyor.<\/li>\n<li>Cilt yap\u0131s\u0131n\u0131n temel yap\u0131 ta\u015flar\u0131 g\u00f6revini \u00fcstleniyor.<\/li>\n<li>Ciltte kaybedilen yeni ve taze g\u00f6r\u00fcn\u00fcm\u00fcn tekrar kazan\u0131lmas\u0131na fayda sa\u011fl\u0131yor.<\/li>\n<\/ul>\n<p>Siz de cildinizi birka\u00e7 sene \u00f6nceki gergin ve enerjik g\u00f6r\u00fcn\u00fcm\u00fcne geri d\u00f6nd\u00fcrmek istiyorsan\u0131z, bak\u0131m rutininize kolajen i\u00e7erikli \u00fcr\u00fcnleri eklemenin tam zaman\u0131.<\/p>\n<p>Dilerseniz; Zamanla ortaya \u00e7\u0131kan ya\u015flanma belirtilerine kar\u015f\u0131 koyup cilde ihtiyac\u0131 olan gerginli\u011fi ve temel yap\u0131 ta\u015f\u0131n\u0131 geri kazand\u0131ran en iyi\u00a0 kolajen bak\u0131m \u00fcr\u00fcnlerini birlikte ke\u015ffedelim.<\/p>\n<figure id=\"attachment_9275\" aria-describedby=\"caption-attachment-9275\" style=\"width: 626px\" class=\"wp-caption alignnone\"><img decoding=\"async\" class=\"size-full wp-image-9275\" src=\"https:\/\/i0.wp.com\/annebebekkulubu.com\/blog\/wp-content\/uploads\/2020\/12\/cilt-icin-en-iyi-kolajen-takviyesi.jpg?resize=626%2C414&#038;ssl=1\" alt=\"Cilt i\u00e7in en iyi kolajen takviyesi\" width=\"626\" height=\"414\" srcset=\"https:\/\/i0.wp.com\/annebebekkulubu.com\/blog\/wp-content\/uploads\/2020\/12\/cilt-icin-en-iyi-kolajen-takviyesi.jpg?w=626&amp;ssl=1 626w, https:\/\/i0.wp.com\/annebebekkulubu.com\/blog\/wp-content\/uploads\/2020\/12\/cilt-icin-en-iyi-kolajen-takviyesi.jpg?resize=300%2C198&amp;ssl=1 300w\" sizes=\"(max-width: 626px) 100vw, 626px\" data-recalc-dims=\"1\" \/><figcaption id=\"caption-attachment-9275\" class=\"wp-caption-text\">Cilt i\u00e7in en iyi kolajen takviyesi<\/figcaption><\/figure>\n<h2><span class=\"ez-toc-section\" id=\"En_iyi_kolajen_takviyesi_ve_kolajen_serum_cesitleri\"><\/span><strong>En iyi kolajen takviyesi ve kolajen serum \u00e7e\u015fitleri<\/strong><span class=\"ez-toc-section-end\"><\/span><\/h2>\n<p>Peki\u00a0kolajen nedir, ne de\u011fildir ? Faydalar\u0131 nelerdir ve en iyi kolajen takviyesi hangisi ve kolajen serum hangisi ?<\/p>\n<p>T\u00fcm bu sorular\u0131n cevab\u0131n\u0131 sizler i\u00e7in derledim.<\/p>\n<p><strong>Cilt bak\u0131m<\/strong> rutininize yepyeni bir soluk getirecek kolajen takviyeleri ve kolajen serumlar\u0131\u2026<\/p>\n<h2><span class=\"ez-toc-section\" id=\"Kolajen_nedir\"><\/span><strong>Kolajen nedir?<\/strong><span class=\"ez-toc-section-end\"><\/span><\/h2>\n<p>Kolajen destekleri zaman\u0131m\u0131z\u0131n en g\u00f6zde cilt, sa\u00e7, eklem destekleri konumunda oldu\u011fu i\u00e7in, v\u00fcc\u00fcdumuzun cilt ve v\u00fccut b\u00fct\u00fcnl\u00fc\u011f\u00fcn\u00fc koruyan bir protein yap\u0131s\u0131n\u0131n yakla\u015f\u0131k \u00fc\u00e7te birini olu\u015fturan bir protein olarak d\u00fc\u015f\u00fcnebiliriz.<\/p>\n<p>V\u00fccudumuzda yer alan t\u00fcm proteinlerin %30\u2019u ve cildimizdeki proteinlerin %80\u2019i tamamen kolajenden olu\u015fuyor. Kolajen; v\u00fccudumuzda s\u00fcrekli yenilenen cildin, sa\u00e7lar\u0131n ve t\u0131rnaklar\u0131n kendini tekrar etmesinin yan\u0131 s\u0131ra sa\u011fl\u0131kl\u0131 ve g\u00fc\u00e7l\u00fc olmas\u0131ndan da sorumlu.<\/p>\n<p>Kaslar\u0131m\u0131zda, kemiklerimizde, tendonlar\u0131m\u0131zda ve ba\u011f dokular\u0131m\u0131zda bulunan bu protein; ayn\u0131 zamanda kan damarlar\u0131m\u0131z\u0131n, di\u015flerimizin ve g\u00f6z\u00fcm\u00fcz\u00fcn yap\u0131s\u0131nda da yer al\u0131yor. Bu nedenle kolajeni t\u00fcm bu dokular\u0131 bir arada tutan bir tutkal gibi d\u00fc\u015f\u00fcnebilirsiniz.<\/p>\n<p>Kolajen d\u00fcnyas\u0131n\u0131n tam olarak 16 alt t\u00fcr\u00fc bulunuyor. Bunlardan en yayg\u0131n olanlar ise Tip 1, Tip 2, Tip 3 ve Tip 4 kolajen.<\/p>\n<p>Kolajen piyasada olduk\u00e7a pahal\u0131 ve \u00fcr\u00fcn \u00e7e\u015fitlili\u011finin \u00e7ok olmas\u0131 nedeniyle her ihtiyaca hitap eden marifetli bir \u00fcr\u00fcn. \u0130\u015fte bu nedenle, \u201ckolajen takviyeleri sat\u0131n al\u0131rken\u201d dikkat edilmesi gereken baz\u0131 \u201cp\u00fcf noktalar\u201d var. Bunlar ve di\u011fer m\u00fchim ayr\u0131nt\u0131lar\u0131 yeniden ve toplu halde bir defa daha hat\u0131rlamaya ne dersiniz ?<\/p>\n<h2><span class=\"ez-toc-section\" id=\"Kolajen_tipleri_nelerdir\"><\/span><strong>Kolajen tipleri nelerdir?\u00a0<\/strong><span class=\"ez-toc-section-end\"><\/span><\/h2>\n<p><strong>Tip 1 kolajen<\/strong>, yani v\u00fccudumuzdaki kolajenin %90\u2019\u0131, deri, kemik, tendon, k\u0131k\u0131rdak, di\u015f ve ba\u011f dokularda bulunuyor.<\/p>\n<p><strong>Tip 2 kolajen<\/strong>, eklemlerde yer al\u0131yor.<\/p>\n<p><strong>Tip 3 kolajen,<\/strong>\u00a0v\u00fccuttaki t\u00fcm organlar\u0131n desteklenmesinde, kas ve damarlar\u0131n yenilenmesinde g\u00f6rev al\u0131yor.<\/p>\n<p><strong>Tip 4 kolajen<\/strong> ise cilt katmanlar\u0131nda bulunuyor.<\/p>\n<h3><span class=\"ez-toc-section\" id=\"Tip_1_kolajen_nedir\"><\/span><strong>Tip 1 kolajen nedir?<\/strong><span class=\"ez-toc-section-end\"><\/span><\/h3>\n<p>V\u00fccudumuzda en fazla miktarda bulunan kolajen \u00e7e\u015fidi olan Tip 1 kolajen;\u00a0 \u00e7\u00fcnk\u00fc v\u00fccudumuzda yer alan kolajenin tam olarak\u00a0 %90\u2019\u0131, deri, kemik, tendon, k\u0131k\u0131rdak, di\u015f ve ba\u011f dokularda bulunuyor.<\/p>\n<p><strong>Tip 1 kolajen,<\/strong> kemikleri g\u00fc\u00e7lendiriyor, doku onar\u0131m\u0131n\u0131 destekleyerek yaralar\u0131n daha \u00e7abuk iyile\u015fmesini sa\u011flar, cildin elastikiyetini artt\u0131rarark iltte yer alan k\u0131r\u0131\u015f\u0131kl\u0131k ve \u00e7izgileri kald\u0131rmada aktif rol oynuyor.<\/p>\n<p>Tip 1 kolajen ,v\u00fccudumuzun par\u00e7alar\u0131n\u0131 bir araya getiren eozinofilik liflerden meydana geliyor. Bu nedenle sa\u011fl\u0131kl\u0131 bir ya\u015fam i\u00e7in v\u00fccudumuzda tip 1 <strong>kolajen eksikli\u011fini gidermemiz i\u00e7in<\/strong> ihtiyac\u0131m\u0131z olan en uygun kolajen \u00e7e\u015fidine ba\u015fvurmam\u0131z m\u00fcmk\u00fcn.<\/p>\n<p>\u0130lerleyen ya\u015flarda ger\u00e7ekle\u015fen g\u00fc\u00e7 kayb\u0131na kar\u015f\u0131n, kaslar\u0131n yeniden in\u015faa edilmesinde olduk\u00e7a faydal\u0131.<\/p>\n<p>Yine ya\u015flanman\u0131n verdi\u011fi olmusuz etki ile en \u00e7ok zarar g\u00f6ren organ olan g\u00f6z\u00fcm\u00fcz i\u00e7in inan\u0131lmaz bir \u00f6neme sahip olan kolajen, g\u00f6z organ\u0131nda olu\u015fan g\u00f6rme kay\u0131plar\u0131n\u0131n \u00f6n\u00fcne ge\u00e7iyor. Daha sa\u011fl\u0131kl\u0131 g\u00f6zlere sahip olabilmemiz i\u00e7in kolajen kullan\u0131m\u0131n\u0131 bir kere daha d\u00fc\u015f\u00fcnmeliyiz.<\/p>\n<p>Kemiklerimizin zamanla zay\u0131flamas\u0131, hareket alan\u0131m\u0131z\u0131n k\u0131s\u0131tlanmas\u0131, hareketsiz bir ya\u015famdan kaynaklanan kronik kas ve kemik rahats\u0131zl\u0131klar\u0131 kolajen kullan\u0131m\u0131yla minimuma indiriliyor. \u00c7\u00fcnk\u00fc v\u00fccudumuzda yer alan Kolajen Tip 1 miktar\u0131 yeterli olursa yap\u0131 ta\u015f\u0131 olan kemiklerimizin sa\u011fl\u0131kl\u0131 olma oran\u0131 %90\u2019\u0131n \u00fcst\u00fcnde.<\/p>\n<p>V\u00fccut sisteminde omurgalar ciddi bir g\u00f6rev g\u00f6r\u00fcr. E\u011fer omurgalar\u0131n\u0131z\u0131n yeniden in\u015faa edilmesine katk\u0131da bulunmak istiyorsan\u0131z \u015fayet kolajen kullan\u0131m\u0131na dikkat etmelisiniz.<\/p>\n<p>Gerek hava \u015fartlar\u0131na ba\u011fl\u0131 gerekse ruhsal halimize ba\u011fl\u0131 olu\u015fan t\u0131rnak k\u0131r\u0131lmalar\u0131 ya da t\u0131rnak kay\u0131plar\u0131, t\u0131rnakta ki \u015fekil bozukluklar\u0131n\u0131n \u00f6n\u00fcne ge\u00e7mek isterseniz yine adresiniz Tip 1 Kolajen kullan\u0131m\u0131 olmal\u0131.<\/p>\n<p>Tip 1 kolajen miktar\u0131n\u0131z v\u00fccutta dengelenmeye ba\u015flad\u0131\u011f\u0131nda daha kal\u0131n, g\u00fcr ve\u00a0 g\u00fc\u00e7l\u00fc sa\u00e7 k\u00f6klerine sahip olmaya ba\u015flars\u0131n\u0131z. B\u00f6ylece sa\u00e7lar\u0131n\u0131zda d\u00f6k\u00fclme gibi sorunlara kar\u015f\u0131 \u00f6nlem alm\u0131\u015f olursunuz.<\/p>\n<p><strong>Diyetisyen Bet\u00fcl Ova yazd\u0131: <a href=\"https:\/\/annebebekkulubu.com\/blog\/beslenme\/kolajen-nedir-ne-icin-kullanilir\/\">Kolajen nedir, ne i\u00e7in kullan\u0131l\u0131r?\u00a0<\/a><\/strong><\/p>\n<h3><span class=\"ez-toc-section\" id=\"Tip_2_kolajen_nedir\"><\/span><strong>Tip 2 kolajen\u00a0nedir ?<\/strong><span class=\"ez-toc-section-end\"><\/span><\/h3>\n<p>Ba\u011f dokular\u0131ndaki k\u0131k\u0131rdak olu\u015fumuna yard\u0131mc\u0131 olan\u00a0tip 2 kolajen\u00a0eklem sa\u011fl\u0131\u011f\u0131 a\u00e7\u0131s\u0131ndan olduk\u00e7a \u00f6nemli bir yere sahip olmakla birlikle, <strong>eklem ya da k\u0131k\u0131rdak sorunlar\u0131na<\/strong> ba\u011fl\u0131 olarak ortaya \u00e7\u0131kan <strong>cilt problemleri,<\/strong> sa\u00e7 ve t\u0131rnak sorunlar\u0131 gibi problemlerin giderilmesine yard\u0131mc\u0131 olan bir takviyedir. Tip 2 kolajen bir uzman kontrol\u00fcnde al\u0131nmal\u0131d\u0131r.<\/p>\n<p>H\u00fccresel olmayan k\u0131k\u0131rdak matrisi taraf\u0131ndan \u00fcretililen Tip 2 kolajen, k\u0131k\u0131rdak matrisi, k\u0131k\u0131rda\u011f\u0131n i\u00e7inde yer alan s\u0131v\u0131 benzeri bir dolgudan olu\u015fur. Bu nedenle v\u00fcc\u00fcdumuzda yer alan k\u0131k\u0131rdak dokular\u0131m\u0131z\u0131n i\u00e7inde (%90) Tip 2 kolajen vard\u0131r. Eklem k\u0131k\u0131rdak dokular\u0131nda ise toplam proteinin %90\u2019\u0131 kadar tip 2 kolajen bulunuyor. Bu nedenle <strong>eklem rahats\u0131zl\u0131klar\u0131n\u0131n, k\u0131k\u0131rdak rahats\u0131zl\u0131klar\u0131n\u0131n<\/strong> ve \u00e7e\u015fitli cilt sorunlar\u0131n\u0131n \u00e7\u00f6z\u00fcm\u00fcnde en etkili takviyeler aras\u0131ndad\u0131r.\u00a0 S\u0131rt, boyun, \u00e7ene gibi eklem b\u00f6lgelerinin desteklenmesinde tip 2 kolajen etkili bir proteindir.Romatizmal hastal\u0131klar\u0131n ortadan kald\u0131r\u0131lmas\u0131nda tip 2 kolajen kullan\u0131labilir.Oral olarak kullan\u0131lan tip 2 kolajen sayesinde ciltte kolajen ve hiyal\u00fcronik asit sentezi artmaktad\u0131r.\u0130lerleyen ya\u015flarda ortaya \u00e7\u0131kan <strong>eklem a\u011fr\u0131lar\u0131n\u0131n tedavisinde etkilidir<\/strong>.Tip 2 kolajen her ya\u015fta sa\u011fl\u0131kl\u0131 bir ya\u015fam i\u00e7in gerekli olan bir protein t\u00fcr\u00fcd\u00fcr.V\u00fccudumuzda belirli b\u00f6lgelerde yo\u011fun olarak bulunan tip 2 kolajenler besinlerle al\u0131nabilece\u011fi gibi takviye ila\u00e7lar\u0131yla da bir uzman kontrol\u00fcnde al\u0131nabilir.<\/p>\n<h3><span class=\"ez-toc-section\" id=\"Tip_3_kolajen_nedir\"><\/span><strong>Tip 3 kolajen nedir?<\/strong><span class=\"ez-toc-section-end\"><\/span><\/h3>\n<p>Organlar\u0131m\u0131z\u0131 ve cildimizi olu\u015fturan h\u00fccre d\u0131\u015f\u0131 matrisin ana bile\u015feninden olu\u015fan Tip 3 kolajen v\u00fccuttaki kan dokusun olu\u015fmas\u0131na yard\u0131mc\u0131 olurken, cildin esnekli\u011fini ve s\u0131k\u0131l\u0131\u011f\u0131n\u0131 korumas\u0131na destek verir niteliktedir. Kaslar\u0131 ve organlar\u0131 desteklemenin yan\u0131 s\u0131ra damarlara da elastikiyet verirken k\u0131r\u0131\u015f\u0131kl\u0131klar\u0131 azalt\u0131r, esnekli\u011fi art\u0131r\u0131r, kemik matrisini destekler, sindirim sistemini destekler ve cilt nemlendirmesini art\u0131rabilir. Zay\u0131f veya hasar g\u00f6rm\u00fc\u015f t\u0131rnaklar\u0131 onar\u0131r ve ince telli sa\u00e7lar\u0131 g\u00fcrle\u015ftirir.<\/p>\n<p>T\u00fcm kolajenlerin sa\u011flad\u0131\u011f\u0131 genel faydadan bahsedecek olursak e\u011fer v\u00fccuttaki en s\u0131k kullan\u0131m amac\u0131 t\u0131rnak ve sa\u00e7lara sa\u011flad\u0131\u011f\u0131 faydalard\u0131r.<\/p>\n<h3><span class=\"ez-toc-section\" id=\"Tip_4_Kolajen\"><\/span><strong>Tip 4 Kolajen<\/strong><span class=\"ez-toc-section-end\"><\/span><\/h3>\n<p>Cildin s\u0131v\u0131 filtrasyonu a\u015famas\u0131nda rol oynayan tip 4 kolajen, sindirim ve solunum y\u00fczeylerini olu\u015fturmaktad\u0131r. Cildin derin katmanlar\u0131nda bulunan kolajen tipi, ya\u011f ve organlar\u0131 \u00e7evreleyen bazal zar\u0131n olu\u015fumunda etkilidir.<\/p>\n<h2><span class=\"ez-toc-section\" id=\"2023_yilinin_en_iyi_kolajen_markalari\"><\/span><strong>2023 y\u0131l\u0131n\u0131n en iyi<\/strong><strong>\u00a0kolajen markalar\u0131<\/strong><span class=\"ez-toc-section-end\"><\/span><\/h2>\n<p><strong>\u015eimdi gelelim en iyi kolajen takviye \u00e7e\u015fit ve markalar\u0131na ;<\/strong><\/p>\n<figure id=\"attachment_10804\" aria-describedby=\"caption-attachment-10804\" style=\"width: 1024px\" class=\"wp-caption alignnone\"><img decoding=\"async\" class=\"size-full wp-image-10804\" src=\"https:\/\/i0.wp.com\/annebebekkulubu.com\/blog\/wp-content\/uploads\/2020\/12\/Prosante-Ultrakolajen-shot-yorumlari.jpg?resize=696%2C646&#038;ssl=1\" alt=\"En iyi kolajen markas\u0131: Prosante UltraKolajen Shot Yorumlar\u0131\" width=\"696\" height=\"646\" srcset=\"https:\/\/i0.wp.com\/annebebekkulubu.com\/blog\/wp-content\/uploads\/2020\/12\/Prosante-Ultrakolajen-shot-yorumlari.jpg?w=1024&amp;ssl=1 1024w, https:\/\/i0.wp.com\/annebebekkulubu.com\/blog\/wp-content\/uploads\/2020\/12\/Prosante-Ultrakolajen-shot-yorumlari.jpg?resize=300%2C279&amp;ssl=1 300w, https:\/\/i0.wp.com\/annebebekkulubu.com\/blog\/wp-content\/uploads\/2020\/12\/Prosante-Ultrakolajen-shot-yorumlari.jpg?resize=768%2C713&amp;ssl=1 768w, https:\/\/i0.wp.com\/annebebekkulubu.com\/blog\/wp-content\/uploads\/2020\/12\/Prosante-Ultrakolajen-shot-yorumlari.jpg?resize=696%2C646&amp;ssl=1 696w\" sizes=\"(max-width: 696px) 100vw, 696px\" data-recalc-dims=\"1\" \/><figcaption id=\"caption-attachment-10804\" class=\"wp-caption-text\">En iyi kolajen markas\u0131: Prosante UltraKolajen Shot Yorumlar\u0131<\/figcaption><\/figure>\n<h2><span class=\"ez-toc-section\" id=\"Prosante_UltraKolajen_Shot\"><\/span><strong>Prosante UltraKolajen Shot<br \/>\n<\/strong><span class=\"ez-toc-section-end\"><\/span><\/h2>\n<p><span style=\"font-weight: 400;\">Prosante UltraKolajen Shot; i\u00e7inde bulunan y\u00fcksek oranda hidrolize edilmi\u015f kolajen peptidleri ve v\u00fccut sa\u011fl\u0131\u011f\u0131n\u0131 i\u00e7in gerekli yard\u0131mc\u0131lar sayesinde zamanla kaybedilen kolajen ihtiyac\u0131na takviye deste\u011fi kazand\u0131rmay\u0131 ama\u00e7layan bir \u00fcr\u00fcn olarak dikkatleri \u00e7ekmekte.<\/span><\/p>\n<p><span style=\"font-weight: 400;\">\u0130\u00e7eri\u011finde bulunan g\u00fc\u00e7l\u00fc antioksidanlar, serbest radikallerin v\u00fccudumuza verdi\u011fi h\u00fccresel hasar\u0131 onarmaya yard\u0131mc\u0131 olurken, Glikozamin S\u00fclfat, Kondroitin S\u00fclfat ve Metils\u00fclfanil Metan sayesinde <strong>eklem, kas, kemik sa\u011fl\u0131\u011f\u0131n\u0131z\u0131 da onarman\u0131n yan\u0131nda<\/strong> koruman\u0131z\u0131 da sa\u011fl\u0131yor. Prosante UltraKolajen; hidrolize edilmis\u0327 kolajen peptidleri sayesinde kolajenin emilimini artt\u0131rarak daha h\u0131zl\u0131 biyoyararlan\u0131ma sunmas\u0131n\u0131 sa\u011fl\u0131yor. Ayr\u0131ca \u00fcr\u00fcn i\u00e7eri\u011finde \u015feker bulunmad\u0131\u011f\u0131 i\u00e7in, kilo ald\u0131rmak gibi bir durum ile kar\u015f\u0131 kar\u015f\u0131ya kalm\u0131yorsunuz. Daima\u00a0 gen\u00e7 g\u00f6r\u00fcn\u00fcme, sa\u011fl\u0131kl\u0131 bir v\u00fccuda ve \u0131\u015f\u0131lt\u0131 dolu bir cilde sahip olmak istiyorsan\u0131z Prosante UltraKolajeni tercih edebilirsiniz.<\/span><\/p>\n<p><b>Gelin d\u00fcnyan\u0131n ilk ve tek Unisex kolajen deste\u011fi olan Prosante UltraKolajeni\u2019in \u00f6zelliklerini yak\u0131ndan inceleyelim:<\/b><\/p>\n<ul>\n<li style=\"font-weight: 400;\" aria-level=\"1\"><span style=\"font-weight: 400;\">Cildimiz zamanla bizimle birlikte ya\u015flan\u0131r ve y\u0131pran\u0131r. Ya\u015f al\u0131rken g\u00fczelle\u015fmenin s\u0131rr\u0131 ise v\u00fccudumuza yat\u0131r\u0131m yapmakt\u0131r. Ya\u015f ilerledik\u00e7e cildimizin parlakl\u0131\u011f\u0131n\u0131, elastikiyetini ve s\u0131k\u0131l\u0131\u011f\u0131n\u0131 kaybetmesi do\u011fald\u0131r. Kremler, serumlar ve maskeler, cildimizi ya\u015flanmaya kar\u015f\u0131 yeteri kadar koruyamazken h\u00fccresel y\u0131k\u0131m\u0131 da onarmaz. Bu nedenle v\u00fccuda kolajen y\u00fcklemesi yaparak kolajen \u00fcretimini desteklemek ve cildi y\u0131pratan h\u00fccresel fakt\u00f6rleri i\u00e7eriden onarmak gerekir. D\u00fcnyan\u0131n ilk ve tek unisex \u00fcr\u00fcn\u00fc olan Prosante UltraKolajen Shot ya\u015fa ve cinsiyete bak\u0131lmaks\u0131z\u0131n herkesin kullan\u0131m\u0131na uygun \u015fekilde form\u00fclize edilmi\u015f.<\/span><\/li>\n<li style=\"font-weight: 400;\" aria-level=\"1\"><span style=\"font-weight: 400;\">Prosante UltraKolajen\u2019de 5000 mg hidrolize kolajen peptid, <strong>hyaluronik asit<\/strong>, glikozamin s\u00fclfat, kondroitin s\u00fclfat, metils\u00fclfanil metan, L karnitin ve koenzim Q10 i\u00e7erir. Form\u00fcl\u00fcnde ayr\u0131ca C vitamini, E vitamini, D vitamini, \u00e7inko, biotin, ve selenyum bulunur.<\/span><\/li>\n<li style=\"font-weight: 400;\" aria-level=\"1\"><span style=\"font-weight: 400;\">Prosante UltraKolajen; hidrolize edilmis\u0327 kolajen peptidleri sayesinde kolajenin emilimini artt\u0131rarak daha h\u0131zl\u0131 biyoyararlan\u0131ma sunmas\u0131n\u0131 sag\u0306lar.<\/span><\/li>\n<li style=\"font-weight: 400;\" aria-level=\"1\"><span style=\"font-weight: 400;\">\u00a0Prosante UltraKolajen Shot, y\u00fcksek kolajen i\u00e7eri\u011fi ile kaybedilen kolajeni takviye ederken hacminin bin kat\u0131 kadar su tutabilen <strong>hyaluronik asit<\/strong> deste\u011fi ile cilde derinlemesine nem ve canl\u0131l\u0131k kazand\u0131r\u0131r.\u00a0<\/span><\/li>\n<li style=\"font-weight: 400;\" aria-level=\"1\"><span style=\"font-weight: 400;\">Prosante UltraKolajen; kolay kullan\u0131labilir likit formundaki her servisinde klinik ara\u015ft\u0131rmas\u0131 yap\u0131lm\u0131\u015f 5000 mg Tip 1, Tip 2 ve Tip 3 hidrolize edilmi\u015f kolajen peptid i\u00e7erir. Molek\u00fcl a\u011f\u0131rl\u0131\u011f\u0131 2000 daltondur. Helal sertifikal\u0131 s\u0131\u011f\u0131r kolajenidir.<\/span><\/li>\n<li style=\"font-weight: 400;\" aria-level=\"1\"><span style=\"font-weight: 400;\">Prosante UltraKolajen Shot, bir kutusu 15 g\u00fcnl\u00fck olan, tek kullan\u0131ml\u0131k 30 ml\u2019lik haz\u0131r shot(likit-haz\u0131r i\u00e7ilebilir) formdad\u0131r. Hi\u00e7bir i\u015fleme gerek duyulmadan an\u0131nda kullan\u0131labilir olmas\u0131n\u0131 \u00f6nemli bir ayr\u0131cal\u0131kt\u0131r. G\u00fcnde 1 adet t\u00fcketilebilir. 4- 8 hafta kullan\u0131lmas\u0131 sonras\u0131nda g\u00fcn a\u015f\u0131r\u0131 al\u0131nmas\u0131 \u00f6nerilir.<\/span><\/li>\n<\/ul>\n<p><span style=\"font-weight: 400;\">\u00d6nemli bir hat\u0131rlatma: Prosante UltraKolajen Shot ila\u00e7 de\u011fildir ve hastal\u0131klar\u0131n tedavisinde kullan\u0131lamaz. G\u0131da takviyesi grubunda yer alan bir \u00fcr\u00fcnd\u00fcr.<\/span><\/p>\n<p><strong>Prosante UltraKolajen Shot&#8217;\u0131 en uygun fiyatlara sat\u0131n almak i\u00e7in t\u0131klay\u0131n!\u00a0<\/strong><\/p>\n<figure id=\"attachment_9355\" aria-describedby=\"caption-attachment-9355\" style=\"width: 1500px\" class=\"wp-caption alignnone\"><img decoding=\"async\" class=\"size-full wp-image-9355\" src=\"https:\/\/i0.wp.com\/annebebekkulubu.com\/blog\/wp-content\/uploads\/2020\/12\/cosvia-collagen-en-iyi-kolajen-markalari.jpg?resize=696%2C696&#038;ssl=1\" alt=\"En iyi kolajen markalar\u0131: Cosvia Collagen\" width=\"696\" height=\"696\" srcset=\"https:\/\/i0.wp.com\/annebebekkulubu.com\/blog\/wp-content\/uploads\/2020\/12\/cosvia-collagen-en-iyi-kolajen-markalari.jpg?w=1500&amp;ssl=1 1500w, https:\/\/i0.wp.com\/annebebekkulubu.com\/blog\/wp-content\/uploads\/2020\/12\/cosvia-collagen-en-iyi-kolajen-markalari.jpg?resize=300%2C300&amp;ssl=1 300w, https:\/\/i0.wp.com\/annebebekkulubu.com\/blog\/wp-content\/uploads\/2020\/12\/cosvia-collagen-en-iyi-kolajen-markalari.jpg?resize=1024%2C1024&amp;ssl=1 1024w, https:\/\/i0.wp.com\/annebebekkulubu.com\/blog\/wp-content\/uploads\/2020\/12\/cosvia-collagen-en-iyi-kolajen-markalari.jpg?resize=150%2C150&amp;ssl=1 150w, https:\/\/i0.wp.com\/annebebekkulubu.com\/blog\/wp-content\/uploads\/2020\/12\/cosvia-collagen-en-iyi-kolajen-markalari.jpg?resize=768%2C768&amp;ssl=1 768w, https:\/\/i0.wp.com\/annebebekkulubu.com\/blog\/wp-content\/uploads\/2020\/12\/cosvia-collagen-en-iyi-kolajen-markalari.jpg?resize=696%2C696&amp;ssl=1 696w, https:\/\/i0.wp.com\/annebebekkulubu.com\/blog\/wp-content\/uploads\/2020\/12\/cosvia-collagen-en-iyi-kolajen-markalari.jpg?resize=1068%2C1068&amp;ssl=1 1068w, https:\/\/i0.wp.com\/annebebekkulubu.com\/blog\/wp-content\/uploads\/2020\/12\/cosvia-collagen-en-iyi-kolajen-markalari.jpg?w=1392&amp;ssl=1 1392w\" sizes=\"(max-width: 696px) 100vw, 696px\" data-recalc-dims=\"1\" \/><figcaption id=\"caption-attachment-9355\" class=\"wp-caption-text\">En iyi kolajen markalar\u0131: Cosvia Collagen<\/figcaption><\/figure>\n<h2><span class=\"ez-toc-section\" id=\"Cosvia_Collagen\"><\/span><strong>Cosvia Collagen<\/strong><span class=\"ez-toc-section-end\"><\/span><\/h2>\n<p>Cosvia Collagen i\u00e7inde bar\u0131nd\u0131rd\u0131\u011f\u0131 y\u00fcksek oranl\u0131 kolajen i\u00e7eri\u011fi ile v\u00fccutta kaybedilen kolajen ihtiyac\u0131na takviye deste\u011fi ile cilde derinlemesine nemlilik kazand\u0131rmay\u0131 ama\u00e7layan bir \u00fcr\u00fcn olarak kar\u015f\u0131m\u0131za \u00e7\u0131k\u0131yor.<\/p>\n<p>\u0130\u00e7eri\u011finde bar\u0131nd\u0131rd\u0131\u011f\u0131 antioksidanlar, serbest radikallerin cildimize verdi\u011fi h\u00fccresel hasar\u0131 onarmaya yard\u0131mc\u0131 olurken, ciltte yenileme sag\u0306layan vitamin, mineral ve bitkisel o\u0308zleri ic\u0327eren Cosvia Collagen; hidrolize edilmis\u0327 kolajen peptidleri sayesinde kolajenin daha h\u0131zl\u0131 emilimini ve cilmize daha etkili nu\u0308fuz etmesini sag\u0306l\u0131yor. Ayr\u0131ca \u00fcr\u00fcn i\u00e7eri\u011finde \u015feker olmad\u0131\u011f\u0131 i\u00e7in, kilo ald\u0131rmak gibi bir durum ile kar\u015f\u0131 kar\u015f\u0131ya kalm\u0131yorsunuz. \u0130\u00e7inde yer alan ahududu aromas\u0131 ile i\u00e7imi olduk\u00e7a kolay ve lezzetli bir \u00fcr\u00fcn. E\u011fer her zaman gen\u00e7 g\u00f6r\u00fcn\u00fcme ve \u0131\u015f\u0131lt\u0131 dolu bir cilde sahip olmak istiyorsan\u0131z Cosvia Colagen tercih edebilirsiniz.<\/p>\n<p><strong>Gelin T\u00fcrkiye&#8217;de ilk ve tek spiruluna i\u00e7eren kolajen deste\u011fi Cosvia&#8217;n\u0131n \u00f6zelliklerini yak\u0131ndan inceleyelim:<\/strong><\/p>\n<p>\u2022 Ya\u015f ilerledik\u00e7e cildimiz; canl\u0131l\u0131\u011f\u0131n\u0131, elastikiyetini ve s\u0131k\u0131l\u0131\u011f\u0131n\u0131 kaybeder. Ya\u015flan\u0131rken g\u00fczelle\u015fmenin s\u0131rr\u0131, cildimize yat\u0131r\u0131m yapmakt\u0131r. V\u00fccuda kolajen y\u00fcklemesi yaparak kolajen \u00fcretimini desteklemek ve cildi y\u0131pratan h\u00fccresel fakt\u00f6rleri i\u00e7eriden onarmak gerekir.<\/p>\n<p>\u2022 Cildinizi gen\u00e7le\u015ftirecek kolajen deste\u011fi, T\u00fcrkiyede ilk defa astronot besini olan <strong>spirulina<\/strong> ile birlikte. Cosvia Collagen, 5000 mg hidrolize kolajen peptid, hyaluronik asit, spirulina ve <strong>koenzim Q10<\/strong> i\u00e7erir. Form\u00fcl\u00fcnde ayr\u0131ca C vitamini, E vitamini, \u00e7inko, biotin, folik asit ve selenyum bulunur.<\/p>\n<p>\u2022 Cosvia Collagen, y\u00fcksek kolajen i\u00e7eri\u011fi ile kaybedilen kolajeni takviye ederken <strong>hyaluronik asit deste\u011fi<\/strong> ile cilde derinlemesine nemlilik kazand\u0131r\u0131r. \u0130\u00e7eri\u011findeki antioksidanlar, serbest radikallerin cilde verdi\u011fi h\u00fccresel hasar\u0131 onar\u0131r. Cildin yenilenmesini sa\u011flayan t\u00fcm vitamin, mineral ve bitkisel \u00f6zlerini i\u00e7eren Cosvia Collagen, hidrolize edilmi\u015f kolajen peptidleri sayesinde kolajenin daha h\u0131zl\u0131 emilim g\u00f6stermesini ve cilde daha etkili n\u00fcfuz etmesini sa\u011flar.<\/p>\n<p>\u2022 <strong>Cosvia Collagen; toz \u015fase formundaki her servisinde klinik ara\u015ft\u0131rmas\u0131 yap\u0131lm\u0131\u015f 5000 mg Alman men\u015feili Tip 1 ve Tip 3 kolajen peptid i\u00e7erir.<\/strong> Molek\u00fcl a\u011f\u0131rl\u0131\u011f\u0131 2000 daltondur. Helal sertifikal\u0131 s\u0131\u011f\u0131r kolajenidir.<\/p>\n<p>Cosvia Collagen, 14 adet g\u00fcnl\u00fck k\u00fcr halinde haz\u0131rlanm\u0131\u015f tek kullan\u0131ml\u0131k 10 gr. paketlerden olu\u015fur. G\u00fcnde 1 adet bir bardak su ile kar\u0131\u015ft\u0131r\u0131larak 4- 8 hafta kullan\u0131lmas\u0131 \u00f6nerilir.<\/p>\n<p>\u00d6nemli bir hat\u0131rlatma: Cosvia Collagen ila\u00e7 de\u011fildir ve hastal\u0131klar\u0131n tedavisinde kullan\u0131lamaz. G\u0131da takviyesi grubunda yer alan bir \u00fcr\u00fcnd\u00fcr.<\/p>\n<figure id=\"attachment_9299\" aria-describedby=\"caption-attachment-9299\" style=\"width: 1500px\" class=\"wp-caption alignnone\"><img decoding=\"async\" class=\"size-full wp-image-9299\" src=\"https:\/\/i0.wp.com\/annebebekkulubu.com\/blog\/wp-content\/uploads\/2020\/12\/Voonka-Collagen-Beauty-Hyaluronic-Acid-2.jpg?resize=696%2C696&#038;ssl=1\" alt=\"Voonka Collagen Beauty Hyaluronic Acid\" width=\"696\" height=\"696\" srcset=\"https:\/\/i0.wp.com\/annebebekkulubu.com\/blog\/wp-content\/uploads\/2020\/12\/Voonka-Collagen-Beauty-Hyaluronic-Acid-2.jpg?w=1500&amp;ssl=1 1500w, https:\/\/i0.wp.com\/annebebekkulubu.com\/blog\/wp-content\/uploads\/2020\/12\/Voonka-Collagen-Beauty-Hyaluronic-Acid-2.jpg?resize=300%2C300&amp;ssl=1 300w, https:\/\/i0.wp.com\/annebebekkulubu.com\/blog\/wp-content\/uploads\/2020\/12\/Voonka-Collagen-Beauty-Hyaluronic-Acid-2.jpg?resize=1024%2C1024&amp;ssl=1 1024w, https:\/\/i0.wp.com\/annebebekkulubu.com\/blog\/wp-content\/uploads\/2020\/12\/Voonka-Collagen-Beauty-Hyaluronic-Acid-2.jpg?resize=150%2C150&amp;ssl=1 150w, https:\/\/i0.wp.com\/annebebekkulubu.com\/blog\/wp-content\/uploads\/2020\/12\/Voonka-Collagen-Beauty-Hyaluronic-Acid-2.jpg?resize=768%2C768&amp;ssl=1 768w, https:\/\/i0.wp.com\/annebebekkulubu.com\/blog\/wp-content\/uploads\/2020\/12\/Voonka-Collagen-Beauty-Hyaluronic-Acid-2.jpg?resize=696%2C696&amp;ssl=1 696w, https:\/\/i0.wp.com\/annebebekkulubu.com\/blog\/wp-content\/uploads\/2020\/12\/Voonka-Collagen-Beauty-Hyaluronic-Acid-2.jpg?resize=1068%2C1068&amp;ssl=1 1068w, https:\/\/i0.wp.com\/annebebekkulubu.com\/blog\/wp-content\/uploads\/2020\/12\/Voonka-Collagen-Beauty-Hyaluronic-Acid-2.jpg?w=1392&amp;ssl=1 1392w\" sizes=\"(max-width: 696px) 100vw, 696px\" data-recalc-dims=\"1\" \/><figcaption id=\"caption-attachment-9299\" class=\"wp-caption-text\">Voonka Collagen Beauty Hyaluronic Acid<\/figcaption><\/figure>\n<h2><span class=\"ez-toc-section\" id=\"Voonka_Collagen_Beauty_Hyaluronic_Acid\"><\/span><strong>Voonka Collagen Beauty Hyaluronic Acid<\/strong><span class=\"ez-toc-section-end\"><\/span><\/h2>\n<p>Konu <strong>en iyi kolajen takviyesi<\/strong> oldu\u011funda akla gelen ilk isimlerden di\u011feri de elbette Voonka. 150 mh hyaluronik asit i\u00e7eren bu takviye \u00fcr\u00fcn\u00fc tablet \u015feklinde t\u00fcketiliyor. \u0130\u00e7eri\u011fi kolajen bak\u0131m\u0131ndan olduk\u00e7a zengin olan Voonka Colllagen cildinize kaybetti\u011fi nemi geri kazand\u0131rmak ve \u0131\u015f\u0131l \u0131\u015f\u0131l sa\u011fl\u0131kl\u0131 bir cilt vadetmek i\u00e7in \u00fcretilmi\u015f bir \u00fcr\u00fcn. Ek olarak \u00fcr\u00fcn\u00fcn C vitamini ile zenginle\u015ftirildi\u011fini de s\u00f6yleyelim.<\/p>\n<h2><span class=\"ez-toc-section\" id=\"Voonka_Collagen_Powder_Hidrolize_Kolajen_Vitamin_C\"><\/span><strong>Voonka Collagen Powder Hidrolize Kolajen Vitamin C<\/strong><span class=\"ez-toc-section-end\"><\/span><\/h2>\n<p>Kolajen takviyesi denildi\u011finde toz formundaki takviyelerin \u00fcst\u00fcn\u00fc \u00e7izip ge\u00e7mek elbette olmaz! Tip 1, Tip 2 ve Tip 3 kolajen i\u00e7eren bu takviye, C vitaminiyle zenginle\u015ftirilmi\u015f \u00fcr\u00fcn i\u00e7eri\u011fi ile cildin normal fonksiyonlar\u0131 i\u00e7in gerekli olan kolajen \u00fcretimini desteklerken bununla da s\u0131n\u0131rl\u0131 kalm\u0131yor. Ayn\u0131 zamanda k\u0131k\u0131rdak, sindirim sistemi ve kan damar sa\u011fl\u0131\u011f\u0131n\u0131z\u0131 da\u00a0\u00a0\u00a0 destekliyor. \u00dcr\u00fcn toz halinde oldu\u011fu i\u00e7in t\u00fcketimini suyun i\u00e7ine takviye ederek ya da herhangi bir g\u0131da ile kar\u0131\u015ft\u0131rarakta i\u00e7ebilmeniz m\u00fcmk\u00fcn.<\/p>\n<figure id=\"attachment_9279\" aria-describedby=\"caption-attachment-9279\" style=\"width: 2046px\" class=\"wp-caption alignnone\"><img decoding=\"async\" class=\"size-full wp-image-9279\" src=\"https:\/\/i0.wp.com\/annebebekkulubu.com\/blog\/wp-content\/uploads\/2020\/12\/Solgar-Hyaluronic-Acid-Collagen-Complex.jpg?resize=696%2C696&#038;ssl=1\" alt=\"Solgar Hyaluronic Acid Collagen Complex\" width=\"696\" height=\"696\" srcset=\"https:\/\/i0.wp.com\/annebebekkulubu.com\/blog\/wp-content\/uploads\/2020\/12\/Solgar-Hyaluronic-Acid-Collagen-Complex.jpg?w=2046&amp;ssl=1 2046w, https:\/\/i0.wp.com\/annebebekkulubu.com\/blog\/wp-content\/uploads\/2020\/12\/Solgar-Hyaluronic-Acid-Collagen-Complex.jpg?resize=300%2C300&amp;ssl=1 300w, https:\/\/i0.wp.com\/annebebekkulubu.com\/blog\/wp-content\/uploads\/2020\/12\/Solgar-Hyaluronic-Acid-Collagen-Complex.jpg?resize=1024%2C1024&amp;ssl=1 1024w, https:\/\/i0.wp.com\/annebebekkulubu.com\/blog\/wp-content\/uploads\/2020\/12\/Solgar-Hyaluronic-Acid-Collagen-Complex.jpg?resize=150%2C150&amp;ssl=1 150w, https:\/\/i0.wp.com\/annebebekkulubu.com\/blog\/wp-content\/uploads\/2020\/12\/Solgar-Hyaluronic-Acid-Collagen-Complex.jpg?resize=768%2C768&amp;ssl=1 768w, https:\/\/i0.wp.com\/annebebekkulubu.com\/blog\/wp-content\/uploads\/2020\/12\/Solgar-Hyaluronic-Acid-Collagen-Complex.jpg?resize=1536%2C1536&amp;ssl=1 1536w, https:\/\/i0.wp.com\/annebebekkulubu.com\/blog\/wp-content\/uploads\/2020\/12\/Solgar-Hyaluronic-Acid-Collagen-Complex.jpg?resize=696%2C696&amp;ssl=1 696w, https:\/\/i0.wp.com\/annebebekkulubu.com\/blog\/wp-content\/uploads\/2020\/12\/Solgar-Hyaluronic-Acid-Collagen-Complex.jpg?resize=1068%2C1068&amp;ssl=1 1068w, https:\/\/i0.wp.com\/annebebekkulubu.com\/blog\/wp-content\/uploads\/2020\/12\/Solgar-Hyaluronic-Acid-Collagen-Complex.jpg?resize=1920%2C1920&amp;ssl=1 1920w, https:\/\/i0.wp.com\/annebebekkulubu.com\/blog\/wp-content\/uploads\/2020\/12\/Solgar-Hyaluronic-Acid-Collagen-Complex.jpg?w=1392&amp;ssl=1 1392w\" sizes=\"(max-width: 696px) 100vw, 696px\" data-recalc-dims=\"1\" \/><figcaption id=\"caption-attachment-9279\" class=\"wp-caption-text\">Solgar Hyaluronic Acid Collagen Complex<\/figcaption><\/figure>\n<h2><span class=\"ez-toc-section\" id=\"Solgar_Hyaluronic_Acid_Collagen_Complex\"><\/span><strong>Solgar Hyaluronic Acid Collagen Complex<\/strong><span class=\"ez-toc-section-end\"><\/span><\/h2>\n<p>Bir di\u011fer marka ise Solgar. Hyaluronic asit ile zenginle\u015ftirilen bu kolajen takviyesi, v\u00fccudun daha dengede \u00e7al\u0131\u015fabilmesi i\u00e7in gerekli olan metabolizmay\u0131 destek verirken bir yandan da ba\u011f\u0131\u015f\u0131kl\u0131k sisteminizi g\u00fc\u00e7lenmesine yard\u0131mc\u0131 oluyor. Bunlara ek olarak di\u015f ve cilt sa\u011fl\u0131\u011f\u0131m\u0131z\u0131nda yan\u0131nda olan bir \u00fcr\u00fcn. D\u00fczenli kullan\u0131mda yorgunlu\u011fa ve bitkinli\u011fe dair olan \u015fikayatleri\u00a0 azaltmada yard\u0131mc\u0131 g\u00f6revi g\u00f6r\u00fcyor. Kimi kullan\u0131c\u0131lar\u0131n \u00fcr\u00fcn kullan\u0131m yorumlar\u0131n\u0131 okudu\u011fumda edindi\u011fim bilgi de ise , Tip 2 kolajen i\u00e7erdi\u011fi konusunda uyar\u0131larda bulunmu\u015f. Yani cilt ve sa\u00e7\u00a0\u00a0\u00a0 sa\u011fl\u0131\u011f\u0131ndansa kemik sa\u011fl\u0131\u011f\u0131 i\u00e7in daha etkili oldu\u011funu s\u00f6yleyebiliriz.<\/p>\n<figure id=\"attachment_9280\" aria-describedby=\"caption-attachment-9280\" style=\"width: 960px\" class=\"wp-caption alignnone\"><img decoding=\"async\" class=\"size-full wp-image-9280\" src=\"https:\/\/i0.wp.com\/annebebekkulubu.com\/blog\/wp-content\/uploads\/2020\/12\/Neocell-Super-Collagen.jpg?resize=696%2C531&#038;ssl=1\" alt=\"Neocell S\u00fcper Collagen\" width=\"696\" height=\"531\" srcset=\"https:\/\/i0.wp.com\/annebebekkulubu.com\/blog\/wp-content\/uploads\/2020\/12\/Neocell-Super-Collagen.jpg?w=960&amp;ssl=1 960w, https:\/\/i0.wp.com\/annebebekkulubu.com\/blog\/wp-content\/uploads\/2020\/12\/Neocell-Super-Collagen.jpg?resize=300%2C229&amp;ssl=1 300w, https:\/\/i0.wp.com\/annebebekkulubu.com\/blog\/wp-content\/uploads\/2020\/12\/Neocell-Super-Collagen.jpg?resize=768%2C586&amp;ssl=1 768w, https:\/\/i0.wp.com\/annebebekkulubu.com\/blog\/wp-content\/uploads\/2020\/12\/Neocell-Super-Collagen.jpg?resize=696%2C531&amp;ssl=1 696w\" sizes=\"(max-width: 696px) 100vw, 696px\" data-recalc-dims=\"1\" \/><figcaption id=\"caption-attachment-9280\" class=\"wp-caption-text\">Neocell S\u00fcper Collagen<\/figcaption><\/figure>\n<h2><span class=\"ez-toc-section\" id=\"Neocell_Super_Collagen_Vitamin_C_120_Tablet\"><\/span><strong>Neocell S\u00fcper Collagen + Vitamin C 120 Tablet<\/strong><span class=\"ez-toc-section-end\"><\/span><\/h2>\n<p>S\u00fcper Kollajen, \u00fcr\u00fcn i\u00e7eri\u011finde NeoCell&#8217;in teknolojik olarak geli\u015ftirmi\u015f oldu\u011fu hidroliz i\u015flemini kulland\u0131\u011f\u0131 b\u00fcy\u00fck kolajen molek\u00fcllerini bar\u0131nd\u0131r\u0131yor. V\u00fccutta sa\u011fl\u0131kl\u0131 kollajen olu\u015fumunu destekleyen, klinik olarak incelenen BioActive kollajen NeoCell i\u00e7eriyor. Klinik Sonu\u00e7lar neticesinde NeoCell Collagen kullananlar\u0131n cilt hidrasyonunu ortalama % 21 oran\u0131nda artt\u0131rd\u0131\u011f\u0131 ve % 50&#8217;ye kadar da y\u00fckseltti\u011fi, % 92&#8217;sinde artm\u0131\u015f cilt hidrasyonu ve % 60 daha s\u0131k\u0131, daha yumu\u015fak cilde sahip oldu\u011fu g\u00f6r\u00fclm\u00fc\u015ft\u00fcr. Bir g\u0131da takviyesi olarak v\u00fccuda kuvvet ve esneklik sa\u011flayan karma\u015f\u0131k bir yap\u0131sal proteinden olu\u015fan Neocell S\u00fcper Collagen tercih edebilece\u011finiz \u00fcr\u00fcnler aras\u0131nda yer al\u0131yor.<\/p>\n<figure id=\"attachment_9281\" aria-describedby=\"caption-attachment-9281\" style=\"width: 706px\" class=\"wp-caption alignnone\"><img decoding=\"async\" class=\"size-full wp-image-9281\" src=\"https:\/\/i0.wp.com\/annebebekkulubu.com\/blog\/wp-content\/uploads\/2020\/12\/Youtheory-Collagen.jpg?resize=696%2C946&#038;ssl=1\" alt=\"Youtheory Collagen\" width=\"696\" height=\"946\" srcset=\"https:\/\/i0.wp.com\/annebebekkulubu.com\/blog\/wp-content\/uploads\/2020\/12\/Youtheory-Collagen.jpg?w=706&amp;ssl=1 706w, https:\/\/i0.wp.com\/annebebekkulubu.com\/blog\/wp-content\/uploads\/2020\/12\/Youtheory-Collagen.jpg?resize=221%2C300&amp;ssl=1 221w, https:\/\/i0.wp.com\/annebebekkulubu.com\/blog\/wp-content\/uploads\/2020\/12\/Youtheory-Collagen.jpg?resize=696%2C946&amp;ssl=1 696w\" sizes=\"(max-width: 696px) 100vw, 696px\" data-recalc-dims=\"1\" \/><figcaption id=\"caption-attachment-9281\" class=\"wp-caption-text\">Youtheory Collagen<\/figcaption><\/figure>\n<h2><span class=\"ez-toc-section\" id=\"Youtheory_Collagen\"><\/span><strong>Youtheory Collagen<\/strong><span class=\"ez-toc-section-end\"><\/span><\/h2>\n<p>Ya\u015flanman\u0131n erken belirtilerine yol a\u00e7an ciltte sarkmalar, derin \u00e7izgiler cildin g\u00f6r\u00fcn\u00fcm kalitesini etkileyen en \u00f6nemli unsurlar aras\u0131nda yer al\u0131r. Youtheory Collagen \u00fcr\u00fcn i\u00e7eri\u011finde bulundurdu\u011fu\u00a0 C vitamini takviyesi ile v\u00fccudun hayati proteini beslemesine yard\u0131mc\u0131 olmak i\u00e7in tasarlanm\u0131\u015ft\u0131r.\u00a0Bu \u00fcr\u00fcn, ya\u015flanma s\u00fcrecinin etkilerine kar\u015f\u0131 koymak i\u00e7in yo\u011fun bir beslenme sa\u011flar.<\/p>\n<p>Bir \u00e7ok markan\u0131n piyasaya sunmu\u015f oldu\u011fu kolajen i\u00e7eren \u00fcr\u00fcnler aras\u0131nda\u00a0Youtheory Collagen, anti aging konusunda en uzman markalar\u0131n ba\u015f\u0131nda yer al\u0131yor. Hem \u00fcr\u00fcn \u00f6zellikleri hem de k\u0131sa s\u00fcre i\u00e7erisinde h\u0131zl\u0131 sonu\u00e7 sa\u011flayan yap\u0131s\u0131yla \u00fcr\u00fcn kullan\u0131c\u0131lar\u0131 aras\u0131nda tercih sebebi olmaya devam ediyor. Cildin yenilenmesi, kas ve kemik sisteminin g\u00fc\u00e7lenmesi gibi konularda en \u00f6nemli yard\u0131mc\u0131lardan biri.<\/p>\n<figure id=\"attachment_9282\" aria-describedby=\"caption-attachment-9282\" style=\"width: 1080px\" class=\"wp-caption alignnone\"><img decoding=\"async\" class=\"size-full wp-image-9282\" src=\"https:\/\/i0.wp.com\/annebebekkulubu.com\/blog\/wp-content\/uploads\/2020\/12\/Naturagen-Collagen.jpg?resize=696%2C696&#038;ssl=1\" alt=\"Naturagen Collagen\" width=\"696\" height=\"696\" srcset=\"https:\/\/i0.wp.com\/annebebekkulubu.com\/blog\/wp-content\/uploads\/2020\/12\/Naturagen-Collagen.jpg?w=1080&amp;ssl=1 1080w, https:\/\/i0.wp.com\/annebebekkulubu.com\/blog\/wp-content\/uploads\/2020\/12\/Naturagen-Collagen.jpg?resize=300%2C300&amp;ssl=1 300w, https:\/\/i0.wp.com\/annebebekkulubu.com\/blog\/wp-content\/uploads\/2020\/12\/Naturagen-Collagen.jpg?resize=1024%2C1024&amp;ssl=1 1024w, https:\/\/i0.wp.com\/annebebekkulubu.com\/blog\/wp-content\/uploads\/2020\/12\/Naturagen-Collagen.jpg?resize=150%2C150&amp;ssl=1 150w, https:\/\/i0.wp.com\/annebebekkulubu.com\/blog\/wp-content\/uploads\/2020\/12\/Naturagen-Collagen.jpg?resize=768%2C768&amp;ssl=1 768w, https:\/\/i0.wp.com\/annebebekkulubu.com\/blog\/wp-content\/uploads\/2020\/12\/Naturagen-Collagen.jpg?resize=696%2C696&amp;ssl=1 696w, https:\/\/i0.wp.com\/annebebekkulubu.com\/blog\/wp-content\/uploads\/2020\/12\/Naturagen-Collagen.jpg?resize=1068%2C1068&amp;ssl=1 1068w\" sizes=\"(max-width: 696px) 100vw, 696px\" data-recalc-dims=\"1\" \/><figcaption id=\"caption-attachment-9282\" class=\"wp-caption-text\">Naturagen Collagen<\/figcaption><\/figure>\n<h2><span class=\"ez-toc-section\" id=\"Naturagen_Collagen\"><\/span><strong>Naturagen Collagen<\/strong><span class=\"ez-toc-section-end\"><\/span><\/h2>\n<p>\u00dcr\u00fcn i\u00e7eri\u011finde \u015feker ve gluten bar\u0131nd\u0131rmayan Naturagen Collagen b\u00fcnyesinde Hyaluronik Asit, Biotin, Koenzim Q10 Vitamin B, Vitamin B6, Vitamin C, Vitamin E vitaminleri bar\u0131nd\u0131r\u0131yor. Optimum cilt yap\u0131s\u0131n\u0131 ve sa\u011fl\u0131kl\u0131 cilt g\u00f6r\u00fcn\u00fcm\u00fcn\u00fc desteklemek i\u00e7in gerekli temel besinleri i\u00e7inde bar\u0131nd\u0131ran Naturagen Collagen, Kolajen ve elastin \u00fcretiminden sorumlu olan fibroblastlar\u0131n yo\u011funlu\u011funu artt\u0131rmay\u0131 hedefliyor.Bu sayede cildin daha iyi nemlenmesini sa\u011flarken dokular\u0131 iyile\u015ftiriyor ve k\u0131r\u0131\u015f\u0131kl\u0131klar\u0131n azalmas\u0131na yard\u0131mc\u0131 oluyor.<\/p>\n<figure id=\"attachment_9284\" aria-describedby=\"caption-attachment-9284\" style=\"width: 1920px\" class=\"wp-caption alignnone\"><img decoding=\"async\" class=\"size-full wp-image-9284\" src=\"https:\/\/i0.wp.com\/annebebekkulubu.com\/blog\/wp-content\/uploads\/2020\/12\/Dinamis-Multi-Collagen-with-Vit-C-Powder.jpg?resize=696%2C371&#038;ssl=1\" alt=\"Dinamis Multi Collagen with Vit-C Powder\" width=\"696\" height=\"371\" srcset=\"https:\/\/i0.wp.com\/annebebekkulubu.com\/blog\/wp-content\/uploads\/2020\/12\/Dinamis-Multi-Collagen-with-Vit-C-Powder.jpg?w=1920&amp;ssl=1 1920w, https:\/\/i0.wp.com\/annebebekkulubu.com\/blog\/wp-content\/uploads\/2020\/12\/Dinamis-Multi-Collagen-with-Vit-C-Powder.jpg?resize=300%2C160&amp;ssl=1 300w, https:\/\/i0.wp.com\/annebebekkulubu.com\/blog\/wp-content\/uploads\/2020\/12\/Dinamis-Multi-Collagen-with-Vit-C-Powder.jpg?resize=1024%2C546&amp;ssl=1 1024w, https:\/\/i0.wp.com\/annebebekkulubu.com\/blog\/wp-content\/uploads\/2020\/12\/Dinamis-Multi-Collagen-with-Vit-C-Powder.jpg?resize=768%2C410&amp;ssl=1 768w, https:\/\/i0.wp.com\/annebebekkulubu.com\/blog\/wp-content\/uploads\/2020\/12\/Dinamis-Multi-Collagen-with-Vit-C-Powder.jpg?resize=1536%2C819&amp;ssl=1 1536w, https:\/\/i0.wp.com\/annebebekkulubu.com\/blog\/wp-content\/uploads\/2020\/12\/Dinamis-Multi-Collagen-with-Vit-C-Powder.jpg?resize=696%2C371&amp;ssl=1 696w, https:\/\/i0.wp.com\/annebebekkulubu.com\/blog\/wp-content\/uploads\/2020\/12\/Dinamis-Multi-Collagen-with-Vit-C-Powder.jpg?resize=1068%2C570&amp;ssl=1 1068w, https:\/\/i0.wp.com\/annebebekkulubu.com\/blog\/wp-content\/uploads\/2020\/12\/Dinamis-Multi-Collagen-with-Vit-C-Powder.jpg?w=1392&amp;ssl=1 1392w\" sizes=\"(max-width: 696px) 100vw, 696px\" data-recalc-dims=\"1\" \/><figcaption id=\"caption-attachment-9284\" class=\"wp-caption-text\">Dinamis Multi Collagen with Vit-C Powder<\/figcaption><\/figure>\n<h2><span class=\"ez-toc-section\" id=\"Dinamis_Multi_Collagen_with_Vit-C_Powder\"><\/span><strong>Dinamis Multi Collagen with Vit-C Powder<\/strong><span class=\"ez-toc-section-end\"><\/span><\/h2>\n<p>Dinamis; vizyon ve misyon olarak \u00fcr\u00fcn i\u00e7eri\u011fini form\u00fcle ederken ham maddesinin en do\u011fal kaynakl\u0131ardan olmas\u0131na dikkat ediyor. \u00dcr\u00fcn kullan\u0131c\u0131 adaylar\u0131n\u0131n ve kullananlar\u0131n maksimum etki almas\u0131n\u0131 hedefliyor bu nedenle. Ham madde se\u00e7iminde y\u00fcksek kalite bitkisel, vitamin ve mineralleri tercih ederek, \u00fcr\u00fcnlerini GMP prensipleri ile \u00fcretim yapan tesislerde \u00fcretip ve bitmi\u015f \u00fcr\u00fcn analizlerine tabi tutarak, kalite testleri ile g\u00fcvence alt\u0131na al\u0131yor. Gluten, tatland\u0131r\u0131c\u0131, koruyucu, tuz, maya, soya ve s\u00fct \u00fcr\u00fcnleri i\u00e7ermeyen bu \u00fcr\u00fcn Hidrolize Kollajeni i\u00e7inde yo\u011fun \u015fekilde bar\u0131nd\u0131r\u0131yor. Tercihler aras\u0131nda ilk s\u0131ralarda yer alan markalardan birtanesi.<\/p>\n<p><strong>Botanik Ecza<\/strong> firmas\u0131 taraf\u0131ndan \u00fcretilen Suda Collagen bir yerli markas\u0131 olup, bedenimize ya\u015fland\u0131k\u00e7a kaybetti\u011fimiz kolajen miktar\u0131n\u0131 geri kazanmam\u0131za yard\u0131mc\u0131 olan t\u00fcm besin de\u011ferlerini ve proteinleri i\u00e7eri\u011finde bar\u0131nd\u0131r\u0131yor. \u00a0%100 k\u0131rm\u0131z\u0131\u00a0 etten yani s\u0131\u011f\u0131r kolajeninden \u00fcretilen Suda Collagen, Alman VERISOL markal\u0131 biyoaktif hidrolize kolajen peptitlerini b\u00fcnyesinde bar\u0131nd\u0131r\u0131yor.\u00a0 Bu besin takviyesinin i\u00e7inde 5500 mg s\u0131\u011f\u0131r kolajeni,\u00a0 100 mg hyaluronik asit, 500 mcg biotin ve 5 mg koenzim Q10 bulunuyor. Gluten ya da laktoz gibi alerjen maddeler i\u00e7ermedi\u011fi i\u00e7in rahatl\u0131kla tercih edilebilir markalar aras\u0131nda.<\/p>\n<figure id=\"attachment_9285\" aria-describedby=\"caption-attachment-9285\" style=\"width: 1280px\" class=\"wp-caption alignnone\"><img decoding=\"async\" class=\"size-full wp-image-9285\" src=\"https:\/\/i0.wp.com\/annebebekkulubu.com\/blog\/wp-content\/uploads\/2020\/12\/Imunex-Collanex.jpg?resize=696%2C392&#038;ssl=1\" alt=\"Imunex Collanex\" width=\"696\" height=\"392\" srcset=\"https:\/\/i0.wp.com\/annebebekkulubu.com\/blog\/wp-content\/uploads\/2020\/12\/Imunex-Collanex.jpg?w=1280&amp;ssl=1 1280w, https:\/\/i0.wp.com\/annebebekkulubu.com\/blog\/wp-content\/uploads\/2020\/12\/Imunex-Collanex.jpg?resize=300%2C169&amp;ssl=1 300w, https:\/\/i0.wp.com\/annebebekkulubu.com\/blog\/wp-content\/uploads\/2020\/12\/Imunex-Collanex.jpg?resize=1024%2C576&amp;ssl=1 1024w, https:\/\/i0.wp.com\/annebebekkulubu.com\/blog\/wp-content\/uploads\/2020\/12\/Imunex-Collanex.jpg?resize=768%2C432&amp;ssl=1 768w, https:\/\/i0.wp.com\/annebebekkulubu.com\/blog\/wp-content\/uploads\/2020\/12\/Imunex-Collanex.jpg?resize=696%2C392&amp;ssl=1 696w, https:\/\/i0.wp.com\/annebebekkulubu.com\/blog\/wp-content\/uploads\/2020\/12\/Imunex-Collanex.jpg?resize=1068%2C601&amp;ssl=1 1068w\" sizes=\"(max-width: 696px) 100vw, 696px\" data-recalc-dims=\"1\" \/><figcaption id=\"caption-attachment-9285\" class=\"wp-caption-text\">Imunex Collanex<\/figcaption><\/figure>\n<h2><span class=\"ez-toc-section\" id=\"Imunex_Collanex\"><\/span><strong>Imunex Collanex<\/strong><span class=\"ez-toc-section-end\"><\/span><\/h2>\n<p>Form\u00fcl\u00fc \u0130svi\u00e7re&#8217;de geli\u015ftirilen, \u00f6zel bir g\u0131da takviyesi \u00e7e\u015fidi olan Imunex Collanex \u00fcr\u00fcn i\u00e7eri\u011finde aktif \u015fekilde C vitamini bar\u0131nd\u0131rmas\u0131 nedeniyle kan damarlar\u0131n\u0131n, kemiklerin ve k\u0131k\u0131rda\u011f\u0131n normal fonksiyonu i\u00e7in gerekli olan t\u00fcm\u00a0kollajen olu\u015fumuna\u00a0katk\u0131 sa\u011fl\u0131yor.<\/p>\n<p>All in One\u00a0S\u0131\u011f\u0131r kolajeninden \u00fcretilmi\u015f olan All in One Collagen i\u00e7eri\u011finde T\u0130P 1, T\u0130P 2 ve T\u0130P 3 hidrolize <strong>kolajen peptit<\/strong> bulunduruyor.\u00a0 8.800 mg\u2019l\u0131k kolajene sahip oldu\u011fundan dolay\u0131 g\u00fcnl\u00fck kolajen ihtiyac\u0131n\u0131z\u0131 fazlas\u0131yla giderir nitelikte. \u0130\u00e7eri\u011findeki Tip 2 kolajen ile eklem sa\u011fl\u0131\u011f\u0131n\u0131 korumaya ve kemiklerin k\u0131r\u0131lganla\u015fmas\u0131n\u0131 \u00f6nlemeye yard\u0131mc\u0131 olmay\u0131 hedefleyen bu g\u0131da takviyesi ihtiyaca g\u00f6re tercih edilebilir\u00a0 nitelikte markalardan.<\/p>\n<figure id=\"attachment_9286\" aria-describedby=\"caption-attachment-9286\" style=\"width: 900px\" class=\"wp-caption alignnone\"><img decoding=\"async\" class=\"size-full wp-image-9286\" src=\"https:\/\/i0.wp.com\/annebebekkulubu.com\/blog\/wp-content\/uploads\/2020\/12\/CollaJeune-Beauty.png?resize=696%2C504&#038;ssl=1\" alt=\"CollaJeune\u00ae Beauty\" width=\"696\" height=\"504\" srcset=\"https:\/\/i0.wp.com\/annebebekkulubu.com\/blog\/wp-content\/uploads\/2020\/12\/CollaJeune-Beauty.png?w=900&amp;ssl=1 900w, https:\/\/i0.wp.com\/annebebekkulubu.com\/blog\/wp-content\/uploads\/2020\/12\/CollaJeune-Beauty.png?resize=300%2C217&amp;ssl=1 300w, https:\/\/i0.wp.com\/annebebekkulubu.com\/blog\/wp-content\/uploads\/2020\/12\/CollaJeune-Beauty.png?resize=768%2C556&amp;ssl=1 768w, https:\/\/i0.wp.com\/annebebekkulubu.com\/blog\/wp-content\/uploads\/2020\/12\/CollaJeune-Beauty.png?resize=696%2C504&amp;ssl=1 696w\" sizes=\"(max-width: 696px) 100vw, 696px\" data-recalc-dims=\"1\" \/><figcaption id=\"caption-attachment-9286\" class=\"wp-caption-text\">CollaJeune\u00ae Beauty<\/figcaption><\/figure>\n<h2><span class=\"ez-toc-section\" id=\"CollaJeune%C2%AE_Beauty\"><\/span><strong>CollaJeune\u00ae Beauty<\/strong><span class=\"ez-toc-section-end\"><\/span><\/h2>\n<p>T\u00fcrkiye\u2019nin ilk <strong>hidrolize bal\u0131k kolajeni<\/strong> olan CollaJeune\u00ae Beauty\u00a0, \u0130\u00e7eri\u011findeki hidrolize bal\u0131k kolajeni cilt tonunun, esnekli\u011finin ve elastikiyetin korunmas\u0131nda \u00f6nemli bir rol oynarken i\u00e7eri\u011finde <strong><a href=\"https:\/\/annebebekkulubu.com\/blog\/beslenme\/c-vitamini-ne-ise-yarar-hangi-besinlerde-bulunur\/\">C Vitamini,<\/a><\/strong> Hyaluronik Asit ve \u00c7inko ile zenginle\u015ftirilmi\u015f bu form\u00fcl, ba\u011f dokular\u0131n\u0131n ve derinin ana proteini olan <strong>T\u0130P 1 ve T\u0130P 3 kolajenin do\u011fal kayna\u011f\u0131d\u0131r.<\/strong> G\u00fcnl\u00fck ihtiya\u00e7 duyulan kolajen miktar\u0131n\u0131 c\u00f6mert\u00e7e i\u00e7eren bu kolajen takviyesi tercih edilebilir markalar aras\u0131nda yer al\u0131yor.<\/p>\n<figure id=\"attachment_9289\" aria-describedby=\"caption-attachment-9289\" style=\"width: 930px\" class=\"wp-caption alignnone\"><img decoding=\"async\" class=\"size-full wp-image-9289\" src=\"https:\/\/i0.wp.com\/annebebekkulubu.com\/blog\/wp-content\/uploads\/2020\/12\/Aksu-Vital-Kolajen-C-Vitamini-2.jpg?resize=696%2C644&#038;ssl=1\" alt=\"Aksu Vital Kolajen + C Vitamini\" width=\"696\" height=\"644\" srcset=\"https:\/\/i0.wp.com\/annebebekkulubu.com\/blog\/wp-content\/uploads\/2020\/12\/Aksu-Vital-Kolajen-C-Vitamini-2.jpg?w=930&amp;ssl=1 930w, https:\/\/i0.wp.com\/annebebekkulubu.com\/blog\/wp-content\/uploads\/2020\/12\/Aksu-Vital-Kolajen-C-Vitamini-2.jpg?resize=300%2C277&amp;ssl=1 300w, https:\/\/i0.wp.com\/annebebekkulubu.com\/blog\/wp-content\/uploads\/2020\/12\/Aksu-Vital-Kolajen-C-Vitamini-2.jpg?resize=768%2C710&amp;ssl=1 768w, https:\/\/i0.wp.com\/annebebekkulubu.com\/blog\/wp-content\/uploads\/2020\/12\/Aksu-Vital-Kolajen-C-Vitamini-2.jpg?resize=696%2C644&amp;ssl=1 696w\" sizes=\"(max-width: 696px) 100vw, 696px\" data-recalc-dims=\"1\" \/><figcaption id=\"caption-attachment-9289\" class=\"wp-caption-text\">Aksu Vital Kolajen + C Vitamini<\/figcaption><\/figure>\n<h2><span class=\"ez-toc-section\" id=\"Aksu_Vital_Kolajen_C_Vitamini\"><\/span><strong>Aksu Vital Kolajen + C Vitamini<\/strong><span class=\"ez-toc-section-end\"><\/span><\/h2>\n<p>Tamamen do\u011fal \u00fcr\u00fcnlerin y\u00fcksek teknolojiyle bir araya getirildi\u011fi, \u00fcr\u00fcn i\u00e7eri\u011finde Tip 1\u00a0\u00a0\u00a0\u00a0\u00a0\u00a0 kolajenin hakim oldu\u011fu, Hyaluronik\u00a0asit ve C vitamini takviyesinin aktif oldu\u011fu Aksu Vital Kolajen, daha sa\u011fl\u0131kl\u0131, gen\u00e7 ve dinamik bir cilde sahip olman\u0131n kap\u0131lar\u0131n\u0131 aralam\u0131\u015f durumda bu kolajen takviyesiyle. \u0130nsan kimyas\u0131yla tam uyum g\u00f6steren <strong>kolajen\u00a0 g\u0131da takviyesi<\/strong>, sa\u011fl\u0131kl\u0131 ya\u015fam\u0131n olmazsa olmazlar\u0131ndan.<\/p>\n<figure id=\"attachment_9303\" aria-describedby=\"caption-attachment-9303\" style=\"width: 2400px\" class=\"wp-caption alignnone\"><img decoding=\"async\" class=\"size-full wp-image-9303\" src=\"https:\/\/i0.wp.com\/annebebekkulubu.com\/blog\/wp-content\/uploads\/2020\/12\/Beef-Collagen.jpg?resize=696%2C635&#038;ssl=1\" alt=\"Beef Collagen\" width=\"696\" height=\"635\" srcset=\"https:\/\/i0.wp.com\/annebebekkulubu.com\/blog\/wp-content\/uploads\/2020\/12\/Beef-Collagen.jpg?w=2400&amp;ssl=1 2400w, https:\/\/i0.wp.com\/annebebekkulubu.com\/blog\/wp-content\/uploads\/2020\/12\/Beef-Collagen.jpg?resize=300%2C274&amp;ssl=1 300w, https:\/\/i0.wp.com\/annebebekkulubu.com\/blog\/wp-content\/uploads\/2020\/12\/Beef-Collagen.jpg?resize=1024%2C934&amp;ssl=1 1024w, https:\/\/i0.wp.com\/annebebekkulubu.com\/blog\/wp-content\/uploads\/2020\/12\/Beef-Collagen.jpg?resize=768%2C700&amp;ssl=1 768w, https:\/\/i0.wp.com\/annebebekkulubu.com\/blog\/wp-content\/uploads\/2020\/12\/Beef-Collagen.jpg?resize=1536%2C1400&amp;ssl=1 1536w, https:\/\/i0.wp.com\/annebebekkulubu.com\/blog\/wp-content\/uploads\/2020\/12\/Beef-Collagen.jpg?resize=2048%2C1867&amp;ssl=1 2048w, https:\/\/i0.wp.com\/annebebekkulubu.com\/blog\/wp-content\/uploads\/2020\/12\/Beef-Collagen.jpg?resize=696%2C635&amp;ssl=1 696w, https:\/\/i0.wp.com\/annebebekkulubu.com\/blog\/wp-content\/uploads\/2020\/12\/Beef-Collagen.jpg?resize=1068%2C974&amp;ssl=1 1068w, https:\/\/i0.wp.com\/annebebekkulubu.com\/blog\/wp-content\/uploads\/2020\/12\/Beef-Collagen.jpg?resize=1920%2C1750&amp;ssl=1 1920w, https:\/\/i0.wp.com\/annebebekkulubu.com\/blog\/wp-content\/uploads\/2020\/12\/Beef-Collagen.jpg?w=1392&amp;ssl=1 1392w\" sizes=\"(max-width: 696px) 100vw, 696px\" data-recalc-dims=\"1\" \/><figcaption id=\"caption-attachment-9303\" class=\"wp-caption-text\">Beef Collagen<\/figcaption><\/figure>\n<h2><span class=\"ez-toc-section\" id=\"Beef_Collagen\"><\/span><strong>Beef Collagen<\/strong><span class=\"ez-toc-section-end\"><\/span><\/h2>\n<p>D\u00fc\u015f\u00fck molek\u00fcl a\u011f\u0131rl\u0131\u011f\u0131 ve neredeyse yok denecek kadar n\u00f6tr tat ve enfes kokusuyla rahatl\u0131kla yan\u0131n\u0131zda heryere ta\u015f\u0131yabilece\u011finiz en \u00fcst\u00fcn kalite standartlar\u0131na g\u00f6re form\u00fcle edilmi\u015f olan bu \u00fcr\u00fcn yo\u011fun ve kaliteli kolajen peptitleri i\u00e7eriyor. V\u00fccudun do\u011fal kolajen \u00fcretimini fazlas\u0131yla kar\u015f\u0131layan bu \u00fcr\u00fcn t\u00fcm ihtiya\u00e7lar\u0131n\u0131za cevap verir nitelikte \u00fcretilmi\u015f. S\u0131\u011f\u0131r kaynakl\u0131 hidrolize <strong>kolajen peptitlerinden olu\u015fan Beef Collagen<\/strong> form\u00fcl\u00fcnde ilave \u015feker, yapay tatland\u0131r\u0131c\u0131 ve koruyucu madde olmad\u0131\u011f\u0131 gibi helal sertifikas\u0131 alm\u0131\u015f ve en do\u011fal y\u00f6ntemlerle bizlerin ihtiyac\u0131na sunulmu\u015ftur.<\/p>\n<p>\u2713 28 g\u00fcnl\u00fck k\u00fcr)<\/p>\n<figure id=\"attachment_9292\" aria-describedby=\"caption-attachment-9292\" style=\"width: 900px\" class=\"wp-caption alignnone\"><img decoding=\"async\" class=\"size-full wp-image-9292\" src=\"https:\/\/i0.wp.com\/annebebekkulubu.com\/blog\/wp-content\/uploads\/2020\/12\/Collagen-Beauty-Formula.png?resize=696%2C696&#038;ssl=1\" alt=\"Collagen Beauty Formula\" width=\"696\" height=\"696\" srcset=\"https:\/\/i0.wp.com\/annebebekkulubu.com\/blog\/wp-content\/uploads\/2020\/12\/Collagen-Beauty-Formula.png?w=900&amp;ssl=1 900w, https:\/\/i0.wp.com\/annebebekkulubu.com\/blog\/wp-content\/uploads\/2020\/12\/Collagen-Beauty-Formula.png?resize=300%2C300&amp;ssl=1 300w, https:\/\/i0.wp.com\/annebebekkulubu.com\/blog\/wp-content\/uploads\/2020\/12\/Collagen-Beauty-Formula.png?resize=150%2C150&amp;ssl=1 150w, https:\/\/i0.wp.com\/annebebekkulubu.com\/blog\/wp-content\/uploads\/2020\/12\/Collagen-Beauty-Formula.png?resize=768%2C768&amp;ssl=1 768w, https:\/\/i0.wp.com\/annebebekkulubu.com\/blog\/wp-content\/uploads\/2020\/12\/Collagen-Beauty-Formula.png?resize=696%2C696&amp;ssl=1 696w\" sizes=\"(max-width: 696px) 100vw, 696px\" data-recalc-dims=\"1\" \/><figcaption id=\"caption-attachment-9292\" class=\"wp-caption-text\">Collagen Beauty Formula<\/figcaption><\/figure>\n<h2><span class=\"ez-toc-section\" id=\"Collagen_Beauty_Formula\"><\/span><strong>Collagen Beauty Formula<\/strong><span class=\"ez-toc-section-end\"><\/span><\/h2>\n<p>\u00dcr\u00fcn\u00fcn i\u00e7eri\u011fi mikro besinlerin en g\u00fc\u00e7l\u00fc etkisiyle eksiksiz bir cilt sa\u011fl\u0131\u011f\u0131 ve tazelik sunarken, cildimizin en ihtiya\u00e7 duydu\u011fu kolajen peptid, vitaminleri bolca bar\u0131nd\u0131r\u0131yor. Collagen Beauty Formula cildimizin en ihtiya\u00e7 duydu\u011fu do\u011fal g\u00fczelli\u011fi yeniden kazanmam\u0131z, sa\u00e7 ve t\u0131rnaklar\u0131m\u0131z\u0131n yeniden kuvvet kazanmas\u0131 i\u00e7in tasarlanm\u0131\u015f takviyelerden bir tanesi.<\/p>\n<figure id=\"attachment_9293\" aria-describedby=\"caption-attachment-9293\" style=\"width: 900px\" class=\"wp-caption alignnone\"><img decoding=\"async\" class=\"size-full wp-image-9293\" src=\"https:\/\/i0.wp.com\/annebebekkulubu.com\/blog\/wp-content\/uploads\/2020\/12\/MCT-Collagen.png?resize=696%2C696&#038;ssl=1\" alt=\"MCT Collagen\" width=\"696\" height=\"696\" srcset=\"https:\/\/i0.wp.com\/annebebekkulubu.com\/blog\/wp-content\/uploads\/2020\/12\/MCT-Collagen.png?w=900&amp;ssl=1 900w, https:\/\/i0.wp.com\/annebebekkulubu.com\/blog\/wp-content\/uploads\/2020\/12\/MCT-Collagen.png?resize=300%2C300&amp;ssl=1 300w, https:\/\/i0.wp.com\/annebebekkulubu.com\/blog\/wp-content\/uploads\/2020\/12\/MCT-Collagen.png?resize=150%2C150&amp;ssl=1 150w, https:\/\/i0.wp.com\/annebebekkulubu.com\/blog\/wp-content\/uploads\/2020\/12\/MCT-Collagen.png?resize=768%2C768&amp;ssl=1 768w, https:\/\/i0.wp.com\/annebebekkulubu.com\/blog\/wp-content\/uploads\/2020\/12\/MCT-Collagen.png?resize=696%2C696&amp;ssl=1 696w\" sizes=\"(max-width: 696px) 100vw, 696px\" data-recalc-dims=\"1\" \/><figcaption id=\"caption-attachment-9293\" class=\"wp-caption-text\">MCT Collagen<\/figcaption><\/figure>\n<h2><span class=\"ez-toc-section\" id=\"MCT_Collagen\"><\/span><strong>MCT Collagen<\/strong><span class=\"ez-toc-section-end\"><\/span><\/h2>\n<p>S\u0131\u011f\u0131r kolajen peptidleri, orta zincir trigliseritleri kar\u0131\u015f\u0131m\u0131 ve hindistan cevizi kaynakl\u0131 mct ya\u011f\u0131n\u0131n g\u00fc\u00e7l\u00fc kombinasyonu ve \u00e7ikolata tad\u0131yla ile form\u00fcle edilen bu \u00fcr\u00fcn i\u00e7eri\u011finde ilave \u015feker, laktoz, yapay tatland\u0131r\u0131c\u0131 bulundurmad\u0131\u011f\u0131 gibi Tip 1 ve Tip 3 kolajen i\u00e7eri\u011fi bar\u0131nd\u0131rmakta b\u00fcnyesinde. Sa\u011fl\u0131k ve g\u00fczellikte hedeflerine ula\u015fmak isteyenler i\u00e7in tasarlanm\u0131\u015f bir \u00fcr\u00fcn.<\/p>\n<figure id=\"attachment_9294\" aria-describedby=\"caption-attachment-9294\" style=\"width: 677px\" class=\"wp-caption alignnone\"><img decoding=\"async\" class=\" wp-image-9294\" src=\"https:\/\/i0.wp.com\/annebebekkulubu.com\/blog\/wp-content\/uploads\/2020\/12\/Supra-Marine-Collagen-.jpg?resize=677%2C677&#038;ssl=1\" alt=\"Supra Marine Collagen\u00a0\" width=\"677\" height=\"677\" srcset=\"https:\/\/i0.wp.com\/annebebekkulubu.com\/blog\/wp-content\/uploads\/2020\/12\/Supra-Marine-Collagen-.jpg?w=375&amp;ssl=1 375w, https:\/\/i0.wp.com\/annebebekkulubu.com\/blog\/wp-content\/uploads\/2020\/12\/Supra-Marine-Collagen-.jpg?resize=300%2C300&amp;ssl=1 300w, https:\/\/i0.wp.com\/annebebekkulubu.com\/blog\/wp-content\/uploads\/2020\/12\/Supra-Marine-Collagen-.jpg?resize=150%2C150&amp;ssl=1 150w\" sizes=\"(max-width: 677px) 100vw, 677px\" data-recalc-dims=\"1\" \/><figcaption id=\"caption-attachment-9294\" class=\"wp-caption-text\">Supra Marine Collagen<\/figcaption><\/figure>\n<h2><span class=\"ez-toc-section\" id=\"Supra_Marine_Collagen\"><\/span><strong>Supra Marine Collagen\u00a0<\/strong><span class=\"ez-toc-section-end\"><\/span><\/h2>\n<p>\u00dcr\u00fcn i\u00e7eri\u011fi, do\u011fal yollardan avlanm\u0131\u015f olan bal\u0131k kolajeni bar\u0131nd\u0131r\u0131rken, hyaluronik asit ve c vitamini bir arada tutan bu \u00fcr\u00fcn Kore men\u015feili olup , <strong>cilt sa\u011fl\u0131\u011f\u0131 ve g\u00fczellik<\/strong> rutinine \u00f6zen g\u00f6steren kullan\u0131c\u0131lar i\u00e7in benzersiz bir deneyime sahip \u015fekilde form\u00fcle edilmi\u015f. Tip 1 kolajen ile form\u00fcle edilmi\u015f bu g\u0131da takviyesi tats\u0131z, kokusuz ve kolayl\u0131kla i\u00e7ilebilir olarak tasarlanm\u0131\u015f.<\/p>\n<h2><span class=\"ez-toc-section\" id=\"Supra_Collagen_for_You\"><\/span><strong>Supra Collagen for You<\/strong><span class=\"ez-toc-section-end\"><\/span><\/h2>\n<p>Tip 1 ve 3 s\u0131\u011f\u0131r kaynakl\u0131 olan Supra Collagen For You kolajen takviyesi b\u00fcnyesinde c vitamini ve \u00e7inkonun birle\u015fimiyle olu\u015fan sinerjik etki ile tasarlanm\u0131\u015f olup, i\u00e7eri\u011finde bar\u0131nd\u0131rd\u0131\u011f\u0131 zenginle\u015ftirilmi\u015f kolajen takviyesi ile tasarlanm\u0131\u015f biz kullan\u0131c\u0131lara, ekonomik ambalajlar\u0131 sayesinde sunulmu\u015f bir kolajen i\u00e7eri\u011fi. Ya\u015flanma kar\u015f\u0131t\u0131 olan bu \u00fcr\u00fcn i\u00e7eri\u011finde renklendirici ve tatland\u0131r\u0131c\u0131 bulundurmaktad\u0131r. Aroma tad\u0131n\u0131 sevenler i\u00e7in tercih edilebilir bir \u00fcr\u00fcn.<\/p>\n<figure id=\"attachment_9295\" aria-describedby=\"caption-attachment-9295\" style=\"width: 1500px\" class=\"wp-caption alignnone\"><img decoding=\"async\" class=\"size-full wp-image-9295\" src=\"https:\/\/i0.wp.com\/annebebekkulubu.com\/blog\/wp-content\/uploads\/2020\/12\/Wecollagen-kolajen-takviyesi.jpg?resize=696%2C696&#038;ssl=1\" alt=\"Wecollagen\" width=\"696\" height=\"696\" srcset=\"https:\/\/i0.wp.com\/annebebekkulubu.com\/blog\/wp-content\/uploads\/2020\/12\/Wecollagen-kolajen-takviyesi.jpg?w=1500&amp;ssl=1 1500w, https:\/\/i0.wp.com\/annebebekkulubu.com\/blog\/wp-content\/uploads\/2020\/12\/Wecollagen-kolajen-takviyesi.jpg?resize=300%2C300&amp;ssl=1 300w, https:\/\/i0.wp.com\/annebebekkulubu.com\/blog\/wp-content\/uploads\/2020\/12\/Wecollagen-kolajen-takviyesi.jpg?resize=1024%2C1024&amp;ssl=1 1024w, https:\/\/i0.wp.com\/annebebekkulubu.com\/blog\/wp-content\/uploads\/2020\/12\/Wecollagen-kolajen-takviyesi.jpg?resize=150%2C150&amp;ssl=1 150w, https:\/\/i0.wp.com\/annebebekkulubu.com\/blog\/wp-content\/uploads\/2020\/12\/Wecollagen-kolajen-takviyesi.jpg?resize=768%2C768&amp;ssl=1 768w, https:\/\/i0.wp.com\/annebebekkulubu.com\/blog\/wp-content\/uploads\/2020\/12\/Wecollagen-kolajen-takviyesi.jpg?resize=696%2C696&amp;ssl=1 696w, https:\/\/i0.wp.com\/annebebekkulubu.com\/blog\/wp-content\/uploads\/2020\/12\/Wecollagen-kolajen-takviyesi.jpg?resize=1068%2C1068&amp;ssl=1 1068w, https:\/\/i0.wp.com\/annebebekkulubu.com\/blog\/wp-content\/uploads\/2020\/12\/Wecollagen-kolajen-takviyesi.jpg?w=1392&amp;ssl=1 1392w\" sizes=\"(max-width: 696px) 100vw, 696px\" data-recalc-dims=\"1\" \/><figcaption id=\"caption-attachment-9295\" class=\"wp-caption-text\">Wecollagen<\/figcaption><\/figure>\n<h2><span class=\"ez-toc-section\" id=\"Wecollagen\"><\/span><strong>Wecollagen<\/strong><span class=\"ez-toc-section-end\"><\/span><\/h2>\n<p>\u0130talgel markal\u0131, hidrolize bal\u0131k kolajeni ile helal sertifikaya sahip\u00a0 olan WeCollagen T\u00fcrkiye\u2019nin ilk ve tek\u00a0 ar\u0131 s\u00fct\u00fc ile zenginle\u015ftirilmi\u015f kolajen takviyesi, Koenzim Q10, Hyaluronik asit ve Vitamin, Mineral kompleksi form\u00fcl\u00fcnde bar\u0131nd\u0131r\u0131yor. DP\u00dc Ar-Ge Laboratuvarlar\u0131 taraf\u0131ndan yap\u0131lm\u0131\u015f analizler ve kan\u0131tlanm\u0131\u015f \u00fcst\u00fcn kalite ile tasarlanm\u0131\u015f bir kolajen takviyesini bizlere sunuyor. V\u00fccut direncini artt\u0131r\u0131rken, ya\u015flanmaya kar\u015f\u0131 h\u00fccreleri geciktirmek isteyenler i\u00e7in tercih edilebilir nitelikte bir \u00fcr\u00fcn. Tip 1,2,3 kolajeni b\u00fcnyesinde bar\u0131nd\u0131r\u0131yor.<\/p>\n<figure id=\"attachment_9301\" aria-describedby=\"caption-attachment-9301\" style=\"width: 1200px\" class=\"wp-caption alignnone\"><img decoding=\"async\" class=\"size-full wp-image-9301\" src=\"https:\/\/i0.wp.com\/annebebekkulubu.com\/blog\/wp-content\/uploads\/2020\/12\/Via-Life-Collagen.jpg?resize=696%2C696&#038;ssl=1\" alt=\"Via Life Collagen\" width=\"696\" height=\"696\" srcset=\"https:\/\/i0.wp.com\/annebebekkulubu.com\/blog\/wp-content\/uploads\/2020\/12\/Via-Life-Collagen.jpg?w=1200&amp;ssl=1 1200w, https:\/\/i0.wp.com\/annebebekkulubu.com\/blog\/wp-content\/uploads\/2020\/12\/Via-Life-Collagen.jpg?resize=300%2C300&amp;ssl=1 300w, https:\/\/i0.wp.com\/annebebekkulubu.com\/blog\/wp-content\/uploads\/2020\/12\/Via-Life-Collagen.jpg?resize=1024%2C1024&amp;ssl=1 1024w, https:\/\/i0.wp.com\/annebebekkulubu.com\/blog\/wp-content\/uploads\/2020\/12\/Via-Life-Collagen.jpg?resize=150%2C150&amp;ssl=1 150w, https:\/\/i0.wp.com\/annebebekkulubu.com\/blog\/wp-content\/uploads\/2020\/12\/Via-Life-Collagen.jpg?resize=768%2C768&amp;ssl=1 768w, https:\/\/i0.wp.com\/annebebekkulubu.com\/blog\/wp-content\/uploads\/2020\/12\/Via-Life-Collagen.jpg?resize=696%2C696&amp;ssl=1 696w, https:\/\/i0.wp.com\/annebebekkulubu.com\/blog\/wp-content\/uploads\/2020\/12\/Via-Life-Collagen.jpg?resize=1068%2C1068&amp;ssl=1 1068w\" sizes=\"(max-width: 696px) 100vw, 696px\" data-recalc-dims=\"1\" \/><figcaption id=\"caption-attachment-9301\" class=\"wp-caption-text\">Via Life Collagen<\/figcaption><\/figure>\n<h2><span class=\"ez-toc-section\" id=\"Via_Life_Collagen\"><\/span><strong>Via Life Collagen<\/strong><span class=\"ez-toc-section-end\"><\/span><\/h2>\n<p>Elma k\u00f6k h\u00fccrelerinden \u00fcretilen ViaLife, bal\u0131k kolajen peptit ile ya\u015flanmay\u0131 geciktirdi\u011fi gibi k\u0131r\u0131\u015f\u0131kl\u0131\u011f\u0131 \u00f6nleyici bir form\u00fcle de sahip. ViaLife K\u00f6k h\u00fccre kozmeti\u011finde yeni nesil bulu\u015f olarak g\u00f6r\u00fcl\u00fcyor. Bal\u0131k kolajen peptit ile elma \u00e7ekirde\u011fi k\u00f6k h\u00fccresi \u00f6z\u00fcnden olu\u015fturulmu\u015f bu g\u0131da takviyesi, g\u00fcn\u00fcm\u00fcz teknolojisi ile \u00fcretilmi\u015f olup, ciltteki k\u00f6k h\u00fccreleri koruyan devrim niteli\u011finde bir \u00fcr\u00fcn olarak g\u00f6r\u00fcl\u00fcyor. ViaLife, i\u00e7indeki <strong>bal\u0131k kolajen peptit<\/strong> sayesinde ciltteki k\u00f6k h\u00fccrelerinin ya\u015flanmas\u0131n\u0131 geciktirerek, k\u0131r\u0131\u015f\u0131kl\u0131\u011f\u0131 \u00f6nl\u00fcyor, par\u0131lt\u0131l\u0131 ve sa\u011fl\u0131kl\u0131 bir sa\u00e7 yap\u0131s\u0131 i\u00e7in zemin haz\u0131rl\u0131yor, g\u00fcne\u015fin zararl\u0131 etkilerine kar\u015f\u0131 koruma sa\u011fl\u0131yor, dokular\u0131n yenilenmesini ve \u00fcretilmesini sa\u011fl\u0131yor. \u00dcr\u00fcn\u00fcn form\u00fcl\u00fcnde Elma Ekstresi<br \/>\nSoya Proteini, Vitamin C, Vitamin E, Vitamin A, Vitamin D3, Vitamin B2, \u015eeftali Aromas\u0131 mevcut.<\/p>\n<h2><span class=\"ez-toc-section\" id=\"En_iyi_kolajen_serum_cesitleri\"><\/span><strong>En iyi kolajen serum \u00e7e\u015fitleri <\/strong><span class=\"ez-toc-section-end\"><\/span><\/h2>\n<p>\u015eimdi de gelin en iyi kolajen serum \u00e7e\u015fitlerini inceleyelim.<\/p>\n<figure id=\"attachment_9304\" aria-describedby=\"caption-attachment-9304\" style=\"width: 1200px\" class=\"wp-caption alignnone\"><img decoding=\"async\" class=\"size-full wp-image-9304\" src=\"https:\/\/i0.wp.com\/annebebekkulubu.com\/blog\/wp-content\/uploads\/2020\/12\/Caudalie-Resveratrol-Lift.jpg?resize=696%2C696&#038;ssl=1\" alt=\"Caudalie, Resveratrol Lift An\u0131nda S\u0131k\u0131la\u015ft\u0131r\u0131c\u0131 Etkili Serum\" width=\"696\" height=\"696\" srcset=\"https:\/\/i0.wp.com\/annebebekkulubu.com\/blog\/wp-content\/uploads\/2020\/12\/Caudalie-Resveratrol-Lift.jpg?w=1200&amp;ssl=1 1200w, https:\/\/i0.wp.com\/annebebekkulubu.com\/blog\/wp-content\/uploads\/2020\/12\/Caudalie-Resveratrol-Lift.jpg?resize=300%2C300&amp;ssl=1 300w, https:\/\/i0.wp.com\/annebebekkulubu.com\/blog\/wp-content\/uploads\/2020\/12\/Caudalie-Resveratrol-Lift.jpg?resize=1024%2C1024&amp;ssl=1 1024w, https:\/\/i0.wp.com\/annebebekkulubu.com\/blog\/wp-content\/uploads\/2020\/12\/Caudalie-Resveratrol-Lift.jpg?resize=150%2C150&amp;ssl=1 150w, https:\/\/i0.wp.com\/annebebekkulubu.com\/blog\/wp-content\/uploads\/2020\/12\/Caudalie-Resveratrol-Lift.jpg?resize=768%2C768&amp;ssl=1 768w, https:\/\/i0.wp.com\/annebebekkulubu.com\/blog\/wp-content\/uploads\/2020\/12\/Caudalie-Resveratrol-Lift.jpg?resize=696%2C696&amp;ssl=1 696w, https:\/\/i0.wp.com\/annebebekkulubu.com\/blog\/wp-content\/uploads\/2020\/12\/Caudalie-Resveratrol-Lift.jpg?resize=1068%2C1068&amp;ssl=1 1068w\" sizes=\"(max-width: 696px) 100vw, 696px\" data-recalc-dims=\"1\" \/><figcaption id=\"caption-attachment-9304\" class=\"wp-caption-text\">Caudalie, Resveratrol Lift An\u0131nda S\u0131k\u0131la\u015ft\u0131r\u0131c\u0131 Etkili Serum<\/figcaption><\/figure>\n<h2><span class=\"ez-toc-section\" id=\"Caudalie_Resveratrol_Lift_Aninda_Sikilastirici_Etkili_Serum\"><\/span><strong>Caudalie, Resveratrol Lift An\u0131nda S\u0131k\u0131la\u015ft\u0131r\u0131c\u0131 Etkili Serum<\/strong><span class=\"ez-toc-section-end\"><\/span><\/h2>\n<p>Resveratrol, form\u00fcl\u00fcnde hiyal\u00fcronik asit ve vegan kolajenin birle\u015fiminden olu\u015fan patentli kompleks i\u00e7eren serum bulundurmas\u0131 sebebiyle cildin <strong>p\u00fcr\u00fczs\u00fcz bir g\u00f6r\u00fcn\u00fcm sa\u011flamas\u0131na destek verirken, k\u0131r\u0131\u015f\u0131kl\u0131klar\u0131n g\u00f6r\u00fcn\u00fcm\u00fcn\u00fc d\u00fczeltiyor,\u00a0y\u00fcz ovalini \u015fekillendiriyor.<\/strong> B\u00fcnyesinde bar\u0131nd\u0131rd\u0131\u011f\u0131, fesle\u011fen, limon otu, papatya, kekik ve portakal \u00e7i\u00e7e\u011fi i\u00e7eren kokusuyla %97 do\u011fal i\u00e7eriklere sahip olan \u00fcr\u00fcn, ya\u011f i\u00e7ermeyen form\u00fcl\u00fc sayesinde\u00a0cilt taraf\u0131ndan kolayca emiliyor.<\/p>\n<figure id=\"attachment_9305\" aria-describedby=\"caption-attachment-9305\" style=\"width: 999px\" class=\"wp-caption alignnone\"><img decoding=\"async\" class=\"size-full wp-image-9305\" src=\"https:\/\/i0.wp.com\/annebebekkulubu.com\/blog\/wp-content\/uploads\/2020\/12\/Kiehls-Powerful-Wrinkle-Reducing-Cream.jpg?resize=696%2C639&#038;ssl=1\" alt=\"Kiehl\u2019s, Powerful Wrinkle Reducing Cream\" width=\"696\" height=\"639\" srcset=\"https:\/\/i0.wp.com\/annebebekkulubu.com\/blog\/wp-content\/uploads\/2020\/12\/Kiehls-Powerful-Wrinkle-Reducing-Cream.jpg?w=999&amp;ssl=1 999w, https:\/\/i0.wp.com\/annebebekkulubu.com\/blog\/wp-content\/uploads\/2020\/12\/Kiehls-Powerful-Wrinkle-Reducing-Cream.jpg?resize=300%2C275&amp;ssl=1 300w, https:\/\/i0.wp.com\/annebebekkulubu.com\/blog\/wp-content\/uploads\/2020\/12\/Kiehls-Powerful-Wrinkle-Reducing-Cream.jpg?resize=768%2C705&amp;ssl=1 768w, https:\/\/i0.wp.com\/annebebekkulubu.com\/blog\/wp-content\/uploads\/2020\/12\/Kiehls-Powerful-Wrinkle-Reducing-Cream.jpg?resize=696%2C639&amp;ssl=1 696w\" sizes=\"(max-width: 696px) 100vw, 696px\" data-recalc-dims=\"1\" \/><figcaption id=\"caption-attachment-9305\" class=\"wp-caption-text\">Kiehl\u2019s, Powerful Wrinkle Reducing Cream<\/figcaption><\/figure>\n<h2><span class=\"ez-toc-section\" id=\"Kiehls_Powerful_Wrinkle_Reducing_Cream_SPF30\"><\/span><strong>Kiehl\u2019s, Powerful Wrinkle Reducing Cream SPF30<\/strong><span class=\"ez-toc-section-end\"><\/span><\/h2>\n<p>\u00c7izgi ve k\u0131r\u0131\u015f\u0131klar ile sava\u015fan g\u00fcne\u015f korumal\u0131 y\u00fcz kremi, i\u00e7eri\u011findeki bak\u0131r ve kalsiyum bile\u015fenleri ile cildinize elastikiyetini geri kazand\u0131r\u0131r, kolajen say\u0131n\u0131z\u0131 artt\u0131r\u0131r ve cilt y\u00fczeyinizin daha p\u00fcr\u00fczs\u00fcz bir hale gelmesine yard\u0131mc\u0131 olur. 30 fakt\u00f6re sahip olan bu kremi, \u00f6zellikle g\u00fcnd\u00fczleri evden \u00e7\u0131kmadan \u00f6nce kullan\u0131n. Cildiniz s\u0131k\u0131la\u015f\u0131rken ayn\u0131 zamanda\u00a0g\u00fcne\u015ften korunsun&#8230;<\/p>\n<figure id=\"attachment_9307\" aria-describedby=\"caption-attachment-9307\" style=\"width: 1300px\" class=\"wp-caption alignnone\"><img decoding=\"async\" class=\"size-full wp-image-9307\" src=\"https:\/\/i0.wp.com\/annebebekkulubu.com\/blog\/wp-content\/uploads\/2020\/12\/La-Mer-Lifting-and-Firming-Mask.jpg?resize=696%2C857&#038;ssl=1\" alt=\"La Mer, Lifting and Firming Mask\" width=\"696\" height=\"857\" srcset=\"https:\/\/i0.wp.com\/annebebekkulubu.com\/blog\/wp-content\/uploads\/2020\/12\/La-Mer-Lifting-and-Firming-Mask.jpg?w=1300&amp;ssl=1 1300w, https:\/\/i0.wp.com\/annebebekkulubu.com\/blog\/wp-content\/uploads\/2020\/12\/La-Mer-Lifting-and-Firming-Mask.jpg?resize=244%2C300&amp;ssl=1 244w, https:\/\/i0.wp.com\/annebebekkulubu.com\/blog\/wp-content\/uploads\/2020\/12\/La-Mer-Lifting-and-Firming-Mask.jpg?resize=832%2C1024&amp;ssl=1 832w, https:\/\/i0.wp.com\/annebebekkulubu.com\/blog\/wp-content\/uploads\/2020\/12\/La-Mer-Lifting-and-Firming-Mask.jpg?resize=768%2C945&amp;ssl=1 768w, https:\/\/i0.wp.com\/annebebekkulubu.com\/blog\/wp-content\/uploads\/2020\/12\/La-Mer-Lifting-and-Firming-Mask.jpg?resize=1248%2C1536&amp;ssl=1 1248w, https:\/\/i0.wp.com\/annebebekkulubu.com\/blog\/wp-content\/uploads\/2020\/12\/La-Mer-Lifting-and-Firming-Mask.jpg?resize=324%2C400&amp;ssl=1 324w, https:\/\/i0.wp.com\/annebebekkulubu.com\/blog\/wp-content\/uploads\/2020\/12\/La-Mer-Lifting-and-Firming-Mask.jpg?resize=696%2C857&amp;ssl=1 696w, https:\/\/i0.wp.com\/annebebekkulubu.com\/blog\/wp-content\/uploads\/2020\/12\/La-Mer-Lifting-and-Firming-Mask.jpg?resize=1068%2C1314&amp;ssl=1 1068w\" sizes=\"(max-width: 696px) 100vw, 696px\" data-recalc-dims=\"1\" \/><figcaption id=\"caption-attachment-9307\" class=\"wp-caption-text\">La Mer, Lifting and Firming Mask<\/figcaption><\/figure>\n<h2><span class=\"ez-toc-section\" id=\"La_Mer_Lifting_and_Firming_Mask\"><\/span><strong>La Mer, Lifting and Firming Mask<\/strong><span class=\"ez-toc-section-end\"><\/span><\/h2>\n<p>Cildin do\u011fal kolajen \u00fcretimini destekleyen La Mer Lifting and Firming Mask, konsantre form\u00fcl\u00fc sayesinde cildinizi s\u0131k\u0131la\u015ft\u0131r\u0131r. Maske cildinizle temas etti\u011fi andan itibaren cildiniz nem kazanmaya ba\u015flar ve yumu\u015fac\u0131k olur. D\u00fczenli kullan\u0131mda cildiniz daha gen\u00e7le parlak bir g\u00f6r\u00fcn\u00fcme sahip olur. Haftada iki kez y\u00fcz\u00fcn\u00fcze ve boynunuza uygulayabilirsiniz.<\/p>\n<figure id=\"attachment_9308\" aria-describedby=\"caption-attachment-9308\" style=\"width: 1200px\" class=\"wp-caption alignnone\"><img decoding=\"async\" class=\"size-full wp-image-9308\" src=\"https:\/\/i0.wp.com\/annebebekkulubu.com\/blog\/wp-content\/uploads\/2020\/12\/New-Essentials-Kolajen-Serum.jpg?resize=696%2C1044&#038;ssl=1\" alt=\"New Essentials Kolajen Serum\" width=\"696\" height=\"1044\" srcset=\"https:\/\/i0.wp.com\/annebebekkulubu.com\/blog\/wp-content\/uploads\/2020\/12\/New-Essentials-Kolajen-Serum.jpg?w=1200&amp;ssl=1 1200w, https:\/\/i0.wp.com\/annebebekkulubu.com\/blog\/wp-content\/uploads\/2020\/12\/New-Essentials-Kolajen-Serum.jpg?resize=200%2C300&amp;ssl=1 200w, https:\/\/i0.wp.com\/annebebekkulubu.com\/blog\/wp-content\/uploads\/2020\/12\/New-Essentials-Kolajen-Serum.jpg?resize=683%2C1024&amp;ssl=1 683w, https:\/\/i0.wp.com\/annebebekkulubu.com\/blog\/wp-content\/uploads\/2020\/12\/New-Essentials-Kolajen-Serum.jpg?resize=768%2C1152&amp;ssl=1 768w, https:\/\/i0.wp.com\/annebebekkulubu.com\/blog\/wp-content\/uploads\/2020\/12\/New-Essentials-Kolajen-Serum.jpg?resize=1024%2C1536&amp;ssl=1 1024w, https:\/\/i0.wp.com\/annebebekkulubu.com\/blog\/wp-content\/uploads\/2020\/12\/New-Essentials-Kolajen-Serum.jpg?resize=696%2C1044&amp;ssl=1 696w, https:\/\/i0.wp.com\/annebebekkulubu.com\/blog\/wp-content\/uploads\/2020\/12\/New-Essentials-Kolajen-Serum.jpg?resize=1068%2C1602&amp;ssl=1 1068w\" sizes=\"(max-width: 696px) 100vw, 696px\" data-recalc-dims=\"1\" \/><figcaption id=\"caption-attachment-9308\" class=\"wp-caption-text\">New Essentials Kolajen Serum<\/figcaption><\/figure>\n<h2><span class=\"ez-toc-section\" id=\"New_Essentials_Kolajen_Serum\"><\/span><strong>New Essentials Kolajen Serum<\/strong><span class=\"ez-toc-section-end\"><\/span><\/h2>\n<p>Ya\u015flanma oran\u0131n\u0131 en aza indirmeyi hedefleyen k\u0131r\u0131\u015f\u0131kl\u0131k ve \u00e7izgi kar\u015f\u0131t\u0131 olan bu kolajen serum son zamanlar\u0131n en pop\u00fcler cilt bak\u0131m \u00fcr\u00fcnlerinden biri. Ya\u015flanma belirtilerinin \u00f6n\u00fcne ge\u00e7en \u00fcr\u00fcn, daha gen\u00e7 ve canl\u0131 bir cilt vaadediyor. Serumun i\u00e7erisinde kolajen, protein ve nemlendirici bulunuyor. Bu da sahip olunan cildin nem dengesini korurken bir yandan da protein sentezini destekliyor, canl\u0131l\u0131k ve parlakl\u0131k kazand\u0131r\u0131yor.<\/p>\n<figure id=\"attachment_9309\" aria-describedby=\"caption-attachment-9309\" style=\"width: 1600px\" class=\"wp-caption alignnone\"><img decoding=\"async\" class=\"size-full wp-image-9309\" src=\"https:\/\/i0.wp.com\/annebebekkulubu.com\/blog\/wp-content\/uploads\/2020\/12\/Mizon-Collagen-100.jpg?resize=696%2C696&#038;ssl=1\" alt=\"Mizon Collagen 100\" width=\"696\" height=\"696\" srcset=\"https:\/\/i0.wp.com\/annebebekkulubu.com\/blog\/wp-content\/uploads\/2020\/12\/Mizon-Collagen-100.jpg?w=1600&amp;ssl=1 1600w, https:\/\/i0.wp.com\/annebebekkulubu.com\/blog\/wp-content\/uploads\/2020\/12\/Mizon-Collagen-100.jpg?resize=300%2C300&amp;ssl=1 300w, https:\/\/i0.wp.com\/annebebekkulubu.com\/blog\/wp-content\/uploads\/2020\/12\/Mizon-Collagen-100.jpg?resize=1024%2C1024&amp;ssl=1 1024w, https:\/\/i0.wp.com\/annebebekkulubu.com\/blog\/wp-content\/uploads\/2020\/12\/Mizon-Collagen-100.jpg?resize=150%2C150&amp;ssl=1 150w, https:\/\/i0.wp.com\/annebebekkulubu.com\/blog\/wp-content\/uploads\/2020\/12\/Mizon-Collagen-100.jpg?resize=768%2C768&amp;ssl=1 768w, https:\/\/i0.wp.com\/annebebekkulubu.com\/blog\/wp-content\/uploads\/2020\/12\/Mizon-Collagen-100.jpg?resize=1536%2C1536&amp;ssl=1 1536w, https:\/\/i0.wp.com\/annebebekkulubu.com\/blog\/wp-content\/uploads\/2020\/12\/Mizon-Collagen-100.jpg?resize=696%2C696&amp;ssl=1 696w, https:\/\/i0.wp.com\/annebebekkulubu.com\/blog\/wp-content\/uploads\/2020\/12\/Mizon-Collagen-100.jpg?resize=1068%2C1068&amp;ssl=1 1068w, https:\/\/i0.wp.com\/annebebekkulubu.com\/blog\/wp-content\/uploads\/2020\/12\/Mizon-Collagen-100.jpg?w=1392&amp;ssl=1 1392w\" sizes=\"(max-width: 696px) 100vw, 696px\" data-recalc-dims=\"1\" \/><figcaption id=\"caption-attachment-9309\" class=\"wp-caption-text\">Mizon Collagen 100<\/figcaption><\/figure>\n<h2><span class=\"ez-toc-section\" id=\"Mizon_Collagen_100\"><\/span><strong>Mizon Collagen 100<\/strong><span class=\"ez-toc-section-end\"><\/span><\/h2>\n<p>Konu <strong>ciltte canl\u0131l\u0131k ve parlakl\u0131k<\/strong> olunca, kolajen serum d\u00fcnyas\u0131nda akla gelen bir di\u011fer \u00fcr\u00fcn ise Mizon Collagen 100. \u0130\u00e7eri\u011findeki zenginle\u015ftirilmi\u015f marine collagen sayesinde cildin elastikiyetini korumas\u0131na yard\u0131mc\u0131 olan \u00fcr\u00fcn, yorgun ciltler i\u00e7in olduk\u00e7a ideal. Cildi derinlemesine nemlendiren serum, ayn\u0131 zamanda d\u0131\u015f etkenlere kar\u015f\u0131 da koruma sa\u011fl\u0131yor.<\/p>\n<figure id=\"attachment_9310\" aria-describedby=\"caption-attachment-9310\" style=\"width: 1200px\" class=\"wp-caption alignnone\"><img decoding=\"async\" class=\"size-full wp-image-9310\" src=\"https:\/\/i0.wp.com\/annebebekkulubu.com\/blog\/wp-content\/uploads\/2020\/12\/Algenist-Genius-Liquid-Collagen.png?resize=696%2C696&#038;ssl=1\" alt=\"Algenist Genius Liquid Collagen\" width=\"696\" height=\"696\" srcset=\"https:\/\/i0.wp.com\/annebebekkulubu.com\/blog\/wp-content\/uploads\/2020\/12\/Algenist-Genius-Liquid-Collagen.png?w=1200&amp;ssl=1 1200w, https:\/\/i0.wp.com\/annebebekkulubu.com\/blog\/wp-content\/uploads\/2020\/12\/Algenist-Genius-Liquid-Collagen.png?resize=300%2C300&amp;ssl=1 300w, https:\/\/i0.wp.com\/annebebekkulubu.com\/blog\/wp-content\/uploads\/2020\/12\/Algenist-Genius-Liquid-Collagen.png?resize=1024%2C1024&amp;ssl=1 1024w, https:\/\/i0.wp.com\/annebebekkulubu.com\/blog\/wp-content\/uploads\/2020\/12\/Algenist-Genius-Liquid-Collagen.png?resize=150%2C150&amp;ssl=1 150w, https:\/\/i0.wp.com\/annebebekkulubu.com\/blog\/wp-content\/uploads\/2020\/12\/Algenist-Genius-Liquid-Collagen.png?resize=768%2C768&amp;ssl=1 768w, https:\/\/i0.wp.com\/annebebekkulubu.com\/blog\/wp-content\/uploads\/2020\/12\/Algenist-Genius-Liquid-Collagen.png?resize=696%2C696&amp;ssl=1 696w, https:\/\/i0.wp.com\/annebebekkulubu.com\/blog\/wp-content\/uploads\/2020\/12\/Algenist-Genius-Liquid-Collagen.png?resize=1068%2C1068&amp;ssl=1 1068w\" sizes=\"(max-width: 696px) 100vw, 696px\" data-recalc-dims=\"1\" \/><figcaption id=\"caption-attachment-9310\" class=\"wp-caption-text\">Algenist Genius Liquid Collagen<\/figcaption><\/figure>\n<h2><span class=\"ez-toc-section\" id=\"Algenist_Genius_Liquid_Collagen\"><\/span><strong>Algenist Genius Liquid Collagen<\/strong><span class=\"ez-toc-section-end\"><\/span><\/h2>\n<p>Bitki \u00f6zl\u00fc aktif kollajen molek\u00fclleri i\u00e7eren bu form\u00fcl cildi ayd\u0131nlat\u0131yor, dolgunluk veriyor ve g\u00fc\u00e7lendiriyor.\u00a0E\u011fer vegan i\u00e7erikli bir \u00fcr\u00fcn ar\u0131yorsan\u0131z\u00a0Algenist Genius Liquid Collagen tam size g\u00f6re.<\/p>\n<figure id=\"attachment_9311\" aria-describedby=\"caption-attachment-9311\" style=\"width: 651px\" class=\"wp-caption alignnone\"><img decoding=\"async\" class=\" wp-image-9311\" src=\"https:\/\/i0.wp.com\/annebebekkulubu.com\/blog\/wp-content\/uploads\/2020\/12\/LR-Zeitgard-Racine-Kolajen-Serum.jpg?resize=651%2C625&#038;ssl=1\" alt=\"LR Zeitgard Racine Kolajen Serum\" width=\"651\" height=\"625\" srcset=\"https:\/\/i0.wp.com\/annebebekkulubu.com\/blog\/wp-content\/uploads\/2020\/12\/LR-Zeitgard-Racine-Kolajen-Serum.jpg?w=960&amp;ssl=1 960w, https:\/\/i0.wp.com\/annebebekkulubu.com\/blog\/wp-content\/uploads\/2020\/12\/LR-Zeitgard-Racine-Kolajen-Serum.jpg?resize=300%2C288&amp;ssl=1 300w, https:\/\/i0.wp.com\/annebebekkulubu.com\/blog\/wp-content\/uploads\/2020\/12\/LR-Zeitgard-Racine-Kolajen-Serum.jpg?resize=768%2C738&amp;ssl=1 768w, https:\/\/i0.wp.com\/annebebekkulubu.com\/blog\/wp-content\/uploads\/2020\/12\/LR-Zeitgard-Racine-Kolajen-Serum.jpg?resize=696%2C668&amp;ssl=1 696w\" sizes=\"(max-width: 651px) 100vw, 651px\" data-recalc-dims=\"1\" \/><figcaption id=\"caption-attachment-9311\" class=\"wp-caption-text\">LR Zeitgard Racine Kolajen Serum<\/figcaption><\/figure>\n<h2><span class=\"ez-toc-section\" id=\"LR_Zeitgard_Racine_Kolajen_Serum\"><\/span><strong>LR Zeitgard Racine Kolajen Serum<\/strong><span class=\"ez-toc-section-end\"><\/span><\/h2>\n<p>Saf kolajen i\u00e7eren bu serum, cildin s\u0131k\u0131la\u015fmas\u0131n\u0131 sa\u011flarken bir yandan da cildi derinlemesine nemlendiriyor. Ek olarak bu nemi hapseden \u00fcr\u00fcn; daha gen\u00e7, taze ve p\u00fcr\u00fczs\u00fcz bir g\u00f6r\u00fcn\u00fcm vaadediyor.<\/p>\n<figure id=\"attachment_9312\" aria-describedby=\"caption-attachment-9312\" style=\"width: 650px\" class=\"wp-caption alignnone\"><img decoding=\"async\" class=\" wp-image-9312\" src=\"https:\/\/i0.wp.com\/annebebekkulubu.com\/blog\/wp-content\/uploads\/2020\/12\/Dermalogica-Dynamic-Skin-Recovery-SPF-50.png?resize=650%2C650&#038;ssl=1\" alt=\"Dermalogica Dynamic Skin Recovery SPF 50\" width=\"650\" height=\"650\" srcset=\"https:\/\/i0.wp.com\/annebebekkulubu.com\/blog\/wp-content\/uploads\/2020\/12\/Dermalogica-Dynamic-Skin-Recovery-SPF-50.png?w=500&amp;ssl=1 500w, https:\/\/i0.wp.com\/annebebekkulubu.com\/blog\/wp-content\/uploads\/2020\/12\/Dermalogica-Dynamic-Skin-Recovery-SPF-50.png?resize=300%2C300&amp;ssl=1 300w, https:\/\/i0.wp.com\/annebebekkulubu.com\/blog\/wp-content\/uploads\/2020\/12\/Dermalogica-Dynamic-Skin-Recovery-SPF-50.png?resize=150%2C150&amp;ssl=1 150w\" sizes=\"(max-width: 650px) 100vw, 650px\" data-recalc-dims=\"1\" \/><figcaption id=\"caption-attachment-9312\" class=\"wp-caption-text\">Dermalogica Dynamic Skin Recovery SPF 50<\/figcaption><\/figure>\n<h2><span class=\"ez-toc-section\" id=\"Dermalogica_Dynamic_Skin_Recovery_SPF_50\"><\/span><strong>Dermalogica Dynamic Skin Recovery SPF 50<\/strong><span class=\"ez-toc-section-end\"><\/span><\/h2>\n<p>Ciltte hali haz\u0131rda olu\u015fmu\u015f zarar\u0131 gideren ve gelecekte olu\u015facak k\u0131r\u0131\u015f\u0131kl\u0131klara kar\u015f\u0131 \u00f6nlem alan bu krem, cildin do\u011fal kollajen olu\u015fumunu destekliyor. SPF 50 i\u00e7eri\u011fi ile de cildi g\u00fcne\u015fin zararl\u0131 \u0131\u015f\u0131nlar\u0131na kar\u015f\u0131 koruyan bu \u00fcr\u00fcn cildin nem bariyerini yeniden yap\u0131land\u0131r\u0131yor.<\/p>\n<figure id=\"attachment_9314\" aria-describedby=\"caption-attachment-9314\" style=\"width: 1400px\" class=\"wp-caption alignnone\"><img decoding=\"async\" class=\"size-full wp-image-9314\" src=\"https:\/\/i0.wp.com\/annebebekkulubu.com\/blog\/wp-content\/uploads\/2020\/12\/Dr.Jart-Dermask-Spot-Jet-Neck-Chin-Lift.jpg?resize=696%2C696&#038;ssl=1\" alt=\"Dr.Jart+ Dermask Spot Jet Neck &amp; Chin Lift\" width=\"696\" height=\"696\" srcset=\"https:\/\/i0.wp.com\/annebebekkulubu.com\/blog\/wp-content\/uploads\/2020\/12\/Dr.Jart-Dermask-Spot-Jet-Neck-Chin-Lift.jpg?w=1400&amp;ssl=1 1400w, https:\/\/i0.wp.com\/annebebekkulubu.com\/blog\/wp-content\/uploads\/2020\/12\/Dr.Jart-Dermask-Spot-Jet-Neck-Chin-Lift.jpg?resize=300%2C300&amp;ssl=1 300w, https:\/\/i0.wp.com\/annebebekkulubu.com\/blog\/wp-content\/uploads\/2020\/12\/Dr.Jart-Dermask-Spot-Jet-Neck-Chin-Lift.jpg?resize=1024%2C1024&amp;ssl=1 1024w, https:\/\/i0.wp.com\/annebebekkulubu.com\/blog\/wp-content\/uploads\/2020\/12\/Dr.Jart-Dermask-Spot-Jet-Neck-Chin-Lift.jpg?resize=150%2C150&amp;ssl=1 150w, https:\/\/i0.wp.com\/annebebekkulubu.com\/blog\/wp-content\/uploads\/2020\/12\/Dr.Jart-Dermask-Spot-Jet-Neck-Chin-Lift.jpg?resize=768%2C768&amp;ssl=1 768w, https:\/\/i0.wp.com\/annebebekkulubu.com\/blog\/wp-content\/uploads\/2020\/12\/Dr.Jart-Dermask-Spot-Jet-Neck-Chin-Lift.jpg?resize=696%2C696&amp;ssl=1 696w, https:\/\/i0.wp.com\/annebebekkulubu.com\/blog\/wp-content\/uploads\/2020\/12\/Dr.Jart-Dermask-Spot-Jet-Neck-Chin-Lift.jpg?resize=1068%2C1068&amp;ssl=1 1068w\" sizes=\"(max-width: 696px) 100vw, 696px\" data-recalc-dims=\"1\" \/><figcaption id=\"caption-attachment-9314\" class=\"wp-caption-text\">Dr.Jart+ Dermask Spot Jet Neck &amp; Chin Lift<\/figcaption><\/figure>\n<h2><span class=\"ez-toc-section\" id=\"DrJart_Dermask_Spot_Jet_Neck_Chin_Lift\"><\/span><strong>Dr.Jart+ Dermask Spot Jet Neck &amp; Chin Lift<\/strong><span class=\"ez-toc-section-end\"><\/span><\/h2>\n<p>Ya\u015fla birlikte gelen sarkan cilt g\u00f6r\u00fcn\u00fcm\u00fc kendini en \u00e7ok boyunda ve \u00e7enede belli ediyor. Dr. Jart&#8217;\u0131n nokta at\u0131\u015f\u0131 tedavi sa\u011flayan bu maskesi, \u00e7ene ve boyun b\u00f6lgenize kollajenle destek verdi\u011finden daha gergin bir g\u00f6r\u00fcn\u00fcme kavu\u015fman\u0131z i\u00e7in birebir olanak sa\u011fl\u0131yor.<\/p>\n<figure id=\"attachment_9315\" aria-describedby=\"caption-attachment-9315\" style=\"width: 750px\" class=\"wp-caption alignnone\"><img decoding=\"async\" class=\"size-full wp-image-9315\" src=\"https:\/\/i0.wp.com\/annebebekkulubu.com\/blog\/wp-content\/uploads\/2020\/12\/Drunk-Elephant-Protini-Polypeptide-Cream.jpg?resize=696%2C461&#038;ssl=1\" alt=\"Drunk Elephant Protini&#x2122; Polypeptide Cream\" width=\"696\" height=\"461\" srcset=\"https:\/\/i0.wp.com\/annebebekkulubu.com\/blog\/wp-content\/uploads\/2020\/12\/Drunk-Elephant-Protini-Polypeptide-Cream.jpg?w=750&amp;ssl=1 750w, https:\/\/i0.wp.com\/annebebekkulubu.com\/blog\/wp-content\/uploads\/2020\/12\/Drunk-Elephant-Protini-Polypeptide-Cream.jpg?resize=300%2C199&amp;ssl=1 300w, https:\/\/i0.wp.com\/annebebekkulubu.com\/blog\/wp-content\/uploads\/2020\/12\/Drunk-Elephant-Protini-Polypeptide-Cream.jpg?resize=696%2C461&amp;ssl=1 696w\" sizes=\"(max-width: 696px) 100vw, 696px\" data-recalc-dims=\"1\" \/><figcaption id=\"caption-attachment-9315\" class=\"wp-caption-text\">Drunk Elephant Protini&#x2122; Polypeptide Cream<\/figcaption><\/figure>\n<h2><span class=\"ez-toc-section\" id=\"Drunk_Elephant_Protini%E2%84%A2_Polypeptide_Cream\"><\/span><strong>Drunk Elephant Protini&#x2122; Polypeptide Cream<\/strong><span class=\"ez-toc-section-end\"><\/span><\/h2>\n<p>Protein, peptid ve aminoasitlerden olu\u015fan ve tam bir &#8216;yap\u0131 ta\u015f\u0131 kokteyli&#8217; olan bu \u00fcr\u00fcn cildinizi\u00a0\u00a0\u00a0\u00a0\u00a0 yeniden yap\u0131land\u0131rarak, g\u00fcne\u015f izlerinden ince k\u0131r\u0131\u015f\u0131kl\u0131klara kadar eskiyen cilt g\u00f6r\u00fcn\u00fcm\u00fcn\u00fc minimuma indiriyor. Tercih edilebilir bir se\u00e7enek.<\/p>\n<figure id=\"attachment_9316\" aria-describedby=\"caption-attachment-9316\" style=\"width: 656px\" class=\"wp-caption alignnone\"><img decoding=\"async\" class=\" wp-image-9316\" src=\"https:\/\/i0.wp.com\/annebebekkulubu.com\/blog\/wp-content\/uploads\/2020\/12\/Dr-Dennis-Gross-C-Collagen-Brighten-Firm-Vitamin-C-Serum.jpg?resize=656%2C656&#038;ssl=1\" alt=\"Dr Dennis Gross C+ Collagen Brighten &amp; Firm Vitamin C Serum\" width=\"656\" height=\"656\" srcset=\"https:\/\/i0.wp.com\/annebebekkulubu.com\/blog\/wp-content\/uploads\/2020\/12\/Dr-Dennis-Gross-C-Collagen-Brighten-Firm-Vitamin-C-Serum.jpg?w=600&amp;ssl=1 600w, https:\/\/i0.wp.com\/annebebekkulubu.com\/blog\/wp-content\/uploads\/2020\/12\/Dr-Dennis-Gross-C-Collagen-Brighten-Firm-Vitamin-C-Serum.jpg?resize=300%2C300&amp;ssl=1 300w, https:\/\/i0.wp.com\/annebebekkulubu.com\/blog\/wp-content\/uploads\/2020\/12\/Dr-Dennis-Gross-C-Collagen-Brighten-Firm-Vitamin-C-Serum.jpg?resize=150%2C150&amp;ssl=1 150w\" sizes=\"(max-width: 656px) 100vw, 656px\" data-recalc-dims=\"1\" \/><figcaption id=\"caption-attachment-9316\" class=\"wp-caption-text\">Dr Dennis Gross C+ Collagen Brighten &amp; Firm Vitamin C Serum<\/figcaption><\/figure>\n<h2><span class=\"ez-toc-section\" id=\"Dr_Dennis_Gross_C_Collagen_Brighten_Firm_Vitamin_C_Serum\"><\/span><strong>Dr Dennis Gross C+ Collagen Brighten &amp; Firm Vitamin C Serum<\/strong><span class=\"ez-toc-section-end\"><\/span><\/h2>\n<p>Form\u00fcl\u00fcndeki C vitamini ile cilde kaybetti\u011fi enerjiyi geri kazand\u0131ran Dr Dennis Gross&#8217;un bak\u0131m serumu, i\u00e7eri\u011findeki kollajen amino asitleri ve \u00f6zel enerji kompleksiyle cilde eski dolgunlu\u011funu geri kazand\u0131r\u0131yor ve geriye sa\u011fl\u0131kl\u0131 bir \u0131\u015f\u0131lt\u0131 b\u0131rak\u0131yor.<\/p>\n<figure id=\"attachment_9317\" aria-describedby=\"caption-attachment-9317\" style=\"width: 1000px\" class=\"wp-caption alignnone\"><img decoding=\"async\" class=\"size-full wp-image-9317\" src=\"https:\/\/i0.wp.com\/annebebekkulubu.com\/blog\/wp-content\/uploads\/2020\/12\/Ole-Henriksen-Banana-Bright-Eye-Creme.jpg?resize=696%2C461&#038;ssl=1\" alt=\"Ole Henriksen Banana Bright Eye Creme\" width=\"696\" height=\"461\" srcset=\"https:\/\/i0.wp.com\/annebebekkulubu.com\/blog\/wp-content\/uploads\/2020\/12\/Ole-Henriksen-Banana-Bright-Eye-Creme.jpg?w=1000&amp;ssl=1 1000w, https:\/\/i0.wp.com\/annebebekkulubu.com\/blog\/wp-content\/uploads\/2020\/12\/Ole-Henriksen-Banana-Bright-Eye-Creme.jpg?resize=300%2C199&amp;ssl=1 300w, https:\/\/i0.wp.com\/annebebekkulubu.com\/blog\/wp-content\/uploads\/2020\/12\/Ole-Henriksen-Banana-Bright-Eye-Creme.jpg?resize=768%2C508&amp;ssl=1 768w, https:\/\/i0.wp.com\/annebebekkulubu.com\/blog\/wp-content\/uploads\/2020\/12\/Ole-Henriksen-Banana-Bright-Eye-Creme.jpg?resize=696%2C461&amp;ssl=1 696w\" sizes=\"(max-width: 696px) 100vw, 696px\" data-recalc-dims=\"1\" \/><figcaption id=\"caption-attachment-9317\" class=\"wp-caption-text\">Ole Henriksen Banana Bright Eye Creme<\/figcaption><\/figure>\n<h2><span class=\"ez-toc-section\" id=\"Ole_Henriksen_Banana_Bright_Eye_Creme\"><\/span><strong>Ole Henriksen Banana Bright Eye Creme<\/strong><span class=\"ez-toc-section-end\"><\/span><\/h2>\n<p>G\u00f6z \u00e7evreniz de kolajen yoksunlu\u011fundan etkilenenlerden. Ole Henriksen&#8217;in muz tozu ve C vitaminiyle g\u00fc\u00e7lendirilmi\u015f bu kolajen kremi g\u00f6z \u00e7evresini an\u0131nda dolgunla\u015ft\u0131r\u0131yor, rengini d\u00fczeltiyor ve zamanla k\u0131r\u0131\u015f\u0131kl\u0131klar\u0131 gideriyor. \u00dcstelik kapat\u0131c\u0131n\u0131z\u0131n kal\u0131c\u0131l\u0131\u011f\u0131n\u0131 art\u0131ran bir makyaj baz\u0131 i\u015flevi de g\u00f6r\u00fcyor.<\/p>\n<figure id=\"attachment_9318\" aria-describedby=\"caption-attachment-9318\" style=\"width: 720px\" class=\"wp-caption alignnone\"><img decoding=\"async\" class=\"size-full wp-image-9318\" src=\"https:\/\/i0.wp.com\/annebebekkulubu.com\/blog\/wp-content\/uploads\/2020\/12\/Nuface-Trinity-Collagen-Booster-Bundle.jpg?resize=696%2C696&#038;ssl=1\" alt=\"Nuface Trinity Collagen Booster Bundle\" width=\"696\" height=\"696\" srcset=\"https:\/\/i0.wp.com\/annebebekkulubu.com\/blog\/wp-content\/uploads\/2020\/12\/Nuface-Trinity-Collagen-Booster-Bundle.jpg?w=720&amp;ssl=1 720w, https:\/\/i0.wp.com\/annebebekkulubu.com\/blog\/wp-content\/uploads\/2020\/12\/Nuface-Trinity-Collagen-Booster-Bundle.jpg?resize=300%2C300&amp;ssl=1 300w, https:\/\/i0.wp.com\/annebebekkulubu.com\/blog\/wp-content\/uploads\/2020\/12\/Nuface-Trinity-Collagen-Booster-Bundle.jpg?resize=150%2C150&amp;ssl=1 150w, https:\/\/i0.wp.com\/annebebekkulubu.com\/blog\/wp-content\/uploads\/2020\/12\/Nuface-Trinity-Collagen-Booster-Bundle.jpg?resize=696%2C696&amp;ssl=1 696w\" sizes=\"(max-width: 696px) 100vw, 696px\" data-recalc-dims=\"1\" \/><figcaption id=\"caption-attachment-9318\" class=\"wp-caption-text\">Nuface Trinity Collagen Booster Bundle<\/figcaption><\/figure>\n<h2><span class=\"ez-toc-section\" id=\"Nuface_Trinity_Collagen_Booster_Bundle\"><\/span><strong>Nuface Trinity Collagen Booster Bundle<\/strong><span class=\"ez-toc-section-end\"><\/span><\/h2>\n<p>Cilde ihtiyac\u0131 olan egzersizi sa\u011flayan NUFace&#8217;in y\u00fcz masaj aleti, kolajen destekli yan \u00fcr\u00fcnleriyle cilde ameliyats\u0131z ve a\u011fr\u0131s\u0131z bir dolgunluk veriyor. G\u00fcnde sadece birka\u00e7 dakikan\u0131z\u0131 ay\u0131rarak cildinize ihtiyac\u0131 olan elastikiyeti \u00e7ifte g\u00fc\u00e7le geri kazand\u0131rabilirsiniz.<\/p>\n<figure id=\"attachment_9319\" aria-describedby=\"caption-attachment-9319\" style=\"width: 656px\" class=\"wp-caption alignnone\"><img decoding=\"async\" class=\" wp-image-9319\" src=\"https:\/\/i0.wp.com\/annebebekkulubu.com\/blog\/wp-content\/uploads\/2020\/12\/Murad-Rapid-Collagen-Infusion-For-Lips.png?resize=656%2C661&#038;ssl=1\" alt=\"Murad Rapid Collagen Infusion For Lips\" width=\"656\" height=\"661\" srcset=\"https:\/\/i0.wp.com\/annebebekkulubu.com\/blog\/wp-content\/uploads\/2020\/12\/Murad-Rapid-Collagen-Infusion-For-Lips.png?w=550&amp;ssl=1 550w, https:\/\/i0.wp.com\/annebebekkulubu.com\/blog\/wp-content\/uploads\/2020\/12\/Murad-Rapid-Collagen-Infusion-For-Lips.png?resize=298%2C300&amp;ssl=1 298w, https:\/\/i0.wp.com\/annebebekkulubu.com\/blog\/wp-content\/uploads\/2020\/12\/Murad-Rapid-Collagen-Infusion-For-Lips.png?resize=150%2C150&amp;ssl=1 150w\" sizes=\"(max-width: 656px) 100vw, 656px\" data-recalc-dims=\"1\" \/><figcaption id=\"caption-attachment-9319\" class=\"wp-caption-text\">Murad Rapid Collagen Infusion For Lips<\/figcaption><\/figure>\n<h2><span class=\"ez-toc-section\" id=\"Murad_Rapid_Collagen_Infusion_For_Lips\"><\/span><strong>Murad Rapid Collagen Infusion For Lips<\/strong><span class=\"ez-toc-section-end\"><\/span><\/h2>\n<p>Elastikiyet kayb\u0131 ya\u015fayan ve ince \u00e7izgi g\u00f6r\u00fcn\u00fcm\u00fc artan dudak ve dudak \u00e7evresinden \u015fikayet\u00e7iyseniz Murad&#8217;\u0131n bu \u00fcr\u00fcn\u00fcn\u00fc bak\u0131m rutininize ekleyin. Dikey \u00e7izgileri ve k\u0131r\u015f\u0131kl\u0131klar\u0131 yo\u011fun kollajenle yok eden ve p\u00fcr\u00fczs\u00fcz bir sonu\u00e7\u00a0veren bu \u00fcr\u00fcn daha dolgun dudaklara sahip olman\u0131z\u0131 sa\u011flayacak.<\/p>\n<figure id=\"attachment_9320\" aria-describedby=\"caption-attachment-9320\" style=\"width: 1200px\" class=\"wp-caption alignnone\"><img decoding=\"async\" class=\"size-full wp-image-9320\" src=\"https:\/\/i0.wp.com\/annebebekkulubu.com\/blog\/wp-content\/uploads\/2020\/12\/Procsin-Kolajen-Serum-.jpg?resize=696%2C1044&#038;ssl=1\" alt=\"Procsin Kolajen Serum\u00a0\" width=\"696\" height=\"1044\" srcset=\"https:\/\/i0.wp.com\/annebebekkulubu.com\/blog\/wp-content\/uploads\/2020\/12\/Procsin-Kolajen-Serum-.jpg?w=1200&amp;ssl=1 1200w, https:\/\/i0.wp.com\/annebebekkulubu.com\/blog\/wp-content\/uploads\/2020\/12\/Procsin-Kolajen-Serum-.jpg?resize=200%2C300&amp;ssl=1 200w, https:\/\/i0.wp.com\/annebebekkulubu.com\/blog\/wp-content\/uploads\/2020\/12\/Procsin-Kolajen-Serum-.jpg?resize=683%2C1024&amp;ssl=1 683w, https:\/\/i0.wp.com\/annebebekkulubu.com\/blog\/wp-content\/uploads\/2020\/12\/Procsin-Kolajen-Serum-.jpg?resize=768%2C1152&amp;ssl=1 768w, https:\/\/i0.wp.com\/annebebekkulubu.com\/blog\/wp-content\/uploads\/2020\/12\/Procsin-Kolajen-Serum-.jpg?resize=1024%2C1536&amp;ssl=1 1024w, https:\/\/i0.wp.com\/annebebekkulubu.com\/blog\/wp-content\/uploads\/2020\/12\/Procsin-Kolajen-Serum-.jpg?resize=696%2C1044&amp;ssl=1 696w, https:\/\/i0.wp.com\/annebebekkulubu.com\/blog\/wp-content\/uploads\/2020\/12\/Procsin-Kolajen-Serum-.jpg?resize=1068%2C1602&amp;ssl=1 1068w\" sizes=\"(max-width: 696px) 100vw, 696px\" data-recalc-dims=\"1\" \/><figcaption id=\"caption-attachment-9320\" class=\"wp-caption-text\">Procsin Kolajen Serum<\/figcaption><\/figure>\n<h2><span class=\"ez-toc-section\" id=\"Procsin_Kolajen_Serum\"><\/span><strong>Procsin Kolajen Serum\u00a0<\/strong><span class=\"ez-toc-section-end\"><\/span><\/h2>\n<p>T\u00fcm cilt tiplerine uygun, damlal\u0131kl\u0131 pratik bir ambalaja sahip olan bu serum, cildin gen\u00e7 g\u00f6r\u00fcnmesini ve k\u0131r\u0131\u015f\u0131kl\u0131klar\u0131n azalmas\u0131n\u0131 sa\u011flar. \u00d6zellikle sarkan cilt kendini en \u00e7ok boyunda ve \u00e7enede belli eder. \u00c7ene ve boyun b\u00f6lgenize destek vererek daha gergin bir g\u00f6r\u00fcn\u00fcme kavu\u015fman\u0131za yard\u0131mc\u0131 olan bu serum cildin diri, canl\u0131 ve dolgun g\u00f6r\u00fcnmesini sa\u011flar. Dokular\u0131n onar\u0131lmas\u0131n\u0131 ve elastikiyetlerinin artmas\u0131n\u0131 sa\u011flad\u0131\u011f\u0131 i\u00e7in erken ya\u015flanman\u0131n \u00f6n\u00fcne ge\u00e7er. Cilt dokusunu destekleyerek cildin ya\u011f, asit ve nem dengesini sa\u011flamaya yard\u0131mc\u0131 olur.<\/p>\n<p><strong>Yeni anneler<\/strong>\u00a0tecr\u00fcbelerini payla\u015f\u0131yor!\u00a0<strong>En iyi kolajen markas\u0131 hangisi?<\/strong> Kolajen kullananlar\u0131n yorumlar\u0131n\u0131 \u00f6\u011frenmek i\u00e7in <strong>Anne Bebek Kul\u00fcb\u00fc Forum<\/strong>\u2018u ziyaret edebilirsiniz.<\/p>\n<p><a href=\"https:\/\/forum.annebebekkulubu.com\/\"><strong>ANNE BEBEK KUL\u00dcB\u00dc FORUM: T\u0131klay\u0131n, sohbete kat\u0131l\u0131n!\u00a0<\/strong><\/a><\/p>\n","protected":false},"excerpt":{"rendered":"<p>En iyi kolajen markas\u0131 nedir? Kolajen nedir? Kolajen \u00e7e\u015fitleri nelerdir? Kolajen ne i\u00e7in kullan\u0131r? Kolajenin etkileri nelerdir? 2022 y\u0131l\u0131n\u0131n en iyi kolajen markalar\u0131 nelerdir?<\/p>\n","protected":false},"author":21,"featured_media":9271,"comment_status":"open","ping_status":"closed","sticky":false,"template":"","format":"standard","meta":{"jetpack_post_was_ever_published":false,"_jetpack_newsletter_access":"","_jetpack_dont_email_post_to_subs":false,"_jetpack_newsletter_tier_id":0,"_jetpack_memberships_contains_paywalled_content":false,"_jetpack_memberships_contains_paid_content":false,"footnotes":""},"categories":[205],"tags":[11518,11554,11556,11555],"class_list":{"0":"post-9268","1":"post","2":"type-post","3":"status-publish","4":"format-standard","5":"has-post-thumbnail","7":"category-guzellik","8":"tag-en-iyi-kolajen-markasi","9":"tag-en-iyi-kolajen-markasi-2022","10":"tag-kolajen-cesitleri-nelerdir","11":"tag-kolajen-nedir"},"jetpack_sharing_enabled":true,"jetpack_featured_media_url":"https:\/\/i0.wp.com\/annebebekkulubu.com\/blog\/wp-content\/uploads\/2020\/12\/en-iyi-kolajen-markasi-hangisi.jpg?fit=626%2C417&ssl=1","jetpack-related-posts":[],"_links":{"self":[{"href":"https:\/\/annebebekkulubu.com\/blog\/wp-json\/wp\/v2\/posts\/9268","targetHints":{"allow":["GET"]}}],"collection":[{"href":"https:\/\/annebebekkulubu.com\/blog\/wp-json\/wp\/v2\/posts"}],"about":[{"href":"https:\/\/annebebekkulubu.com\/blog\/wp-json\/wp\/v2\/types\/post"}],"author":[{"embeddable":true,"href":"https:\/\/annebebekkulubu.com\/blog\/wp-json\/wp\/v2\/users\/21"}],"replies":[{"embeddable":true,"href":"https:\/\/annebebekkulubu.com\/blog\/wp-json\/wp\/v2\/comments?post=9268"}],"version-history":[{"count":0,"href":"https:\/\/annebebekkulubu.com\/blog\/wp-json\/wp\/v2\/posts\/9268\/revisions"}],"wp:featuredmedia":[{"embeddable":true,"href":"https:\/\/annebebekkulubu.com\/blog\/wp-json\/wp\/v2\/media\/9271"}],"wp:attachment":[{"href":"https:\/\/annebebekkulubu.com\/blog\/wp-json\/wp\/v2\/media?parent=9268"}],"wp:term":[{"taxonomy":"category","embeddable":true,"href":"https:\/\/annebebekkulubu.com\/blog\/wp-json\/wp\/v2\/categories?post=9268"},{"taxonomy":"post_tag","embeddable":true,"href":"https:\/\/annebebekkulubu.com\/blog\/wp-json\/wp\/v2\/tags?post=9268"}],"curies":[{"name":"wp","href":"https:\/\/api.w.org\/{rel}","templated":true}]}}