{"id":8364,"date":"2020-10-12T10:22:41","date_gmt":"2020-10-12T07:22:41","guid":{"rendered":"https:\/\/blog.annebebekkulubu.com\/?p=8364"},"modified":"2020-10-12T10:44:13","modified_gmt":"2020-10-12T07:44:13","slug":"bebeklerde-buyume-ataklari-ne-zaman-olur","status":"publish","type":"post","link":"https:\/\/annebebekkulubu.com\/blog\/bebeklerde-buyume-ataklari-ne-zaman-olur\/","title":{"rendered":"Bebeklerde b\u00fcy\u00fcme ataklar\u0131 ne zaman olur?"},"content":{"rendered":"<div id=\"ez-toc-container\" class=\"ez-toc-v2_0_82_2 counter-hierarchy ez-toc-counter ez-toc-light-blue ez-toc-container-direction\">\n<p class=\"ez-toc-title\" style=\"cursor:inherit\">Yaz\u0131 \u0130\u00e7eri\u011fi<\/p>\n<label for=\"ez-toc-cssicon-toggle-item-69edcb5a73054\" class=\"ez-toc-cssicon-toggle-label\"><span class=\"\"><span class=\"eztoc-hide\" style=\"display:none;\">Toggle<\/span><span class=\"ez-toc-icon-toggle-span\"><svg style=\"fill: #999;color:#999\" xmlns=\"http:\/\/www.w3.org\/2000\/svg\" class=\"list-377408\" width=\"20px\" height=\"20px\" viewBox=\"0 0 24 24\" fill=\"none\"><path d=\"M6 6H4v2h2V6zm14 0H8v2h12V6zM4 11h2v2H4v-2zm16 0H8v2h12v-2zM4 16h2v2H4v-2zm16 0H8v2h12v-2z\" fill=\"currentColor\"><\/path><\/svg><svg style=\"fill: #999;color:#999\" class=\"arrow-unsorted-368013\" xmlns=\"http:\/\/www.w3.org\/2000\/svg\" width=\"10px\" height=\"10px\" viewBox=\"0 0 24 24\" version=\"1.2\" baseProfile=\"tiny\"><path d=\"M18.2 9.3l-6.2-6.3-6.2 6.3c-.2.2-.3.4-.3.7s.1.5.3.7c.2.2.4.3.7.3h11c.3 0 .5-.1.7-.3.2-.2.3-.5.3-.7s-.1-.5-.3-.7zM5.8 14.7l6.2 6.3 6.2-6.3c.2-.2.3-.5.3-.7s-.1-.5-.3-.7c-.2-.2-.4-.3-.7-.3h-11c-.3 0-.5.1-.7.3-.2.2-.3.5-.3.7s.1.5.3.7z\"\/><\/svg><\/span><\/span><\/label><input type=\"checkbox\"  id=\"ez-toc-cssicon-toggle-item-69edcb5a73054\"  aria-label=\"A\u00e7\/Kapat\" \/><nav><ul class='ez-toc-list ez-toc-list-level-1 ' ><li class='ez-toc-page-1 ez-toc-heading-level-2'><a class=\"ez-toc-link ez-toc-heading-1\" href=\"https:\/\/annebebekkulubu.com\/blog\/bebeklerde-buyume-ataklari-ne-zaman-olur\/#Bebeklerde_buyume_ataklari_belirtileri_nelerdir\" >Bebeklerde b\u00fcy\u00fcme ataklar\u0131 belirtileri nelerdir?\u00a0<\/a><\/li><li class='ez-toc-page-1 ez-toc-heading-level-2'><a class=\"ez-toc-link ez-toc-heading-2\" href=\"https:\/\/annebebekkulubu.com\/blog\/bebeklerde-buyume-ataklari-ne-zaman-olur\/#Istahinin_artmasi\" >\u0130\u015ftah\u0131n\u0131n artmas\u0131<\/a><\/li><li class='ez-toc-page-1 ez-toc-heading-level-2'><a class=\"ez-toc-link ez-toc-heading-3\" href=\"https:\/\/annebebekkulubu.com\/blog\/bebeklerde-buyume-ataklari-ne-zaman-olur\/#Huzursuzluklar\" >Huzursuzluklar<\/a><\/li><li class='ez-toc-page-1 ez-toc-heading-level-2'><a class=\"ez-toc-link ez-toc-heading-4\" href=\"https:\/\/annebebekkulubu.com\/blog\/bebeklerde-buyume-ataklari-ne-zaman-olur\/#Fazla_uyuma_ya_da_uyumama\" >Fazla uyuma ya da uyumama<\/a><\/li><li class='ez-toc-page-1 ez-toc-heading-level-2'><a class=\"ez-toc-link ez-toc-heading-5\" href=\"https:\/\/annebebekkulubu.com\/blog\/bebeklerde-buyume-ataklari-ne-zaman-olur\/#Bebege_nasil_davranalim\" >Bebe\u011fe nas\u0131l davranal\u0131m?<\/a><\/li><li class='ez-toc-page-1 ez-toc-heading-level-2'><a class=\"ez-toc-link ez-toc-heading-6\" href=\"https:\/\/annebebekkulubu.com\/blog\/bebeklerde-buyume-ataklari-ne-zaman-olur\/#Bebeginizi_iyi_gozlemleyin_bebeginizi_anlayin\" >Bebe\u011finizi iyi g\u00f6zlemleyin, bebe\u011finizi anlay\u0131n<\/a><\/li><li class='ez-toc-page-1 ez-toc-heading-level-2'><a class=\"ez-toc-link ez-toc-heading-7\" href=\"https:\/\/annebebekkulubu.com\/blog\/bebeklerde-buyume-ataklari-ne-zaman-olur\/#Mutlaka_uzman_bir_hekime_basvurun\" >Mutlaka uzman bir hekime ba\u015fvurun\u00a0<\/a><\/li><\/ul><\/nav><\/div>\n<p><b>Bebeklerde b\u00fcy\u00fcme ataklar\u0131 belirtileri nelerdir?<\/b><span style=\"font-weight: 400;\"> Bebeklerde b\u00fcy\u00fcme ataklar\u0131 ne zaman olur? Bebeklerde b\u00fcy\u00fcme ataklar\u0131 hangi aylarda olur? B\u00fcy\u00fcme ataklar\u0131 ne kadar s\u00fcrer? \u00c7ocuk Sa\u011fl\u0131\u011f\u0131 ve Hastal\u0131klar\u0131 Uzman\u0131 Dr. Mehmet Cengiz, bebeklerde b\u00fcy\u00fcme ataklar\u0131 ile ilgili merak edilenleri yazd\u0131!\u00a0<\/span><\/p>\n<h2><span class=\"ez-toc-section\" id=\"Bebeklerde_buyume_ataklari_belirtileri_nelerdir\"><\/span><b>Bebeklerde b\u00fcy\u00fcme ataklar\u0131 belirtileri nelerdir?\u00a0<\/b><span class=\"ez-toc-section-end\"><\/span><\/h2>\n<p><span style=\"font-weight: 400;\">Bebe\u011finiz d\u00f6nem d\u00f6nem a\u011fl\u0131yor veya \u00e7ok ac\u0131k\u0131yor, fazla uyuyup ya da hi\u00e7 uyumuyor mu? Hepsi tamamen normal olabilir! \u0130nsao\u011flunun en zeki oldu\u011fu ve \u00f6\u011frenmeye en a\u00e7\u0131k d\u00f6nemler bebeklik d\u00f6nemleridir. Bebekler d\u00fcnya ko\u015fullar\u0131na adapte olmak i\u00e7in belli b\u00fcy\u00fcme ataklar\u0131ndan ge\u00e7erler. Bebe\u011fimiz b\u00fcy\u00fcrken d\u00fcnyaya uyum sa\u011flamas\u0131 i\u00e7in geli\u015fen bu b\u00fcy\u00fcme ataklar\u0131 bazen bebekleri huzursuz edebilir. Bebekler belli d\u00f6nemlerde b\u00fcy\u00fcme ata\u011f\u0131 ge\u00e7irirler. Her bebe\u011fin b\u00fcy\u00fcme atak zamanlar\u0131 de\u011fi\u015fkenlik g\u00f6sterebilir. \u0130lk 2 ya\u015f i\u00e7in kabaca 1.hafta , 3.hafta, 6.hafta, 3.ay, 4.ay, 6.ay , 9.ay, 12.ay , 15.ay, 19.ay civar\u0131d\u0131r. Bir bebek ilk 2 ya\u015fta ortalama 8-10 kez b\u00fcy\u00fcme ata\u011f\u0131 ge\u00e7irebilir. B\u00fcy\u00fcme atak zamanlar\u0131nda bebekteki de\u011fi\u015fiklikler k\u00fc\u00e7\u00fck bebeklerde 2-3 g\u00fcn daha b\u00fcy\u00fck bebeklerde 1 hafta-10 g\u00fcn devam edebilir. B\u00fcy\u00fcme ataklar\u0131n\u0131n zamanlar\u0131 bebekten bebe\u011fe de\u011fi\u015febildi\u011fi i\u00e7in keskin bir s\u0131n\u0131r \u00e7izmek do\u011fru de\u011fildir ancak belli ipu\u00e7lar\u0131 ile bebe\u011fin b\u00fcy\u00fcme ata\u011f\u0131nda oldu\u011funu anlayabiliriz. Peki nedir bu ipu\u00e7lar\u0131?<\/span><\/p>\n<h2><span class=\"ez-toc-section\" id=\"Istahinin_artmasi\"><\/span><b>\u0130\u015ftah\u0131n\u0131n artmas\u0131<\/b><span class=\"ez-toc-section-end\"><\/span><\/h2>\n<p><span style=\"font-weight: 400;\">Tam da annelerin istedi\u011fi bir durum asl\u0131nda. Ancak baz\u0131 annelerde bu durum bebe\u011fim acaba doymuyor mu endi\u015fesine neden olabilmektedir. Anneler endi\u015fe etmek yerine bebeklerinin tart\u0131 takiplerini s\u0131k\u0131 kontrol etmeleri yerinde olacakt\u0131r. B\u00fcy\u00fcme ata\u011f\u0131nda olan bir bebe\u011fin enerjiye ihtiyac\u0131 vard\u0131r ve bu d\u00f6nemde bebek s\u00fct emiyorsa s\u0131k emzirilmeli, mama al\u0131yorsa miktar artt\u0131r\u0131lmal\u0131, ek g\u0131da al\u0131yorsa \u00f6\u011f\u00fcn ve miktar artt\u0131r\u0131lmal\u0131d\u0131r. Emziren anneler s\u00fct\u00fcn\u00fcn eksik oldu\u011funu d\u00fc\u015f\u00fcnmemelidir aksine emzirdik\u00e7e s\u00fct miktar\u0131 artacakt\u0131r. Tabi bu s\u00fcre\u00e7te anne kendi v\u00fccut direnci i\u00e7in beslenmesine ve bol su t\u00fcketimine \u00f6zen g\u00f6stermelidir. Anneler bebe\u011fini anlamal\u0131 ve bu durumun ge\u00e7ici oldu\u011funu asla unutmamal\u0131d\u0131r.<\/span><\/p>\n<h2><span class=\"ez-toc-section\" id=\"Huzursuzluklar\"><\/span><strong>Huzursuzluklar<\/strong><span class=\"ez-toc-section-end\"><\/span><\/h2>\n<p><span style=\"font-weight: 400;\">Bebe\u011finizin d\u0131\u015f d\u00fcnyaya olan ilgisi ve merak\u0131 art\u0131yor. Beyin geli\u015fimi h\u0131zla ilerliyor, bebe\u011finiz bile bu duruma adapte olamad\u0131\u011f\u0131 i\u00e7in huzursuz hissedebilir. H\u0131zl\u0131 b\u00fcy\u00fcme ataklar\u0131 esnas\u0131nda d\u0131\u015f d\u00fcnyay\u0131 garipseyebilir. Bu d\u00f6nemde bebe\u011fin yan\u0131nda olmak , ona destek olmak \u00f6nemlidir. A\u00e7 hissediyorsa emzirsin, ona sar\u0131ls\u0131n , \u015fefkat g\u00f6stersin. Bebe\u011finin yan\u0131nda oldu\u011funu hissettirip , g\u00fcvende olmas\u0131n\u0131 sa\u011flas\u0131n. Anneler hi\u00e7 merak etmesin bu durumlar da ge\u00e7icidir.<\/span><\/p>\n<h2><span class=\"ez-toc-section\" id=\"Fazla_uyuma_ya_da_uyumama\"><\/span><b>Fazla uyuma ya da uyumama<\/b><span class=\"ez-toc-section-end\"><\/span><\/h2>\n<p><span style=\"font-weight: 400;\">H\u0131zl\u0131 bir b\u00fcy\u00fcme d\u00f6neminde olan bebek \u00e7abuk yorulur \u00e7abuk ac\u0131k\u0131r. Sinir sistemi m\u00fckemmel bir h\u0131zda geli\u015fmektedir ve d\u0131\u015f d\u00fcnyadan \u00f6\u011frenece\u011fi her\u015feyi \u00f6\u011frenmeye \u00e7al\u0131\u015f\u0131r. V\u00fccut h\u00fccreleri bu denli hareketli olan bir bedenin dinlenmeye ihtiyac\u0131 vard\u0131r. Bu y\u00fczden bu bebekler \u00e7ok uyuma e\u011filimindedir. Ancak baz\u0131 bebeklerde d\u0131\u015f d\u00fcnyaya ilgi son derece artt\u0131\u011f\u0131 i\u00e7in uyku b\u00f6l\u00fcnmeleri, uyuyamama g\u00f6zlenebilir. Burda da annenin bebe\u011fini iyi g\u00f6zlemlemesi \u00f6nemlidir. Dedi\u011fimiz gibi bu durumlar ge\u00e7ici durumlar oldu\u011fu i\u00e7in 1 hafta -10 g\u00fcnden uzun s\u00fcrmesi beklenmez.<\/span><\/p>\n<h2><span class=\"ez-toc-section\" id=\"Bebege_nasil_davranalim\"><\/span><b>Bebe\u011fe nas\u0131l davranal\u0131m?<\/b><span class=\"ez-toc-section-end\"><\/span><\/h2>\n<p><span style=\"font-weight: 400;\">Baz\u0131 bebekler b\u00fcy\u00fcme ataklar\u0131n\u0131 sessiz sedas\u0131z ge\u00e7irebilir ve baz\u0131 ailelerde \u2018bizim \u00e7ocukta hi\u00e7 b\u00f6yle durumlar olmad\u0131\u2019 d\u00fc\u015f\u00fcncesine neden olabilir. Dedi\u011fimiz gibi bu durumlar bebekten bebe\u011fe g\u00f6re de\u011fi\u015fkenlik g\u00f6sterir, b\u00fcy\u00fcme ata\u011f\u0131 d\u00f6nemlerini sessiz ge\u00e7iren de olabilir \u00e7ok g\u00fcr\u00fclt\u00fcl\u00fc ge\u00e7irip ebeveynleri ciddi yoran bebekler de olabilir. Bebe\u011finiz \u00e7ok beslenmek istiyorsa s\u0131k emzirin , besleyin ,tart\u0131s\u0131n\u0131 g\u00f6zlemleyin. \u00c7ok huzursuz ise g\u00fcvende hissetmesi i\u00e7in s\u0131k ten temas\u0131 kurun, \u0131l\u0131k banyo ya da masaj onu sakinle\u015ftirecektir. Uyku d\u00fczensizli\u011fi i\u00e7in kat\u0131 kurallar koyup onu incitmeyin, d\u0131\u015f d\u00fcnyaya uyum sa\u011flayabilmesi i\u00e7in ona zaman verin<\/span><\/p>\n<h2><span class=\"ez-toc-section\" id=\"Bebeginizi_iyi_gozlemleyin_bebeginizi_anlayin\"><\/span><b>Bebe\u011finizi iyi g\u00f6zlemleyin, bebe\u011finizi anlay\u0131n<\/b><span class=\"ez-toc-section-end\"><\/span><\/h2>\n<p><span style=\"font-weight: 400;\">Baz\u0131 bebeklerde sanc\u0131l\u0131 ge\u00e7en bu d\u00f6nemlerden sonra bebe\u011finizde bir de\u011fi\u015fiklik oldu\u011funu hissedebilirsiniz. Size belki ilk kez g\u00fclecek, ellerini daha iyi kullanacak, kendi kendine d\u00f6nebilecek, emekleyecek, oturacak ya da y\u00fcr\u00fcyecektir. Unutmay\u0131n ki bebekler en h\u0131zl\u0131 geli\u015fen bireylerdir ve bu geli\u015fme noktalar\u0131nda ge\u00e7i\u015f durumlar\u0131n\u0131n olmas\u0131 \u00e7ok ola\u011fand\u0131r.\u00a0<\/span><\/p>\n<h2><span class=\"ez-toc-section\" id=\"Mutlaka_uzman_bir_hekime_basvurun\"><\/span><b>Mutlaka uzman bir hekime ba\u015fvurun\u00a0<\/b><span class=\"ez-toc-section-end\"><\/span><\/h2>\n<p><span style=\"font-weight: 400;\">Bebe\u011finiz hi\u00e7 al\u0131\u015f\u0131k olmad\u0131\u011f\u0131n\u0131z \u015fekilde bu durumlardan birini ya\u015f\u0131yor ise bebe\u011finizi iyi g\u00f6zlemleyin. Tart\u0131 takibini d\u00fczenli yap\u0131n , ate\u015fini \u00f6l\u00e7\u00fcn, di\u015f \u00e7\u0131karm\u0131yor , gaz problemi veya ba\u015fka bir sorun g\u00f6remiyorsan\u0131z bir s\u00fcre izleyin. Ancak sizi tedirgin eden bir durum varsa mutlaka hekiminize ba\u015fvurun.<\/span><\/p>\n<p>&nbsp;<\/p>\n","protected":false},"excerpt":{"rendered":"<p>Bebeklerde b\u00fcy\u00fcme ataklar\u0131 belirtileri nelerdir? Bebeklerde b\u00fcy\u00fcme ataklar\u0131 ne zaman olur? Bebeklerde b\u00fcy\u00fcme ataklar\u0131 hangi aylarda olur? B\u00fcy\u00fcme ataklar\u0131 ne kadar s\u00fcrer? \u00c7ocuk Sa\u011fl\u0131\u011f\u0131 ve Hastal\u0131klar\u0131 Uzman\u0131 Dr. Mehmet Cengiz, bebeklerde b\u00fcy\u00fcme ataklar\u0131 ile ilgili merak edilenleri yazd\u0131!\u00a0 Bebeklerde b\u00fcy\u00fcme ataklar\u0131 belirtileri nelerdir?\u00a0 Bebe\u011finiz d\u00f6nem d\u00f6nem a\u011fl\u0131yor veya \u00e7ok ac\u0131k\u0131yor, fazla uyuyup ya da hi\u00e7 [&hellip;]<\/p>\n","protected":false},"author":57,"featured_media":8365,"comment_status":"open","ping_status":"closed","sticky":false,"template":"","format":"standard","meta":{"jetpack_post_was_ever_published":false,"_jetpack_newsletter_access":"","_jetpack_dont_email_post_to_subs":false,"_jetpack_newsletter_tier_id":0,"_jetpack_memberships_contains_paywalled_content":false,"_jetpack_memberships_contains_paid_content":false,"footnotes":""},"categories":[6],"tags":[11306,11307],"class_list":{"0":"post-8364","1":"post","2":"type-post","3":"status-publish","4":"format-standard","5":"has-post-thumbnail","7":"category-bebek","8":"tag-bebeklerde-buyume-ataklari","9":"tag-yenidogan-bebeklerde-buyume"},"jetpack_sharing_enabled":true,"jetpack_featured_media_url":"https:\/\/i0.wp.com\/annebebekkulubu.com\/blog\/wp-content\/uploads\/2020\/10\/bebeklerde-buyume-ataklari-haftalari.jpg?fit=626%2C417&ssl=1","jetpack-related-posts":[],"_links":{"self":[{"href":"https:\/\/annebebekkulubu.com\/blog\/wp-json\/wp\/v2\/posts\/8364","targetHints":{"allow":["GET"]}}],"collection":[{"href":"https:\/\/annebebekkulubu.com\/blog\/wp-json\/wp\/v2\/posts"}],"about":[{"href":"https:\/\/annebebekkulubu.com\/blog\/wp-json\/wp\/v2\/types\/post"}],"author":[{"embeddable":true,"href":"https:\/\/annebebekkulubu.com\/blog\/wp-json\/wp\/v2\/users\/57"}],"replies":[{"embeddable":true,"href":"https:\/\/annebebekkulubu.com\/blog\/wp-json\/wp\/v2\/comments?post=8364"}],"version-history":[{"count":0,"href":"https:\/\/annebebekkulubu.com\/blog\/wp-json\/wp\/v2\/posts\/8364\/revisions"}],"wp:featuredmedia":[{"embeddable":true,"href":"https:\/\/annebebekkulubu.com\/blog\/wp-json\/wp\/v2\/media\/8365"}],"wp:attachment":[{"href":"https:\/\/annebebekkulubu.com\/blog\/wp-json\/wp\/v2\/media?parent=8364"}],"wp:term":[{"taxonomy":"category","embeddable":true,"href":"https:\/\/annebebekkulubu.com\/blog\/wp-json\/wp\/v2\/categories?post=8364"},{"taxonomy":"post_tag","embeddable":true,"href":"https:\/\/annebebekkulubu.com\/blog\/wp-json\/wp\/v2\/tags?post=8364"}],"curies":[{"name":"wp","href":"https:\/\/api.w.org\/{rel}","templated":true}]}}