{"id":8248,"date":"2020-08-21T21:07:01","date_gmt":"2020-08-21T18:07:01","guid":{"rendered":"https:\/\/blog.annebebekkulubu.com\/?p=8248"},"modified":"2020-08-21T21:11:15","modified_gmt":"2020-08-21T18:11:15","slug":"covid-19-salgini-cocuklari-nasil-etkiliyor","status":"publish","type":"post","link":"https:\/\/annebebekkulubu.com\/blog\/covid-19-salgini-cocuklari-nasil-etkiliyor\/","title":{"rendered":"COVID-19 salg\u0131n\u0131 \u00e7ocuklar\u0131 nas\u0131l etkiliyor?"},"content":{"rendered":"<div id=\"ez-toc-container\" class=\"ez-toc-v2_0_82_2 counter-hierarchy ez-toc-counter ez-toc-light-blue ez-toc-container-direction\">\n<p class=\"ez-toc-title\" style=\"cursor:inherit\">Yaz\u0131 \u0130\u00e7eri\u011fi<\/p>\n<label for=\"ez-toc-cssicon-toggle-item-69ee23948ffc9\" class=\"ez-toc-cssicon-toggle-label\"><span class=\"\"><span class=\"eztoc-hide\" style=\"display:none;\">Toggle<\/span><span class=\"ez-toc-icon-toggle-span\"><svg style=\"fill: #999;color:#999\" xmlns=\"http:\/\/www.w3.org\/2000\/svg\" class=\"list-377408\" width=\"20px\" height=\"20px\" viewBox=\"0 0 24 24\" fill=\"none\"><path d=\"M6 6H4v2h2V6zm14 0H8v2h12V6zM4 11h2v2H4v-2zm16 0H8v2h12v-2zM4 16h2v2H4v-2zm16 0H8v2h12v-2z\" fill=\"currentColor\"><\/path><\/svg><svg style=\"fill: #999;color:#999\" class=\"arrow-unsorted-368013\" xmlns=\"http:\/\/www.w3.org\/2000\/svg\" width=\"10px\" height=\"10px\" viewBox=\"0 0 24 24\" version=\"1.2\" baseProfile=\"tiny\"><path d=\"M18.2 9.3l-6.2-6.3-6.2 6.3c-.2.2-.3.4-.3.7s.1.5.3.7c.2.2.4.3.7.3h11c.3 0 .5-.1.7-.3.2-.2.3-.5.3-.7s-.1-.5-.3-.7zM5.8 14.7l6.2 6.3 6.2-6.3c.2-.2.3-.5.3-.7s-.1-.5-.3-.7c-.2-.2-.4-.3-.7-.3h-11c-.3 0-.5.1-.7.3-.2.2-.3.5-.3.7s.1.5.3.7z\"\/><\/svg><\/span><\/span><\/label><input type=\"checkbox\"  id=\"ez-toc-cssicon-toggle-item-69ee23948ffc9\"  aria-label=\"A\u00e7\/Kapat\" \/><nav><ul class='ez-toc-list ez-toc-list-level-1 ' ><li class='ez-toc-page-1 ez-toc-heading-level-2'><a class=\"ez-toc-link ez-toc-heading-1\" href=\"https:\/\/annebebekkulubu.com\/blog\/covid-19-salgini-cocuklari-nasil-etkiliyor\/#Cocuklar_koronavirusu_nasil_geciriyor\" >\u00c7ocuklar koronavir\u00fcs\u00fc nas\u0131l ge\u00e7iriyor?\u00a0<\/a><\/li><li class='ez-toc-page-1 ez-toc-heading-level-2'><a class=\"ez-toc-link ez-toc-heading-2\" href=\"https:\/\/annebebekkulubu.com\/blog\/covid-19-salgini-cocuklari-nasil-etkiliyor\/#Cocuklar_koronavirusten_nasil_etkilendi\" >\u00c7ocuklar koronavir\u00fcsten nas\u0131l etkilendi?\u00a0<\/a><\/li><\/ul><\/nav><\/div>\n<p><strong>Koronavir\u00fcs salg\u0131n\u0131 \u00e7ocuklar\u0131 nas\u0131l etkiliyor? \u00c7ocuklar koronavir\u00fcs\u00fc nas\u0131l ge\u00e7iriyor?<\/strong> \u00c7ocuk Sa\u011fl\u0131\u011f\u0131 ve Hastal\u0131klar\u0131 Uzman\u0131 Dr. Seyyit Bahaettin \u00d6nc\u00fc, COVID-19 salg\u0131n\u0131n\u0131n \u00e7ocuklar \u00fczerine etkilerini yazd\u0131!..<br \/>\n<span style=\"font-weight: 400;\"><br \/>\n<strong>\u00c7ocuklar COVID-19 salg\u0131n\u0131n\u0131n ma\u011fdurlar\u0131<\/strong> gibi g\u00f6r\u00fcnmese de salg\u0131n\u0131n en b\u00fcy\u00fck ma\u011fdurlar\u0131 olma tehlikesi ile kar\u015f\u0131 kar\u015f\u0131yad\u0131rlar. Bu salg\u0131n \u00e7ocuk sa\u011fl\u0131\u011f\u0131 \u00fczerine b\u00fcy\u00fck bir olumsuzluk olu\u015fturmasa da \u00e7ocuklar\u0131n \u00f6zg\u00fcrl\u00fc\u011f\u00fcn\u00fc, oyun oynama alanlar\u0131n\u0131, arkada\u015flar\u0131yla vakit ge\u00e7irebilmelerini ve e\u011fitim alma haklar\u0131n\u0131 k\u0131s\u0131tlamas\u0131 nedeniyle \u00e7ocuklar\u0131 olumsuz olarak etkileyebilmektedir.<\/span><\/p>\n<h2><span class=\"ez-toc-section\" id=\"Cocuklar_koronavirusu_nasil_geciriyor\"><\/span><strong>\u00c7ocuklar koronavir\u00fcs\u00fc nas\u0131l ge\u00e7iriyor?\u00a0<\/strong><span class=\"ez-toc-section-end\"><\/span><\/h2>\n<p><strong>\u00c7ocuk hastalar\u0131n durumuna g\u00f6re enfeksiyonu ge\u00e7irme \u015fekli 5 \u015fekilde s\u0131n\u0131fland\u0131r\u0131labilir;<\/strong><\/p>\n<ol>\n<li style=\"font-weight: 400;\"><b>Asemptomatik olgular<\/b><span style=\"font-weight: 400;\">, covid-19 testi pozitif olmas\u0131na ra\u011fmen herhangi bir belirtisi olmayan vakalar<\/span><\/li>\n<li style=\"font-weight: 400;\"><b>\u00dcst solunum yolu enfeksiyonu<\/b><span style=\"font-weight: 400;\"> olanlar, ate\u015f, \u00f6ks\u00fcr\u00fck, bo\u011faz a\u011fr\u0131s\u0131, burun t\u0131kan\u0131kl\u0131\u011f\u0131, halsizlik, ba\u015f a\u011fr\u0131s\u0131 gibi hafif \u015fikayetleri olanlar<\/span><\/li>\n<li style=\"font-weight: 400;\"><b>Hafif zat\u00fcrre<\/b><span style=\"font-weight: 400;\"> olanlar, \u00f6ks\u00fcr\u00fck ile birlikte akci\u011ferlerde hafif etklilenmesi olanlar<\/span><\/li>\n<li style=\"font-weight: 400;\"><b>A\u011f\u0131r zat\u00fcrre <\/b><span style=\"font-weight: 400;\">olanlar, solunum h\u0131z\u0131nda art\u0131\u015f, oksijen ve yard\u0131mc\u0131 solunum cihazlar\u0131 gereksinimi olmas\u0131, inleme, morarma, nefes almakta zorluk veya durmas\u0131, bilin\u00e7 bulan\u0131kl\u0131\u011f\u0131 ve komaya kadar ilerleyebilen vakalar<\/span><\/li>\n<li style=\"font-weight: 400;\"><b>Kritik vakalar, <\/b><span style=\"font-weight: 400;\">solunum cihaz\u0131na gereksinimi olup, \u00e7oklu organ yetmezli\u011fi ve \u015fok geli\u015febilen vakalar.<\/span><\/li>\n<\/ol>\n<p><span style=\"font-weight: 400;\">Neyse ki \u00e7ocuklar\u0131n yaln\u0131zca %0,2 \u2018si 5. Kategoriye kadar ilerlemektedir.<\/span><\/p>\n<p>&nbsp;<\/p>\n<figure id=\"attachment_8256\" aria-describedby=\"caption-attachment-8256\" style=\"width: 626px\" class=\"wp-caption alignnone\"><img decoding=\"async\" class=\"size-full wp-image-8256\" src=\"https:\/\/i0.wp.com\/annebebekkulubu.com\/blog\/wp-content\/uploads\/2020\/08\/covid-19-cocuklari-nasil-etkiliyor.jpg?resize=626%2C352&#038;ssl=1\" alt=\"COVID-19 \u00c7ocuklar\u0131 nas\u0131l etkiliyor?\" width=\"626\" height=\"352\" srcset=\"https:\/\/i0.wp.com\/annebebekkulubu.com\/blog\/wp-content\/uploads\/2020\/08\/covid-19-cocuklari-nasil-etkiliyor.jpg?w=626&amp;ssl=1 626w, https:\/\/i0.wp.com\/annebebekkulubu.com\/blog\/wp-content\/uploads\/2020\/08\/covid-19-cocuklari-nasil-etkiliyor.jpg?resize=300%2C169&amp;ssl=1 300w\" sizes=\"(max-width: 626px) 100vw, 626px\" data-recalc-dims=\"1\" \/><figcaption id=\"caption-attachment-8256\" class=\"wp-caption-text\">COVID-19 \u00c7ocuklar\u0131 nas\u0131l etkiliyor?<\/figcaption><\/figure>\n<p><span style=\"font-weight: 400;\">\u00a0<\/span><\/p>\n<h2><span class=\"ez-toc-section\" id=\"Cocuklar_koronavirusten_nasil_etkilendi\"><\/span><strong>\u00c7ocuklar koronavir\u00fcsten nas\u0131l etkilendi?\u00a0<\/strong><span class=\"ez-toc-section-end\"><\/span><\/h2>\n<p>Bu klinik durumlar\u0131n d\u0131\u015f\u0131nda COVID-19 salg\u0131n\u0131 evrensel bir krize sebep olmu\u015ftur. \u00c7ocuklar bu krizden 3 \u015fekilde etkilenmi\u015ftir;<\/p>\n<ol>\n<li style=\"font-weight: 400;\"><span style=\"font-weight: 400;\">Do\u011frudan vir\u00fcs\u00fcn bula\u015fmas\u0131 ve olu\u015fturdu\u011fu etkiler<\/span><\/li>\n<li style=\"font-weight: 400;\"><span style=\"font-weight: 400;\">Salg\u0131n\u0131 durdurmaya y\u00f6nelik tedbirlerin \u00e7ocuklarda olu\u015fturdu\u011fu sosyal, k\u00fclt\u00fcrel ve geli\u015fimsel etkileri<\/span><\/li>\n<li style=\"font-weight: 400;\"><span style=\"font-weight: 400;\">\u00dclkelerin kalk\u0131nma hedeflerinin gecikmesi sonucu olu\u015fabilecek uzun vadede ki olas\u0131 sonu\u00e7lar<\/span><\/li>\n<\/ol>\n<p><span style=\"font-weight: 400;\">Yani bu vir\u00fcs \u00e7ocuklarda sadece sa\u011fl\u0131\u011f\u0131 de\u011fil sosyal, k\u00fclt\u00fcrel ve ekonomik geli\u015fimi de olumsuz y\u00f6nde etkileyebilmektedir.<\/span><\/p>\n","protected":false},"excerpt":{"rendered":"<p>Koronavir\u00fcs salg\u0131n\u0131 \u00e7ocuklar\u0131 nas\u0131l etkiliyor? \u00c7ocuklar koronavir\u00fcs\u00fc nas\u0131l ge\u00e7iriyor? \u00c7ocuk Sa\u011fl\u0131\u011f\u0131 ve Hastal\u0131klar\u0131 Uzman\u0131 Dr. Seyyit Bahaettin \u00d6nc\u00fc, COVID-19 salg\u0131n\u0131n\u0131n \u00e7ocuklar \u00fczerine etkilerini yazd\u0131!.. \u00c7ocuklar COVID-19 salg\u0131n\u0131n\u0131n ma\u011fdurlar\u0131 gibi g\u00f6r\u00fcnmese de salg\u0131n\u0131n en b\u00fcy\u00fck ma\u011fdurlar\u0131 olma tehlikesi ile kar\u015f\u0131 kar\u015f\u0131yad\u0131rlar. Bu salg\u0131n \u00e7ocuk sa\u011fl\u0131\u011f\u0131 \u00fczerine b\u00fcy\u00fck bir olumsuzluk olu\u015fturmasa da \u00e7ocuklar\u0131n \u00f6zg\u00fcrl\u00fc\u011f\u00fcn\u00fc, oyun oynama alanlar\u0131n\u0131, [&hellip;]<\/p>\n","protected":false},"author":114,"featured_media":8254,"comment_status":"open","ping_status":"closed","sticky":false,"template":"","format":"standard","meta":{"jetpack_post_was_ever_published":false,"_jetpack_newsletter_access":"","_jetpack_dont_email_post_to_subs":false,"_jetpack_newsletter_tier_id":0,"_jetpack_memberships_contains_paywalled_content":false,"_jetpack_memberships_contains_paid_content":false,"footnotes":""},"categories":[3],"tags":[],"class_list":{"0":"post-8248","1":"post","2":"type-post","3":"status-publish","4":"format-standard","5":"has-post-thumbnail","7":"category-cocuk"},"jetpack_sharing_enabled":true,"jetpack_featured_media_url":"https:\/\/i0.wp.com\/annebebekkulubu.com\/blog\/wp-content\/uploads\/2020\/08\/koronavirus-cocuklari-nasil-etkiledi.jpg?fit=626%2C417&ssl=1","jetpack-related-posts":[],"_links":{"self":[{"href":"https:\/\/annebebekkulubu.com\/blog\/wp-json\/wp\/v2\/posts\/8248","targetHints":{"allow":["GET"]}}],"collection":[{"href":"https:\/\/annebebekkulubu.com\/blog\/wp-json\/wp\/v2\/posts"}],"about":[{"href":"https:\/\/annebebekkulubu.com\/blog\/wp-json\/wp\/v2\/types\/post"}],"author":[{"embeddable":true,"href":"https:\/\/annebebekkulubu.com\/blog\/wp-json\/wp\/v2\/users\/114"}],"replies":[{"embeddable":true,"href":"https:\/\/annebebekkulubu.com\/blog\/wp-json\/wp\/v2\/comments?post=8248"}],"version-history":[{"count":0,"href":"https:\/\/annebebekkulubu.com\/blog\/wp-json\/wp\/v2\/posts\/8248\/revisions"}],"wp:featuredmedia":[{"embeddable":true,"href":"https:\/\/annebebekkulubu.com\/blog\/wp-json\/wp\/v2\/media\/8254"}],"wp:attachment":[{"href":"https:\/\/annebebekkulubu.com\/blog\/wp-json\/wp\/v2\/media?parent=8248"}],"wp:term":[{"taxonomy":"category","embeddable":true,"href":"https:\/\/annebebekkulubu.com\/blog\/wp-json\/wp\/v2\/categories?post=8248"},{"taxonomy":"post_tag","embeddable":true,"href":"https:\/\/annebebekkulubu.com\/blog\/wp-json\/wp\/v2\/tags?post=8248"}],"curies":[{"name":"wp","href":"https:\/\/api.w.org\/{rel}","templated":true}]}}