{"id":7895,"date":"2021-02-14T00:03:44","date_gmt":"2021-02-13T21:03:44","guid":{"rendered":"https:\/\/blog.annebebekkulubu.com\/?p=7895"},"modified":"2022-12-19T11:01:37","modified_gmt":"2022-12-19T08:01:37","slug":"2023-yaz-tatili-icin-en-iyi-kiralik-villa-onerileri","status":"publish","type":"post","link":"https:\/\/annebebekkulubu.com\/blog\/2023-yaz-tatili-icin-en-iyi-kiralik-villa-onerileri\/","title":{"rendered":"2023 yaz tatili i\u00e7in en iyi kiral\u0131k villa \u00f6nerileri"},"content":{"rendered":"<div id=\"ez-toc-container\" class=\"ez-toc-v2_0_82_2 counter-hierarchy ez-toc-counter ez-toc-light-blue ez-toc-container-direction\">\n<p class=\"ez-toc-title\" style=\"cursor:inherit\">Yaz\u0131 \u0130\u00e7eri\u011fi<\/p>\n<label for=\"ez-toc-cssicon-toggle-item-69ee39fc2baa2\" class=\"ez-toc-cssicon-toggle-label\"><span class=\"\"><span class=\"eztoc-hide\" style=\"display:none;\">Toggle<\/span><span class=\"ez-toc-icon-toggle-span\"><svg style=\"fill: #999;color:#999\" xmlns=\"http:\/\/www.w3.org\/2000\/svg\" class=\"list-377408\" width=\"20px\" height=\"20px\" viewBox=\"0 0 24 24\" fill=\"none\"><path d=\"M6 6H4v2h2V6zm14 0H8v2h12V6zM4 11h2v2H4v-2zm16 0H8v2h12v-2zM4 16h2v2H4v-2zm16 0H8v2h12v-2z\" fill=\"currentColor\"><\/path><\/svg><svg style=\"fill: #999;color:#999\" class=\"arrow-unsorted-368013\" xmlns=\"http:\/\/www.w3.org\/2000\/svg\" width=\"10px\" height=\"10px\" viewBox=\"0 0 24 24\" version=\"1.2\" baseProfile=\"tiny\"><path d=\"M18.2 9.3l-6.2-6.3-6.2 6.3c-.2.2-.3.4-.3.7s.1.5.3.7c.2.2.4.3.7.3h11c.3 0 .5-.1.7-.3.2-.2.3-.5.3-.7s-.1-.5-.3-.7zM5.8 14.7l6.2 6.3 6.2-6.3c.2-.2.3-.5.3-.7s-.1-.5-.3-.7c-.2-.2-.4-.3-.7-.3h-11c-.3 0-.5.1-.7.3-.2.2-.3.5-.3.7s.1.5.3.7z\"\/><\/svg><\/span><\/span><\/label><input type=\"checkbox\"  id=\"ez-toc-cssicon-toggle-item-69ee39fc2baa2\"  aria-label=\"A\u00e7\/Kapat\" \/><nav><ul class='ez-toc-list ez-toc-list-level-1 ' ><li class='ez-toc-page-1 ez-toc-heading-level-2'><a class=\"ez-toc-link ez-toc-heading-1\" href=\"https:\/\/annebebekkulubu.com\/blog\/2023-yaz-tatili-icin-en-iyi-kiralik-villa-onerileri\/#2023_yaz_tatili_icin_sahibinden_villa_kiralama_onerileri\" >2023 yaz tatili i\u00e7in sahibinden villa kiralama \u00f6nerileri<\/a><\/li><li class='ez-toc-page-1 ez-toc-heading-level-2'><a class=\"ez-toc-link ez-toc-heading-2\" href=\"https:\/\/annebebekkulubu.com\/blog\/2023-yaz-tatili-icin-en-iyi-kiralik-villa-onerileri\/#Kiralik_villa_fiyatlari\" >Kiral\u0131k villa fiyatlar\u0131<\/a><\/li><li class='ez-toc-page-1 ez-toc-heading-level-2'><a class=\"ez-toc-link ez-toc-heading-3\" href=\"https:\/\/annebebekkulubu.com\/blog\/2023-yaz-tatili-icin-en-iyi-kiralik-villa-onerileri\/#Villa_kiralama_sitelerini_tavsiye_ediyor_musunuz\" >Villa kiralama sitelerini tavsiye ediyor musunuz?\u00a0<\/a><\/li><li class='ez-toc-page-1 ez-toc-heading-level-2'><a class=\"ez-toc-link ez-toc-heading-4\" href=\"https:\/\/annebebekkulubu.com\/blog\/2023-yaz-tatili-icin-en-iyi-kiralik-villa-onerileri\/#Bestofvillacom_en_iyi_kiralik_villalar\" >Bestofvilla.com en iyi kiral\u0131k villalar<\/a><\/li><li class='ez-toc-page-1 ez-toc-heading-level-2'><a class=\"ez-toc-link ez-toc-heading-5\" href=\"https:\/\/annebebekkulubu.com\/blog\/2023-yaz-tatili-icin-en-iyi-kiralik-villa-onerileri\/#Kas_Kalkan_yazlik_villa_kiralama\" >Ka\u015f \/ Kalkan yazl\u0131k villa kiralama<\/a><\/li><li class='ez-toc-page-1 ez-toc-heading-level-2'><a class=\"ez-toc-link ez-toc-heading-6\" href=\"https:\/\/annebebekkulubu.com\/blog\/2023-yaz-tatili-icin-en-iyi-kiralik-villa-onerileri\/#Kalkan_villa_kiralama\" >Kalkan villa kiralama<\/a><\/li><li class='ez-toc-page-1 ez-toc-heading-level-2'><a class=\"ez-toc-link ez-toc-heading-7\" href=\"https:\/\/annebebekkulubu.com\/blog\/2023-yaz-tatili-icin-en-iyi-kiralik-villa-onerileri\/#En_guzel_Kiralik_Villa\" >En g\u00fczel Kiral\u0131k Villa:<\/a><\/li><\/ul><\/nav><\/div>\n<p>Salg\u0131n nedeniyle 3 y\u0131ld\u0131r maskeli ve mesafeli tatil yap\u0131yoruz. Yak\u0131nda maskeler tamamen hayat\u0131m\u0131zdan \u00e7\u0131kacak ve \u00f6zg\u00fcrce tatilimizi yapabilece\u011fiz. Bu arada ekonomik kriz derinle\u015firken tatile gitsek bir dert, gitmesek g\u00f6n\u00fcl raz\u0131 de\u011fil. Bu yaz sezonunda en \u00e7ok \u00f6n plana \u00e7\u0131kan tatil konsepti ise g\u00f6zlerden ve kalabal\u0131ktan uzak sosyal mesafeli tatil. \u0130zole tatil deyince akl\u0131m\u0131za ilk olarak <a href=\"https:\/\/bestofvilla.com\/\" target=\"_blank\" rel=\"noopener\"><strong>kiral\u0131k villa<\/strong><\/a> <strong>, tekne ile denize a\u00e7\u0131lma, kamp-karavan tatili<\/strong> geliyor. Sizler i\u00e7in <strong>T\u00fcrkiye&#8217;de villa kiralama<\/strong> ile ilgili en iyi se\u00e7enekleri ara\u015ft\u0131rd\u0131m.<\/p>\n<p>Bu yaz hayalim Akdeniz ve Ege&#8217;de tatil yapmak. Akdeniz b\u00f6lgesi i\u00e7in Antalya, Ka\u015f, villa kiralamay\u0131 ve bestofvilla.com&#8217;dan b\u00fct\u00e7eme g\u00f6re <strong>havuzlu villa<\/strong> se\u00e7eneklerini ara\u015ft\u0131r\u0131yorum.<\/p>\n<p>G\u00f6k\u00e7eada&#8217;da da \u00c7elik Surf Center&#8217;da s\u00f6rf hocam Ali U\u011fur \u00c7elik&#8217;le yak\u0131nda s\u00f6rf derslerimize ba\u015flar\u0131z. G\u00f6k\u00e7eada&#8217;da tatil yapmak isteyenler a\u015fa\u011f\u0131daki yaz\u0131m\u0131 okuyabilirler.<\/p>\n<p><a href=\"https:\/\/annebebekkulubu.com\/blog\/seyahat\/izole-tatilin-adresi-gokceada\/\"><strong>\u0130zole tatilin adresi G\u00f6k\u00e7eada&#8217;da tatil yapacaklar bu yaz\u0131y\u0131 mutlaka okuyun!.. Okumak i\u00e7in t\u0131kllay\u0131n..<\/strong><\/a><\/p>\n<h2><span class=\"ez-toc-section\" id=\"2023_yaz_tatili_icin_sahibinden_villa_kiralama_onerileri\"><\/span><strong>2023 yaz tatili i\u00e7in sahibinden villa kiralama \u00f6nerileri <\/strong><span class=\"ez-toc-section-end\"><\/span><\/h2>\n<p>Son y\u0131llarda daha \u00e7ok butik oteller ve villada konaklamay\u0131 tercih ediyorum. B\u00fcy\u00fck otellerde her \u015fey dahil konsepti hi\u00e7bir zaman bana hitap etmedi. Keza koronavir\u00fcs salg\u0131n\u0131 nedeniyle devasa denilebilecek oteller tatilcilere oluk\u00e7a uzak geliyor. Art\u0131k insanlar daha izole tatil se\u00e7eneklerini ara\u015ft\u0131r\u0131yor ve \u015fatafattan uzak minimalist bir \u015fekilde tatillerini yapmak istiyorlar.<\/p>\n<p>Asl\u0131nda benim tatil zevkim daha \u00f6nce de izole tatil konseptinden yanayd\u0131. \u00d6rne\u011fin Olimpos\u2019ta bungalowlarda kal\u0131r, Ege ve Akdeniz\u2019de tekne ile mavi yolculu\u011fa \u00e7\u0131kar\u0131m. \u00c7ok keyfim yerindeyse cruise turlar\u0131 ile Yunan adalar\u0131 tatilini tercih ederim. Son y\u0131llarda \u0131ss\u0131z kad\u0131n kimli\u011fimden taviz vermeyip, G\u00f6k\u00e7eada\u2019y\u0131 da tatil rotama ekledim. Can\u0131m ne zaman seyahat etmek isterse bu se\u00e7eneklerden birini de\u011ferlendiriyorum.<\/p>\n<h2><span class=\"ez-toc-section\" id=\"Kiralik_villa_fiyatlari\"><\/span><strong>Kiral\u0131k villa fiyatlar\u0131<\/strong><span class=\"ez-toc-section-end\"><\/span><\/h2>\n<p>Bu yaz villa tatili de \u00e7ok reva\u00e7ta. Sevdi\u011finiz arkada\u015flar\u0131n\u0131zla, e\u015finizle veya sevgilinizle be\u011fendi\u011finiz bir villada herkesten izole tatil yapabilirsiniz. Baz\u0131 villalarda 7-8 oda bile oluyor. Bu da demek oluyor ki k\u0131z 4-5 k\u0131z arkada\u015f\u0131n\u0131zla tatile \u00e7\u0131kt\u0131\u011f\u0131n\u0131zda olduk\u00e7a ekonomik bir fiyata l\u00fcks bir tatil yapabiliyorsunuz. \u00d6rne\u011fin 1000 TL\u2019ye g\u00fcnl\u00fck villa kiralad\u0131\u011f\u0131n\u0131zda ki\u015fi ba\u015f\u0131 200 TL gibi g\u00fcnl\u00fck konaklama masraf\u0131n\u0131z oluyor. Daha uygun se\u00e7enekler de yok de\u011fil. 200 TL\u2019den ba\u015flayan fiyatlarla residence veya bah\u00e7eli \u015firin evler de kiralayabilirsiniz. Kalaca\u011f\u0131n\u0131z yerin konumuna g\u00f6re bu fiyat daha da d\u00fc\u015febilir. 2-3 yatakl\u0131 ekonomik bir ev de kiralayarak, arkada\u015flar aras\u0131nda masraf\u0131 payla\u015fabilirsiniz. B\u00f6ylelikle ekonomik olarak belirsiz bir d\u00f6nemde hem ekonomik hem konforlu ve izole bir tatil yapma imkan\u0131n\u0131z olur.<\/p>\n<p>Ben tatillerimde art\u0131k arkada\u015flar\u0131mla birlikte <a href=\"http:\/\/Son y\u0131llarda daha \u00e7ok butik oteller ve villada konaklamay\u0131 tercih ediyorum. B\u00fcy\u00fck otellerde her \u015fey dahil konsepti hi\u00e7bir zaman bana hitap etmedi. Keza koronavir\u00fcs salg\u0131n\u0131 nedeniyle devasa denilebilecek oteller hayalet yap\u0131lara d\u00f6n\u00fc\u015ft\u00fc. Art\u0131k insanlar daha izole tatil se\u00e7eneklerini ara\u015ft\u0131r\u0131yor ve \u015fatafattan uzak minimalist bir \u015fekilde tatillerini yapmak istiyorlar. Asl\u0131nda benim tatil zevkim daha \u00f6nce de izole tatil konseptinden yanayd\u0131. \u00d6rne\u011fin Olimpos\u2019ta bungalowlarda kal\u0131r, Ege ve Akdeniz\u2019de tekne ile mavi yolculu\u011fa \u00e7\u0131kar\u0131m. \u00c7ok keyfim yerindeyse cruise turlar\u0131 ile Yunan adalar\u0131 tatilini tercih ederim. Son y\u0131llarda \u0131ss\u0131z kad\u0131n kimli\u011fimden taviz vermeyip, G\u00f6k\u00e7eada\u2019y\u0131 da tatil rotama ekledim. Can\u0131m ne zaman seyahat etmek isterse bu se\u00e7eneklerden birini de\u011ferlendiriyorum. Bu yaz villa tatili de \u00e7ok reva\u00e7ta. Sevdi\u011finiz arkada\u015flar\u0131n\u0131zla, e\u015finizle veya sevgilinizle be\u011fendi\u011finiz bir villada herkesten izole tatil yapabilirsiniz. Baz\u0131 villalarda 7-8 oda bile oluyor. Bu da demek oluyor ki k\u0131z 4-5 k\u0131z arkada\u015f\u0131n\u0131zla tatile \u00e7\u0131kt\u0131\u011f\u0131n\u0131zda olduk\u00e7a ekonomik bir fiyata l\u00fcks bir tatil yapabiliyorsunuz. \u00d6rne\u011fin 1000 TL\u2019ye g\u00fcnl\u00fck villa kiralad\u0131\u011f\u0131n\u0131zda ki\u015fi ba\u015f\u0131 200 TL gibi g\u00fcnl\u00fck konaklama masraf\u0131n\u0131z oluyor. Daha uygun se\u00e7enekler de yok de\u011fil. 200 TL\u2019den ba\u015flayan fiyatlarla residence veya bah\u00e7eli \u015firin evler de kiralayabilirsiniz. Kalaca\u011f\u0131n\u0131z yerin konumuna g\u00f6re bu fiyat daha da d\u00fc\u015febilir. 2-3 yatakl\u0131 ekonomik bir ev de kiralayarak, arkada\u015flar aras\u0131nda masraf\u0131 payla\u015fabilirsiniz. B\u00f6ylelikle ekonomik olarak belirsiz bir d\u00f6nemde hem ekonomik hem konforlu ve izole bir tatil yapma imkan\u0131n\u0131z olur.\" target=\"_blank\"><strong>bestofvilla.com<\/strong><\/a>&#8216;u tercih ediyorum.<\/p>\n<h2><span class=\"ez-toc-section\" id=\"Villa_kiralama_sitelerini_tavsiye_ediyor_musunuz\"><\/span><strong>Villa kiralama sitelerini tavsiye ediyor musunuz?\u00a0<\/strong><span class=\"ez-toc-section-end\"><\/span><\/h2>\n<p>Son y\u0131llarda <strong>villa kiralama siteleri<\/strong> de son derece reva\u00e7ta olmaya ba\u015flad\u0131. Ben villa kiralama sitelerinden bestofvilla.com tercih ediyorum. Nedenine gelince\u2026 Bestofvilla, uluslararas\u0131 bir marka ve d\u00fcnyan\u0131n bir \u00e7ok yerinde milyonlarca ki\u015fi bu sistemi kullan\u0131yor. En \u00f6nemlisi ev sahipleri ve misafirleri koruyan politikalar\u0131 var. Di\u011fer bir\u00e7ok kiralama \u015firketleri bu anlamda kurumsal olarak g\u00fcven vermiyor ve a\u00e7\u0131k\u00e7as\u0131 tatile gitti\u011fimde bir s\u00fcr\u00fc sorunla ba\u015f ba\u015fa kalmak istemiyorum. Halbuki bestofvilla.com daha \u00f6nce evde kalan ki\u015filerin yorumlar\u0131n\u0131 okuyabiliyorum. Genel olarak kald\u0131\u011f\u0131m evlerden ve bu ekosistemde tan\u0131\u015ft\u0131\u011f\u0131m insanlardan gayet memnunum.<\/p>\n<p>Bir de i\u015fin <strong>sahibinden.com arac\u0131l\u0131\u011f\u0131yla yazl\u0131k villa kiralama<\/strong> durumu var ki onu hi\u00e7 denemedim bile. \u00c7\u00fcnk\u00fc sahibinden.com&#8217;dan bu hizmeti almak hem g\u00fcvenlik hem de hijyen konusunda mant\u0131kl\u0131 gelmiyor. Bunun yerine ger\u00e7ekten bu i\u015fi benimsemi\u015f ve misafirlerini memnun etmek i\u00e7in \u00e7aba g\u00f6steren ve i\u015fi seyahat-konaklama hizmetleri olan firmalar\u0131 tercih ediyorum.<\/p>\n<h2><span class=\"ez-toc-section\" id=\"Bestofvillacom_en_iyi_kiralik_villalar\"><\/span><strong>Bestofvilla.com en iyi kiral\u0131k villalar<\/strong><span class=\"ez-toc-section-end\"><\/span><\/h2>\n<p>Bu yaz tatil yapaca\u011f\u0131m bestofvilla.com \u2019da ki kiral\u0131k villalar\u0131 incelerken, sizler i\u00e7in de faydal\u0131 olmas\u0131 a\u00e7\u0131s\u0131ndan notlar\u0131m\u0131 payla\u015fmak istedim. Dilerseniz buraya t\u0131klayarak, indirimli de konaklayabilirsiniz. Buyurunuz, yaz tatili i\u00e7in <strong>bestofvilla.com<\/strong> \u2019daki en g\u00fczel villalar\u2026<\/p>\n<figure id=\"attachment_13221\" aria-describedby=\"caption-attachment-13221\" style=\"width: 800px\" class=\"wp-caption alignnone\"><img decoding=\"async\" class=\"size-full wp-image-13221\" src=\"https:\/\/i0.wp.com\/annebebekkulubu.com\/blog\/wp-content\/uploads\/2021\/02\/kas-kalkan-yazlik-villa-kiralama.jpg?resize=696%2C464&#038;ssl=1\" alt=\"Ka\u015f - Kalkan Yazl\u0131k Villa Kiralama\" width=\"696\" height=\"464\" srcset=\"https:\/\/i0.wp.com\/annebebekkulubu.com\/blog\/wp-content\/uploads\/2021\/02\/kas-kalkan-yazlik-villa-kiralama.jpg?w=800&amp;ssl=1 800w, https:\/\/i0.wp.com\/annebebekkulubu.com\/blog\/wp-content\/uploads\/2021\/02\/kas-kalkan-yazlik-villa-kiralama.jpg?resize=300%2C200&amp;ssl=1 300w, https:\/\/i0.wp.com\/annebebekkulubu.com\/blog\/wp-content\/uploads\/2021\/02\/kas-kalkan-yazlik-villa-kiralama.jpg?resize=768%2C512&amp;ssl=1 768w, https:\/\/i0.wp.com\/annebebekkulubu.com\/blog\/wp-content\/uploads\/2021\/02\/kas-kalkan-yazlik-villa-kiralama.jpg?resize=696%2C464&amp;ssl=1 696w\" sizes=\"(max-width: 696px) 100vw, 696px\" data-recalc-dims=\"1\" \/><figcaption id=\"caption-attachment-13221\" class=\"wp-caption-text\">Ka\u015f &#8211; Kalkan Yazl\u0131k Villa Kiralama<\/figcaption><\/figure>\n<h2><span class=\"ez-toc-section\" id=\"Kas_Kalkan_yazlik_villa_kiralama\"><\/span><strong>Ka\u015f \/ Kalkan yazl\u0131k villa kiralama<\/strong><span class=\"ez-toc-section-end\"><\/span><\/h2>\n<p><strong>Antalya<\/strong>&#8216;da bulunan <strong>Ka\u015f<\/strong> ve <strong>Kalkan<\/strong> b\u00f6lgeleri marka de\u011feri olan bir tatil cenneti haline gelmi\u015ftir. Her y\u0131l neredeyse 12 ay yerli ve yabanc\u0131 turistin ziyaret etti\u011fi hatta yerle\u015fmeye ba\u015flad\u0131\u011f\u0131 bir yer haline gelmi\u015ftir. Ka\u015f b\u00f6lgesine ister karayolu ile gelebilir isterseniz hava yolu ile rahat\u00e7a gelebilirsiniz. Ancak sizlere tavsiyem hava yolu ile gelecekseniz Antalya hava liman\u0131 yerine Dalaman hava liman\u0131n\u0131 tercih etmeniz olacakt\u0131r. \u00c7\u00fcnk\u00fc Antalya hava liman\u0131 yakla\u015f\u0131k 4-4.5 saatlik bir hava liman\u0131ndan Ka\u015f\u2019a yolculuk s\u00fcrebilmektedir. Dalaman hava liman\u0131n\u0131 tercih ederseniz yakla\u015f\u0131k 1.5 saatte Ka\u015f\u2019a gelebilirsiniz. Bu noktada bestofvilla.com \u2018u tercih etmemim sebebi havaliman\u0131ndan villaya ge\u00e7i\u015fte tamam\u0131yla yard\u0131mc\u0131 olmalar\u0131. Transfer istemeniz halinde sizi havaliman\u0131ndan al\u0131p villan\u0131za kolayca yerle\u015fmenizi sa\u011fl\u0131yorlar. Bundan sonraki s\u00fcre\u00e7te de size tatilin tad\u0131n\u0131 \u00e7\u0131karmak kal\u0131yor.<\/p>\n<figure id=\"attachment_13220\" aria-describedby=\"caption-attachment-13220\" style=\"width: 800px\" class=\"wp-caption alignnone\"><img decoding=\"async\" class=\"wp-image-13220 size-full\" src=\"https:\/\/i0.wp.com\/annebebekkulubu.com\/blog\/wp-content\/uploads\/2021\/02\/kalkan-villa-kiralama-kiralik-villalar.jpg?resize=696%2C464&#038;ssl=1\" alt=\"Antalya kiral\u0131k havuzlu villalar\" width=\"696\" height=\"464\" srcset=\"https:\/\/i0.wp.com\/annebebekkulubu.com\/blog\/wp-content\/uploads\/2021\/02\/kalkan-villa-kiralama-kiralik-villalar.jpg?w=800&amp;ssl=1 800w, https:\/\/i0.wp.com\/annebebekkulubu.com\/blog\/wp-content\/uploads\/2021\/02\/kalkan-villa-kiralama-kiralik-villalar.jpg?resize=300%2C200&amp;ssl=1 300w, https:\/\/i0.wp.com\/annebebekkulubu.com\/blog\/wp-content\/uploads\/2021\/02\/kalkan-villa-kiralama-kiralik-villalar.jpg?resize=768%2C512&amp;ssl=1 768w, https:\/\/i0.wp.com\/annebebekkulubu.com\/blog\/wp-content\/uploads\/2021\/02\/kalkan-villa-kiralama-kiralik-villalar.jpg?resize=696%2C464&amp;ssl=1 696w\" sizes=\"(max-width: 696px) 100vw, 696px\" data-recalc-dims=\"1\" \/><figcaption id=\"caption-attachment-13220\" class=\"wp-caption-text\">Antalya kiral\u0131k havuzlu villalar<\/figcaption><\/figure>\n<h2><span class=\"ez-toc-section\" id=\"Kalkan_villa_kiralama\"><\/span><strong>Kalkan villa kiralama<\/strong><span class=\"ez-toc-section-end\"><\/span><\/h2>\n<p>Kalkan villalar\u0131 ile sizi kendisine hayran b\u0131rak\u0131yor. \u0130nsan d\u00fc\u015f\u00fcnmeden duram\u0131yor. Kim bilir bu g\u00fczel ve \u015firin evlerin \u00e7at\u0131s\u0131 alt\u0131nda ne hikayeler, ne a\u015fklar ya\u015fand\u0131\u2026 Eskiden bu t\u00fcr bir villada kalman\u0131z i\u00e7in olduk\u00e7a varl\u0131kl\u0131 bir ailede d\u00fcnyaya gelmeniz gerekiyordu. \u015eimdi bestofvilla.com sayesinde birbirinden g\u00fczel evlerde imkan\u0131m\u0131z \u00f6l\u00e7\u00fcs\u00fcnde konaklay\u0131p, ba\u015fka bir hayat\u0131 deneyimleyebiliyoruz. Kalkan\u2019da bu t\u00fcrde kiralayabilece\u011finiz pek \u00e7ok villa bulunuyor. Se\u00e7in, be\u011fenin ve rezervasyonunuzu bestofvilla.com arac\u0131l\u0131\u011f\u0131 ile kesinle\u015ftirin.<\/p>\n<figure id=\"attachment_13219\" aria-describedby=\"caption-attachment-13219\" style=\"width: 800px\" class=\"wp-caption alignnone\"><img decoding=\"async\" class=\"wp-image-13219 size-full\" src=\"https:\/\/i0.wp.com\/annebebekkulubu.com\/blog\/wp-content\/uploads\/2021\/02\/kiralik-havuzlu-villalar.jpg?resize=696%2C464&#038;ssl=1\" alt=\"Kiral\u0131k havuzlu villalar\" width=\"696\" height=\"464\" srcset=\"https:\/\/i0.wp.com\/annebebekkulubu.com\/blog\/wp-content\/uploads\/2021\/02\/kiralik-havuzlu-villalar.jpg?w=800&amp;ssl=1 800w, https:\/\/i0.wp.com\/annebebekkulubu.com\/blog\/wp-content\/uploads\/2021\/02\/kiralik-havuzlu-villalar.jpg?resize=300%2C200&amp;ssl=1 300w, https:\/\/i0.wp.com\/annebebekkulubu.com\/blog\/wp-content\/uploads\/2021\/02\/kiralik-havuzlu-villalar.jpg?resize=768%2C512&amp;ssl=1 768w, https:\/\/i0.wp.com\/annebebekkulubu.com\/blog\/wp-content\/uploads\/2021\/02\/kiralik-havuzlu-villalar.jpg?resize=696%2C464&amp;ssl=1 696w\" sizes=\"(max-width: 696px) 100vw, 696px\" data-recalc-dims=\"1\" \/><figcaption id=\"caption-attachment-13219\" class=\"wp-caption-text\">Kiral\u0131k havuzlu villalar<\/figcaption><\/figure>\n<h2><span class=\"ez-toc-section\" id=\"En_guzel_Kiralik_Villa\"><\/span><strong>En g\u00fczel Kiral\u0131k Villa:<\/strong><span class=\"ez-toc-section-end\"><\/span><\/h2>\n<p>Antalya Ka\u015f Kalkan yal\u0131 b\u00f6lgesinde bulunan villa e\u015f\u015fiz bir manzaraya sahip.2 ki\u015filik olan bu villa Do\u011fa i\u00e7inde tamamen korunakl\u0131 ta\u015f duvarlar\u0131 bulunuyor. \u00c7ok \u00f6zel romantik bir vakit ge\u00e7irebilece\u011finiz deniz, ada ve orman manzaras\u0131na sizi kar\u015f\u0131l\u0131yor. Ayr\u0131ca size \u00f6zel bir havuz ve jakuzi bulunmaktad\u0131r. Bence \u00e7ok fazla anlatmaya gerek yok. Foto\u011fraflar\u0131n\u0131 g\u00f6r\u00fcnce siz de hayran kalacaks\u0131n\u0131z. Ayr\u0131ca denize ve plaja uzakl\u0131\u011f\u0131 500 metre mesafedir. \u00d6nerdi\u011fim villay\u0131 <strong><a href=\"https:\/\/www.bestofvilla.com\/villamsa117\" target=\"_blank\" rel=\"noopener\">buraya<\/a><\/strong> t\u0131klayarak inceleyebilirsiniz.<br \/>\n<img decoding=\"async\" class=\"alignnone size-medium wp-image-13214\" src=\"https:\/\/i0.wp.com\/annebebekkulubu.com\/blog\/wp-content\/uploads\/2021\/02\/kalkan-kiralik-villa-5.jpg?resize=300%2C200&#038;ssl=1\" alt=\"\" width=\"300\" height=\"200\" srcset=\"https:\/\/i0.wp.com\/annebebekkulubu.com\/blog\/wp-content\/uploads\/2021\/02\/kalkan-kiralik-villa-5.jpg?resize=300%2C200&amp;ssl=1 300w, https:\/\/i0.wp.com\/annebebekkulubu.com\/blog\/wp-content\/uploads\/2021\/02\/kalkan-kiralik-villa-5.jpg?resize=768%2C512&amp;ssl=1 768w, https:\/\/i0.wp.com\/annebebekkulubu.com\/blog\/wp-content\/uploads\/2021\/02\/kalkan-kiralik-villa-5.jpg?resize=696%2C464&amp;ssl=1 696w, https:\/\/i0.wp.com\/annebebekkulubu.com\/blog\/wp-content\/uploads\/2021\/02\/kalkan-kiralik-villa-5.jpg?w=800&amp;ssl=1 800w\" sizes=\"(max-width: 300px) 100vw, 300px\" data-recalc-dims=\"1\" \/> <img decoding=\"async\" class=\"alignnone size-medium wp-image-13216\" src=\"https:\/\/i0.wp.com\/annebebekkulubu.com\/blog\/wp-content\/uploads\/2021\/02\/kalkan-kiralik-villa-3.jpg?resize=300%2C200&#038;ssl=1\" alt=\"\" width=\"300\" height=\"200\" srcset=\"https:\/\/i0.wp.com\/annebebekkulubu.com\/blog\/wp-content\/uploads\/2021\/02\/kalkan-kiralik-villa-3.jpg?resize=300%2C200&amp;ssl=1 300w, https:\/\/i0.wp.com\/annebebekkulubu.com\/blog\/wp-content\/uploads\/2021\/02\/kalkan-kiralik-villa-3.jpg?resize=768%2C512&amp;ssl=1 768w, https:\/\/i0.wp.com\/annebebekkulubu.com\/blog\/wp-content\/uploads\/2021\/02\/kalkan-kiralik-villa-3.jpg?resize=696%2C464&amp;ssl=1 696w, https:\/\/i0.wp.com\/annebebekkulubu.com\/blog\/wp-content\/uploads\/2021\/02\/kalkan-kiralik-villa-3.jpg?w=800&amp;ssl=1 800w\" sizes=\"(max-width: 300px) 100vw, 300px\" data-recalc-dims=\"1\" \/> <img decoding=\"async\" class=\"alignnone size-medium wp-image-13217\" src=\"https:\/\/i0.wp.com\/annebebekkulubu.com\/blog\/wp-content\/uploads\/2021\/02\/kalkan-kiralik-villa-2.jpg?resize=300%2C200&#038;ssl=1\" alt=\"\" width=\"300\" height=\"200\" srcset=\"https:\/\/i0.wp.com\/annebebekkulubu.com\/blog\/wp-content\/uploads\/2021\/02\/kalkan-kiralik-villa-2.jpg?resize=300%2C200&amp;ssl=1 300w, https:\/\/i0.wp.com\/annebebekkulubu.com\/blog\/wp-content\/uploads\/2021\/02\/kalkan-kiralik-villa-2.jpg?resize=768%2C512&amp;ssl=1 768w, https:\/\/i0.wp.com\/annebebekkulubu.com\/blog\/wp-content\/uploads\/2021\/02\/kalkan-kiralik-villa-2.jpg?resize=696%2C464&amp;ssl=1 696w, https:\/\/i0.wp.com\/annebebekkulubu.com\/blog\/wp-content\/uploads\/2021\/02\/kalkan-kiralik-villa-2.jpg?w=800&amp;ssl=1 800w\" sizes=\"(max-width: 300px) 100vw, 300px\" data-recalc-dims=\"1\" \/> <img decoding=\"async\" class=\"alignnone size-medium wp-image-13218\" src=\"https:\/\/i0.wp.com\/annebebekkulubu.com\/blog\/wp-content\/uploads\/2021\/02\/kalkan-kiralik-villa.jpg?resize=300%2C200&#038;ssl=1\" alt=\"\" width=\"300\" height=\"200\" srcset=\"https:\/\/i0.wp.com\/annebebekkulubu.com\/blog\/wp-content\/uploads\/2021\/02\/kalkan-kiralik-villa.jpg?resize=300%2C200&amp;ssl=1 300w, https:\/\/i0.wp.com\/annebebekkulubu.com\/blog\/wp-content\/uploads\/2021\/02\/kalkan-kiralik-villa.jpg?resize=768%2C512&amp;ssl=1 768w, https:\/\/i0.wp.com\/annebebekkulubu.com\/blog\/wp-content\/uploads\/2021\/02\/kalkan-kiralik-villa.jpg?resize=696%2C464&amp;ssl=1 696w, https:\/\/i0.wp.com\/annebebekkulubu.com\/blog\/wp-content\/uploads\/2021\/02\/kalkan-kiralik-villa.jpg?w=800&amp;ssl=1 800w\" sizes=\"(max-width: 300px) 100vw, 300px\" data-recalc-dims=\"1\" \/><\/p>\n<p>Ayr\u0131ca buna benzer onlarca villa se\u00e7ene\u011fi i\u00e7in mutlaka bestofvilla.com ziyaret edin. Tercih yapman\u0131za yard\u0131mc\u0131 olacak yetkililer ile g\u00f6r\u00fc\u015febilirsiniz. Ayr\u0131ca firman\u0131n TURSAB kayd\u0131 da mevcuttur. G\u00fcvenle rezervasyon yapabilirsiniz. Her t\u00fcrl\u00fc sorunuza cevap alabilirsiniz.<\/p>\n<p>Bestofvilla.com evlerinde indirimli kalmak i\u00e7in davet linkimi kullanabilirsiniz.<br \/>\n<a href=\"https:\/\/bestofvilla.com\/\" target=\"_blank\" rel=\"noopener\"><strong>K\u0130RALIK V\u0130LLADA \u0130ND\u0130RML\u0130 TAT\u0130L YAPMAK \u0130\u00c7\u0130N BURAYA TIKLAYIN<\/strong><\/a><\/p>\n","protected":false},"excerpt":{"rendered":"<p>Salg\u0131n nedeniyle 3 y\u0131ld\u0131r maskeli ve mesafeli tatil yap\u0131yoruz. Yak\u0131nda maskeler tamamen hayat\u0131m\u0131zdan \u00e7\u0131kacak ve \u00f6zg\u00fcrce tatilimizi yapabilece\u011fiz. Bu arada ekonomik kriz derinle\u015firken tatile gitsek bir dert, gitmesek g\u00f6n\u00fcl raz\u0131 de\u011fil. Bu yaz sezonunda en \u00e7ok \u00f6n plana \u00e7\u0131kan tatil konsepti ise g\u00f6zlerden ve kalabal\u0131ktan uzak sosyal mesafeli tatil. \u0130zole tatil deyince akl\u0131m\u0131za ilk olarak [&hellip;]<\/p>\n","protected":false},"author":33,"featured_media":7905,"comment_status":"open","ping_status":"closed","sticky":false,"template":"","format":"standard","meta":{"jetpack_post_was_ever_published":false,"_jetpack_newsletter_access":"","_jetpack_dont_email_post_to_subs":false,"_jetpack_newsletter_tier_id":0,"_jetpack_memberships_contains_paywalled_content":false,"_jetpack_memberships_contains_paid_content":false,"footnotes":""},"categories":[47],"tags":[11108,11107,11109,11110,11111,11112,11106],"class_list":{"0":"post-7895","1":"post","2":"type-post","3":"status-publish","4":"format-standard","5":"has-post-thumbnail","7":"category-seyahat","8":"tag-airbnb-davet-linki","9":"tag-airbnb-indirim-kodu","10":"tag-airbnb-indirim-kodu-2020","11":"tag-airbnb-indirim-kodu-nasil-kullanilir","12":"tag-airbnb-indirim-linki","13":"tag-sahibinden-gunluk-kiralik-ev","14":"tag-yazlik-villa-kiralama-sahibinden"},"jetpack_sharing_enabled":true,"jetpack_featured_media_url":"https:\/\/i0.wp.com\/annebebekkulubu.com\/blog\/wp-content\/uploads\/2020\/06\/bodrum-airbnb-villa-kiralama.jpg?fit=807%2C536&ssl=1","jetpack-related-posts":[],"_links":{"self":[{"href":"https:\/\/annebebekkulubu.com\/blog\/wp-json\/wp\/v2\/posts\/7895","targetHints":{"allow":["GET"]}}],"collection":[{"href":"https:\/\/annebebekkulubu.com\/blog\/wp-json\/wp\/v2\/posts"}],"about":[{"href":"https:\/\/annebebekkulubu.com\/blog\/wp-json\/wp\/v2\/types\/post"}],"author":[{"embeddable":true,"href":"https:\/\/annebebekkulubu.com\/blog\/wp-json\/wp\/v2\/users\/33"}],"replies":[{"embeddable":true,"href":"https:\/\/annebebekkulubu.com\/blog\/wp-json\/wp\/v2\/comments?post=7895"}],"version-history":[{"count":0,"href":"https:\/\/annebebekkulubu.com\/blog\/wp-json\/wp\/v2\/posts\/7895\/revisions"}],"wp:featuredmedia":[{"embeddable":true,"href":"https:\/\/annebebekkulubu.com\/blog\/wp-json\/wp\/v2\/media\/7905"}],"wp:attachment":[{"href":"https:\/\/annebebekkulubu.com\/blog\/wp-json\/wp\/v2\/media?parent=7895"}],"wp:term":[{"taxonomy":"category","embeddable":true,"href":"https:\/\/annebebekkulubu.com\/blog\/wp-json\/wp\/v2\/categories?post=7895"},{"taxonomy":"post_tag","embeddable":true,"href":"https:\/\/annebebekkulubu.com\/blog\/wp-json\/wp\/v2\/tags?post=7895"}],"curies":[{"name":"wp","href":"https:\/\/api.w.org\/{rel}","templated":true}]}}