{"id":7251,"date":"2020-05-18T18:07:14","date_gmt":"2020-05-18T15:07:14","guid":{"rendered":"https:\/\/blog.annebebekkulubu.com\/?p=7251"},"modified":"2020-05-18T18:18:03","modified_gmt":"2020-05-18T15:18:03","slug":"bebeklerde-pudra-kullanimi","status":"publish","type":"post","link":"https:\/\/annebebekkulubu.com\/blog\/bebeklerde-pudra-kullanimi\/","title":{"rendered":"Bebeklerde pudra kullan\u0131m\u0131"},"content":{"rendered":"<div id=\"ez-toc-container\" class=\"ez-toc-v2_0_82_2 counter-hierarchy ez-toc-counter ez-toc-light-blue ez-toc-container-direction\">\n<p class=\"ez-toc-title\" style=\"cursor:inherit\">Yaz\u0131 \u0130\u00e7eri\u011fi<\/p>\n<label for=\"ez-toc-cssicon-toggle-item-69ede29d98a67\" class=\"ez-toc-cssicon-toggle-label\"><span class=\"\"><span class=\"eztoc-hide\" style=\"display:none;\">Toggle<\/span><span class=\"ez-toc-icon-toggle-span\"><svg style=\"fill: #999;color:#999\" xmlns=\"http:\/\/www.w3.org\/2000\/svg\" class=\"list-377408\" width=\"20px\" height=\"20px\" viewBox=\"0 0 24 24\" fill=\"none\"><path d=\"M6 6H4v2h2V6zm14 0H8v2h12V6zM4 11h2v2H4v-2zm16 0H8v2h12v-2zM4 16h2v2H4v-2zm16 0H8v2h12v-2z\" fill=\"currentColor\"><\/path><\/svg><svg style=\"fill: #999;color:#999\" class=\"arrow-unsorted-368013\" xmlns=\"http:\/\/www.w3.org\/2000\/svg\" width=\"10px\" height=\"10px\" viewBox=\"0 0 24 24\" version=\"1.2\" baseProfile=\"tiny\"><path d=\"M18.2 9.3l-6.2-6.3-6.2 6.3c-.2.2-.3.4-.3.7s.1.5.3.7c.2.2.4.3.7.3h11c.3 0 .5-.1.7-.3.2-.2.3-.5.3-.7s-.1-.5-.3-.7zM5.8 14.7l6.2 6.3 6.2-6.3c.2-.2.3-.5.3-.7s-.1-.5-.3-.7c-.2-.2-.4-.3-.7-.3h-11c-.3 0-.5.1-.7.3-.2.2-.3.5-.3.7s.1.5.3.7z\"\/><\/svg><\/span><\/span><\/label><input type=\"checkbox\"  id=\"ez-toc-cssicon-toggle-item-69ede29d98a67\"  aria-label=\"A\u00e7\/Kapat\" \/><nav><ul class='ez-toc-list ez-toc-list-level-1 ' ><li class='ez-toc-page-1 ez-toc-heading-level-2'><a class=\"ez-toc-link ez-toc-heading-1\" href=\"https:\/\/annebebekkulubu.com\/blog\/bebeklerde-pudra-kullanimi\/#Nedir_bu_talk\" >Nedir bu talk?<\/a><\/li><li class='ez-toc-page-1 ez-toc-heading-level-2'><a class=\"ez-toc-link ez-toc-heading-2\" href=\"https:\/\/annebebekkulubu.com\/blog\/bebeklerde-pudra-kullanimi\/#Dogal_bebek_pudrasi_nasil_yapilir\" >Do\u011fal bebek pudras\u0131 nas\u0131l yap\u0131l\u0131r?<\/a><\/li><\/ul><\/nav><\/div>\n<p><strong>En iyi bebek pudras\u0131 hangisi?<\/strong> Bebek pudras\u0131 nas\u0131l yap\u0131l\u0131r? Bebek pudras\u0131 hangi durumlarda kullan\u0131l\u0131r? Bebek pudras\u0131 bebeklerde ne i\u015fe yarar? Bebek pudras\u0131 i\u00e7eri\u011finde neler vard\u0131r? Anne Bebek Kul\u00fcb\u00fc yazar\u0131 ve G\u0131da Teknikeri <strong>Pelin Kahraman Av\u015far\u00a0evde bebek pudras\u0131<\/strong> yap\u0131m\u0131n\u0131 yazd\u0131!..<\/p>\n<h2><span class=\"ez-toc-section\" id=\"Nedir_bu_talk\"><\/span><strong>Nedir bu talk?<\/strong><span class=\"ez-toc-section-end\"><\/span><\/h2>\n<p><strong>Pi\u015fik<\/strong> denilince ilk akla gelen \u015fey<strong> \u2018pudra\u2019<\/strong> oluyor. Pudra \u00e7ok eski \u00e7a\u011flardan beri kullan\u0131lmaktad\u0131r. \u0130lerleyen zamanlarda pudra yerine ni\u015fasta kullan\u0131lmaya ba\u015flanm\u0131\u015ft\u0131r. Zamanla sa\u011fl\u0131ktan \u00f6nce para diyen bir tak\u0131m \u015firketler sebebi ile do\u011fal ni\u015fastalar yerine talk kullan\u0131lmaya ba\u015flanm\u0131\u015ft\u0131r.<\/p>\n<p><strong>Talk; bebe pudras\u0131, toz ila\u00e7lar, parf\u00fcml\u00fc pudralar ve parf\u00fcml\u00fc v\u00fccut pudralar\u0131n\u0131n ana maddesidir. <\/strong>Talk, magnezyum silikat mineralidir. Asbest-benzeri fiber i\u00e7ersin ya da i\u00e7ermesin kozmetik ama\u00e7la kullan\u0131lan <strong>talk pudras\u0131<\/strong> bir kanserojendir.Asbest solunmas\u0131 durumunda akci\u011fer zar\u0131 kanserine neden olmaktad\u0131r.<\/p>\n<p>\u015eimdi bebe\u011finizin pudralanma i\u015flemini g\u00f6z\u00fcn\u00fcz\u00fcn \u00f6n\u00fcne getirin. Talk nas\u0131l havaya kar\u0131\u015f\u0131yor de\u011fil mi? B\u00fct\u00fcn bunlar\u0131 bir kenara koyal\u0131m. Hen\u00fcz savunmas\u0131z ve ba\u011f\u0131\u015f\u0131kl\u0131k sistemi g\u00fc\u00e7lenmemi\u015f bebeklerimiz i\u00e7in kendi pudram\u0131z\u0131 Ayhan Ercan\u2019\u0131n tarifi ile kendimiz yapal\u0131m. Hemde tamamen yenilebilir malzemelerden..<\/p>\n<h2><span class=\"ez-toc-section\" id=\"Dogal_bebek_pudrasi_nasil_yapilir\"><\/span><strong>Do\u011fal bebek pudras\u0131 nas\u0131l yap\u0131l\u0131r?<\/strong><span class=\"ez-toc-section-end\"><\/span><\/h2>\n<p>5 \u00e7orba ka\u015f\u0131\u011f\u0131 patates ni\u015fastas\u0131<br \/>\n1 tatl\u0131 ka\u015f\u0131\u011f\u0131 may\u0131s papatyas\u0131<br \/>\n1 tatl\u0131 ka\u015f\u0131\u011f\u0131 ayn\u0131sefa \u00e7i\u00e7e\u011fi<br \/>\n1 tatl\u0131 ka\u015f\u0131\u011f\u0131 lavanta \u00e7i\u00e7e\u011fi<br \/>\n15 damla saf ve do\u011fal g\u00fcl ya\u011f\u0131<\/p>\n<p>Papatya, ayn\u0131sefa ve lavantay\u0131 ince \u015fekilde \u00f6\u011f\u00fct\u00fcp en ince un ele\u011fi ile eleyin.<br \/>\n\u00c7i\u00e7ek tozlar\u0131n\u0131 ni\u015fasta ile iyice kar\u0131lt\u0131rd\u0131ktan sonra ya\u011fl\u0131 bir ka\u011f\u0131t \u00fczerine ince bir tabaka halinde serin. Serilmi\u015f pudran\u0131n muhtelif yerlerine g\u00fcl ya\u011f\u0131n\u0131 damlat\u0131n ve kar\u0131\u015f\u0131m\u0131 avcunuzda ovarak ya\u011f\u0131n neden oldu\u011fu topaklar\u0131 ufalay\u0131n.<br \/>\n\u0130mkan\u0131n\u0131z varsa son bir elekten ge\u00e7irdikten sonra cam bir kavanozda saklay\u0131n.<\/p>\n<p><strong>Not<\/strong> : <strong>G\u00fcl esans\u0131, g\u00fcl aromas\u0131<\/strong> gibi sentetik koku vericiler asla kullan\u0131lmamal\u0131d\u0131r.<\/p>\n","protected":false},"excerpt":{"rendered":"<p>En iyi bebek pudras\u0131 hangisi? Bebek pudras\u0131 nas\u0131l yap\u0131l\u0131r? Bebek pudras\u0131 hangi durumlarda kullan\u0131l\u0131r? Bebek pudras\u0131 bebeklerde ne i\u015fe yarar? Bebek pudras\u0131 i\u00e7eri\u011finde neler vard\u0131r? Anne Bebek Kul\u00fcb\u00fc yazar\u0131 ve G\u0131da Teknikeri Pelin Kahraman Av\u015far\u00a0evde bebek pudras\u0131 yap\u0131m\u0131n\u0131 yazd\u0131!.. Nedir bu talk? Pi\u015fik denilince ilk akla gelen \u015fey \u2018pudra\u2019 oluyor. Pudra \u00e7ok eski \u00e7a\u011flardan beri [&hellip;]<\/p>\n","protected":false},"author":25,"featured_media":7252,"comment_status":"open","ping_status":"closed","sticky":false,"template":"","format":"standard","meta":{"jetpack_post_was_ever_published":false,"_jetpack_newsletter_access":"","_jetpack_dont_email_post_to_subs":false,"_jetpack_newsletter_tier_id":0,"_jetpack_memberships_contains_paywalled_content":false,"_jetpack_memberships_contains_paid_content":false,"footnotes":""},"categories":[6],"tags":[10830,10831,10828,10829],"class_list":{"0":"post-7251","1":"post","2":"type-post","3":"status-publish","4":"format-standard","5":"has-post-thumbnail","7":"category-bebek","8":"tag-bebek-pudrasi-cesitleri","9":"tag-bebek-pudrasi-en-iyisi","10":"tag-bebek-pudrasi-icerigi","11":"tag-talksiz-bebek-pudrasi"},"jetpack_sharing_enabled":true,"jetpack_featured_media_url":"https:\/\/i0.wp.com\/annebebekkulubu.com\/blog\/wp-content\/uploads\/2020\/05\/evde-bebek-pudrasi-nasil-yapilir.jpg?fit=626%2C417&ssl=1","jetpack-related-posts":[],"_links":{"self":[{"href":"https:\/\/annebebekkulubu.com\/blog\/wp-json\/wp\/v2\/posts\/7251","targetHints":{"allow":["GET"]}}],"collection":[{"href":"https:\/\/annebebekkulubu.com\/blog\/wp-json\/wp\/v2\/posts"}],"about":[{"href":"https:\/\/annebebekkulubu.com\/blog\/wp-json\/wp\/v2\/types\/post"}],"author":[{"embeddable":true,"href":"https:\/\/annebebekkulubu.com\/blog\/wp-json\/wp\/v2\/users\/25"}],"replies":[{"embeddable":true,"href":"https:\/\/annebebekkulubu.com\/blog\/wp-json\/wp\/v2\/comments?post=7251"}],"version-history":[{"count":0,"href":"https:\/\/annebebekkulubu.com\/blog\/wp-json\/wp\/v2\/posts\/7251\/revisions"}],"wp:featuredmedia":[{"embeddable":true,"href":"https:\/\/annebebekkulubu.com\/blog\/wp-json\/wp\/v2\/media\/7252"}],"wp:attachment":[{"href":"https:\/\/annebebekkulubu.com\/blog\/wp-json\/wp\/v2\/media?parent=7251"}],"wp:term":[{"taxonomy":"category","embeddable":true,"href":"https:\/\/annebebekkulubu.com\/blog\/wp-json\/wp\/v2\/categories?post=7251"},{"taxonomy":"post_tag","embeddable":true,"href":"https:\/\/annebebekkulubu.com\/blog\/wp-json\/wp\/v2\/tags?post=7251"}],"curies":[{"name":"wp","href":"https:\/\/api.w.org\/{rel}","templated":true}]}}