{"id":6003,"date":"2020-01-21T09:00:44","date_gmt":"2020-01-21T06:00:44","guid":{"rendered":"https:\/\/blog.annebebekkulubu.com\/?p=6003"},"modified":"2021-02-02T20:32:33","modified_gmt":"2021-02-02T17:32:33","slug":"bebeklerde-gobek-bakimi-nasil-yapilir","status":"publish","type":"post","link":"https:\/\/annebebekkulubu.com\/blog\/bebeklerde-gobek-bakimi-nasil-yapilir\/","title":{"rendered":"Bebeklerde g\u00f6bek bak\u0131m\u0131 nas\u0131l yap\u0131l\u0131r?"},"content":{"rendered":"<div id=\"ez-toc-container\" class=\"ez-toc-v2_0_82_2 counter-hierarchy ez-toc-counter ez-toc-light-blue ez-toc-container-direction\">\n<p class=\"ez-toc-title\" style=\"cursor:inherit\">Yaz\u0131 \u0130\u00e7eri\u011fi<\/p>\n<label for=\"ez-toc-cssicon-toggle-item-69ee7ac6b4436\" class=\"ez-toc-cssicon-toggle-label\"><span class=\"\"><span class=\"eztoc-hide\" style=\"display:none;\">Toggle<\/span><span class=\"ez-toc-icon-toggle-span\"><svg style=\"fill: #999;color:#999\" xmlns=\"http:\/\/www.w3.org\/2000\/svg\" class=\"list-377408\" width=\"20px\" height=\"20px\" viewBox=\"0 0 24 24\" fill=\"none\"><path d=\"M6 6H4v2h2V6zm14 0H8v2h12V6zM4 11h2v2H4v-2zm16 0H8v2h12v-2zM4 16h2v2H4v-2zm16 0H8v2h12v-2z\" fill=\"currentColor\"><\/path><\/svg><svg style=\"fill: #999;color:#999\" class=\"arrow-unsorted-368013\" xmlns=\"http:\/\/www.w3.org\/2000\/svg\" width=\"10px\" height=\"10px\" viewBox=\"0 0 24 24\" version=\"1.2\" baseProfile=\"tiny\"><path d=\"M18.2 9.3l-6.2-6.3-6.2 6.3c-.2.2-.3.4-.3.7s.1.5.3.7c.2.2.4.3.7.3h11c.3 0 .5-.1.7-.3.2-.2.3-.5.3-.7s-.1-.5-.3-.7zM5.8 14.7l6.2 6.3 6.2-6.3c.2-.2.3-.5.3-.7s-.1-.5-.3-.7c-.2-.2-.4-.3-.7-.3h-11c-.3 0-.5.1-.7.3-.2.2-.3.5-.3.7s.1.5.3.7z\"\/><\/svg><\/span><\/span><\/label><input type=\"checkbox\"  id=\"ez-toc-cssicon-toggle-item-69ee7ac6b4436\"  aria-label=\"A\u00e7\/Kapat\" \/><nav><ul class='ez-toc-list ez-toc-list-level-1 ' ><li class='ez-toc-page-1 ez-toc-heading-level-2'><a class=\"ez-toc-link ez-toc-heading-1\" href=\"https:\/\/annebebekkulubu.com\/blog\/bebeklerde-gobek-bakimi-nasil-yapilir\/#Bebeginizi_gobek_bagi_dusene_kadar_banyo_yaptirmayin\" >Bebe\u011finizi g\u00f6bek ba\u011f\u0131 d\u00fc\u015fene kadar banyo yapt\u0131rmay\u0131n<\/a><\/li><li class='ez-toc-page-1 ez-toc-heading-level-2'><a class=\"ez-toc-link ez-toc-heading-2\" href=\"https:\/\/annebebekkulubu.com\/blog\/bebeklerde-gobek-bakimi-nasil-yapilir\/#Omfalit_gobek_bagi_gobek_deligi_enfeksiyonu_nedir\" >Omfalit (g\u00f6bek ba\u011f\u0131, g\u00f6bek deli\u011fi enfeksiyonu) nedir?<\/a><\/li><li class='ez-toc-page-1 ez-toc-heading-level-2'><a class=\"ez-toc-link ez-toc-heading-3\" href=\"https:\/\/annebebekkulubu.com\/blog\/bebeklerde-gobek-bakimi-nasil-yapilir\/#Omfalit_Gobek_Bagi_Gobek_Deligi_Enfeksiyonu_Belirtileri\" >Omfalit (G\u00f6bek Ba\u011f\u0131, G\u00f6bek Deli\u011fi Enfeksiyonu) Belirtileri<\/a><\/li><\/ul><\/nav><\/div>\n<p><strong>G\u00f6bek ba\u011f\u0131<\/strong> do\u011fumdan sonra beyaz, \u015feffaf ve parlakt\u0131r. G\u00f6bek ba\u011f\u0131n\u0131n kuru ve temiz tutulmas\u0131 ile g\u00f6bek ba\u011f\u0131 kurur ve 15 g\u00fcn i\u00e7inde (ortalama 6 &#8211; 21 g\u00fcn) d\u00fc\u015fer. Kordon d\u00fc\u015fmeden \u00f6nce g\u00f6be\u011fe herhangi bir \u015fey s\u00fcrmeye gerek yoktur.<\/p>\n<h2><span class=\"ez-toc-section\" id=\"Bebeginizi_gobek_bagi_dusene_kadar_banyo_yaptirmayin\"><\/span><strong>Bebe\u011finizi g\u00f6bek ba\u011f\u0131 d\u00fc\u015fene kadar banyo yapt\u0131rmay\u0131n<br \/>\n<\/strong><span class=\"ez-toc-section-end\"><\/span><\/h2>\n<p>Bebe\u011fin alt\u0131 temizlenirken g\u00f6bek kordonunun bebek bezinin i\u00e7inde kalmamas\u0131na dikkat edilmelidir.\u00a0 Bebek bezi g\u00f6bek ba\u011f\u0131n\u0131n alt\u0131ndan ba\u011flanarak g\u00f6bek ba\u011f\u0131n\u0131n idrar ve d\u0131\u015fk\u0131 ile temas\u0131 \u00f6nlenmelidir. G\u00f6bek ba\u011f\u0131, bezin i\u00e7inde kald\u0131\u011f\u0131nda idrar ve d\u0131\u015fk\u0131dan dolay\u0131 enfeksiyon olu\u015fabilir.<\/p>\n<p>G\u00f6bek ba\u011f\u0131 d\u00fc\u015ft\u00fc\u011f\u00fc zaman az miktarda kanama olmas\u0131 normaldir. Ancak bazen g\u00f6bek d\u00fc\u015ft\u00fckten sonra o b\u00f6lge nemli kalmaya devam eder ve hafif bir \u015fi\u015flik olabilir. Bu durum g\u00f6bek gron\u00fclomu olarak adland\u0131r\u0131l\u0131r. Bu durumda ve ilerleyen d\u00f6nemde g\u00f6bekte kanama ya da ak\u0131nt\u0131 olursa kesinlikle doktora ba\u015fvurulmas\u0131 gerekir. G\u00f6bekte kanama i\u00e7in K vitamini yap\u0131lmas\u0131, g\u00f6bek gran\u00fclomu i\u00e7in de g\u00fcm\u00fc\u015f nitrat uygulamas\u0131 yeterli olacakt\u0131r. Ancak mutlaka doktor muayenesi ile tan\u0131 kesinle\u015fmeli ve doktor \u00f6nerisiyle tedavi uygulanmal\u0131d\u0131r.<\/p>\n<p><strong>Bebek<\/strong>, g\u00f6bek ba\u011f\u0131 d\u00fc\u015fene kadar silme banyo \u015feklinde temizlenmelidir. Silme banyo i\u00e7in kaynat\u0131lm\u0131\u015f \u0131l\u0131t\u0131lm\u0131\u015f su kullan\u0131lmal\u0131d\u0131r.<\/p>\n<figure id=\"attachment_8159\" aria-describedby=\"caption-attachment-8159\" style=\"width: 626px\" class=\"wp-caption alignnone\"><img decoding=\"async\" class=\"size-full wp-image-8159\" src=\"https:\/\/i0.wp.com\/annebebekkulubu.com\/blog\/wp-content\/uploads\/2020\/07\/yenidogan-bebek-bakimi.jpg?resize=626%2C417&#038;ssl=1\" alt=\"Yenido\u011fan bebek bak\u0131m\u0131\" width=\"626\" height=\"417\" srcset=\"https:\/\/i0.wp.com\/annebebekkulubu.com\/blog\/wp-content\/uploads\/2020\/07\/yenidogan-bebek-bakimi.jpg?w=626&amp;ssl=1 626w, https:\/\/i0.wp.com\/annebebekkulubu.com\/blog\/wp-content\/uploads\/2020\/07\/yenidogan-bebek-bakimi.jpg?resize=300%2C200&amp;ssl=1 300w\" sizes=\"(max-width: 626px) 100vw, 626px\" data-recalc-dims=\"1\" \/><figcaption id=\"caption-attachment-8159\" class=\"wp-caption-text\">Yenido\u011fan bebek bak\u0131m\u0131<\/figcaption><\/figure>\n<h2><span class=\"ez-toc-section\" id=\"Omfalit_gobek_bagi_gobek_deligi_enfeksiyonu_nedir\"><\/span><b>Omfalit (g\u00f6bek ba\u011f\u0131, g\u00f6bek deli\u011fi enfeksiyonu) nedir?<\/b><span class=\"ez-toc-section-end\"><\/span><\/h2>\n<p>G\u00f6bek ba\u011f\u0131, g\u00f6bek deli\u011fi enfeksiyonu (omfalit) her ya\u015fta olabilir ancak yenido\u011fan d\u00f6nemi (0-28 g\u00fcn) omfalit i\u00e7in \u00e7ok daha hassas olmam\u0131z gereken d\u00f6nemdir.<\/p>\n<p>Omfalit g\u00f6bek ba\u011f\u0131 d\u00fc\u015fmeden \u00f6nce veya d\u00fc\u015ft\u00fckten sonra olabilir.<\/p>\n<p>G\u00f6bek ba\u011f\u0131 bak\u0131m\u0131n\u0131n k\u00f6t\u00fc olmas\u0131 ve g\u00f6bek ba\u011f\u0131 d\u00fc\u015ft\u00fckten sonra hijyen kurallar\u0131na dikkat edilmemesi sonucu bakteriler taraf\u0131ndan (genellikle S. aureus veya E. coli) enfeksiyon olu\u015fur.<\/p>\n<p>G\u00f6bek ba\u011f\u0131n\u0131n d\u00fc\u015fmesini izleyen birka\u00e7 g\u00fcn i\u00e7inde ortaya \u00e7\u0131kan irinli ya da kanl\u0131 ak\u0131nt\u0131lar erken d\u00f6nem bir omfalitin ilk bulgusu olabilir. Enfeksiyon g\u00f6bek ba\u011f\u0131nda s\u0131n\u0131rl\u0131 kalabilece\u011fi gibi, \u00e7evre deriye s\u0131\u00e7rayarak k\u0131zar\u0131kl\u0131\u011fa neden olabilir.<\/p>\n<h2><span class=\"ez-toc-section\" id=\"Omfalit_Gobek_Bagi_Gobek_Deligi_Enfeksiyonu_Belirtileri\"><\/span><b>Omfalit (G\u00f6bek Ba\u011f\u0131, G\u00f6bek Deli\u011fi Enfeksiyonu)<\/b><b> Belirtileri<\/b><span class=\"ez-toc-section-end\"><\/span><\/h2>\n<ul>\n<li>G\u00f6bek deli\u011finden ak\u0131nt\u0131 olmas\u0131 (kanl\u0131, irinli olabilir veya olmayabilir.)<\/li>\n<li>G\u00f6bek deli\u011finin k\u00f6t\u00fc kokmas\u0131<\/li>\n<li>G\u00f6bek deli\u011finde ve etraf\u0131nda \u015fi\u015flik<\/li>\n<li>G\u00f6bek deli\u011finde ve etraf\u0131nda k\u0131zar\u0131kl\u0131k<\/li>\n<\/ul>\n<p>Bu belirtilerden biri varsa mutlaka doktora ba\u015fvurun.<\/p>\n<p>&nbsp;<\/p>\n<p>&nbsp;<\/p>\n","protected":false},"excerpt":{"rendered":"<p>G\u00f6bek ba\u011f\u0131 do\u011fumdan sonra beyaz, \u015feffaf ve parlakt\u0131r. G\u00f6bek ba\u011f\u0131n\u0131n kuru ve temiz tutulmas\u0131 ile g\u00f6bek ba\u011f\u0131 kurur ve 15 g\u00fcn i\u00e7inde (ortalama 6 &#8211; 21 g\u00fcn) d\u00fc\u015fer. Kordon d\u00fc\u015fmeden \u00f6nce g\u00f6be\u011fe herhangi bir \u015fey s\u00fcrmeye gerek yoktur. Bebe\u011finizi g\u00f6bek ba\u011f\u0131 d\u00fc\u015fene kadar banyo yapt\u0131rmay\u0131n Bebe\u011fin alt\u0131 temizlenirken g\u00f6bek kordonunun bebek bezinin i\u00e7inde kalmamas\u0131na dikkat [&hellip;]<\/p>\n","protected":false},"author":78,"featured_media":5157,"comment_status":"open","ping_status":"closed","sticky":false,"template":"","format":"standard","meta":{"jetpack_post_was_ever_published":false,"_jetpack_newsletter_access":"","_jetpack_dont_email_post_to_subs":false,"_jetpack_newsletter_tier_id":0,"_jetpack_memberships_contains_paywalled_content":false,"_jetpack_memberships_contains_paid_content":false,"footnotes":""},"categories":[6],"tags":[4276,4273,4274,4271,4275,4272],"class_list":{"0":"post-6003","1":"post","2":"type-post","3":"status-publish","4":"format-standard","5":"has-post-thumbnail","7":"category-bebek","8":"tag-bebeklerde-gobek-akintisi","9":"tag-bebeklerde-gobek-bagi","10":"tag-bebeklerde-gobek-bagi-kanamasi","11":"tag-gobek-bagi-bakimi","12":"tag-gobek-bagi-iltihabi","13":"tag-gobek-bagi-ne-zaman-duser"},"jetpack_sharing_enabled":true,"jetpack_featured_media_url":"https:\/\/i0.wp.com\/annebebekkulubu.com\/blog\/wp-content\/uploads\/2019\/09\/yenidogan-bebek-uyku.jpg?fit=626%2C417&ssl=1","jetpack-related-posts":[],"_links":{"self":[{"href":"https:\/\/annebebekkulubu.com\/blog\/wp-json\/wp\/v2\/posts\/6003","targetHints":{"allow":["GET"]}}],"collection":[{"href":"https:\/\/annebebekkulubu.com\/blog\/wp-json\/wp\/v2\/posts"}],"about":[{"href":"https:\/\/annebebekkulubu.com\/blog\/wp-json\/wp\/v2\/types\/post"}],"author":[{"embeddable":true,"href":"https:\/\/annebebekkulubu.com\/blog\/wp-json\/wp\/v2\/users\/78"}],"replies":[{"embeddable":true,"href":"https:\/\/annebebekkulubu.com\/blog\/wp-json\/wp\/v2\/comments?post=6003"}],"version-history":[{"count":0,"href":"https:\/\/annebebekkulubu.com\/blog\/wp-json\/wp\/v2\/posts\/6003\/revisions"}],"wp:featuredmedia":[{"embeddable":true,"href":"https:\/\/annebebekkulubu.com\/blog\/wp-json\/wp\/v2\/media\/5157"}],"wp:attachment":[{"href":"https:\/\/annebebekkulubu.com\/blog\/wp-json\/wp\/v2\/media?parent=6003"}],"wp:term":[{"taxonomy":"category","embeddable":true,"href":"https:\/\/annebebekkulubu.com\/blog\/wp-json\/wp\/v2\/categories?post=6003"},{"taxonomy":"post_tag","embeddable":true,"href":"https:\/\/annebebekkulubu.com\/blog\/wp-json\/wp\/v2\/tags?post=6003"}],"curies":[{"name":"wp","href":"https:\/\/api.w.org\/{rel}","templated":true}]}}