{"id":5995,"date":"2020-01-20T15:09:22","date_gmt":"2020-01-20T12:09:22","guid":{"rendered":"https:\/\/blog.annebebekkulubu.com\/?p=5995"},"modified":"2021-01-09T00:08:52","modified_gmt":"2021-01-08T21:08:52","slug":"bebekler-ne-zaman-emeklemeye-baslar","status":"publish","type":"post","link":"https:\/\/annebebekkulubu.com\/blog\/bebekler-ne-zaman-emeklemeye-baslar\/","title":{"rendered":"Bebekler ne zaman emeklemeye ba\u015flar?"},"content":{"rendered":"<div id=\"ez-toc-container\" class=\"ez-toc-v2_0_82_2 counter-hierarchy ez-toc-counter ez-toc-light-blue ez-toc-container-direction\">\n<p class=\"ez-toc-title\" style=\"cursor:inherit\">Yaz\u0131 \u0130\u00e7eri\u011fi<\/p>\n<label for=\"ez-toc-cssicon-toggle-item-69ee50458e850\" class=\"ez-toc-cssicon-toggle-label\"><span class=\"\"><span class=\"eztoc-hide\" style=\"display:none;\">Toggle<\/span><span class=\"ez-toc-icon-toggle-span\"><svg style=\"fill: #999;color:#999\" xmlns=\"http:\/\/www.w3.org\/2000\/svg\" class=\"list-377408\" width=\"20px\" height=\"20px\" viewBox=\"0 0 24 24\" fill=\"none\"><path d=\"M6 6H4v2h2V6zm14 0H8v2h12V6zM4 11h2v2H4v-2zm16 0H8v2h12v-2zM4 16h2v2H4v-2zm16 0H8v2h12v-2z\" fill=\"currentColor\"><\/path><\/svg><svg style=\"fill: #999;color:#999\" class=\"arrow-unsorted-368013\" xmlns=\"http:\/\/www.w3.org\/2000\/svg\" width=\"10px\" height=\"10px\" viewBox=\"0 0 24 24\" version=\"1.2\" baseProfile=\"tiny\"><path d=\"M18.2 9.3l-6.2-6.3-6.2 6.3c-.2.2-.3.4-.3.7s.1.5.3.7c.2.2.4.3.7.3h11c.3 0 .5-.1.7-.3.2-.2.3-.5.3-.7s-.1-.5-.3-.7zM5.8 14.7l6.2 6.3 6.2-6.3c.2-.2.3-.5.3-.7s-.1-.5-.3-.7c-.2-.2-.4-.3-.7-.3h-11c-.3 0-.5.1-.7.3-.2.2-.3.5-.3.7s.1.5.3.7z\"\/><\/svg><\/span><\/span><\/label><input type=\"checkbox\"  id=\"ez-toc-cssicon-toggle-item-69ee50458e850\"  aria-label=\"A\u00e7\/Kapat\" \/><nav><ul class='ez-toc-list ez-toc-list-level-1 ' ><li class='ez-toc-page-1 ez-toc-heading-level-2'><a class=\"ez-toc-link ez-toc-heading-1\" href=\"https:\/\/annebebekkulubu.com\/blog\/bebekler-ne-zaman-emeklemeye-baslar\/#Bebeklere_guvenli_hareket_ortami_saglamak_icin_ne_yapmak_gerekir\" >Bebeklere g\u00fcvenli hareket ortam\u0131 sa\u011flamak i\u00e7in ne yapmak gerekir?<\/a><\/li><li class='ez-toc-page-1 ez-toc-heading-level-2'><a class=\"ez-toc-link ez-toc-heading-2\" href=\"https:\/\/annebebekkulubu.com\/blog\/bebekler-ne-zaman-emeklemeye-baslar\/#Emeklemeyi_desteklemek_icin_yapilabilecekler\" >Emeklemeyi desteklemek i\u00e7in yap\u0131labilecekler<\/a><\/li><li class='ez-toc-page-1 ez-toc-heading-level-2'><a class=\"ez-toc-link ez-toc-heading-3\" href=\"https:\/\/annebebekkulubu.com\/blog\/bebekler-ne-zaman-emeklemeye-baslar\/#Bebeklerde_yurutec_kullanmak_dogru_mu\" >Bebeklerde y\u00fcr\u00fcte\u00e7 kullanmak do\u011fru mu?\u00a0<\/a><\/li><\/ul><\/nav><\/div>\n<p><strong>Bebe\u011fim ne zaman emekleyecek? Bebe\u011fimle ayn\u0131 zamanda do\u011fan bebek emekliyor ama benim bebe\u011fim emeklemiyor, bebe\u011fimin geli\u015fimi geri mi?..<\/strong> Bu sorular, annelerin \u00e7ok merak etti\u011fi, s\u0131k\u00e7a sordu\u011fu sorulardan ikisidir. \u00d6ncelikle \u015funu belirtmek gerekir; emekleme bir geli\u015fim basama\u011f\u0131 de\u011fildir. Yani biz \u00e7ocuk hekimleri \u00e7ocu\u011fun n\u00f6romotor sistem (sinir-kas sistemi) geli\u015fimini kontrol ederken emeklemeyi de\u011ferlendirmeye almay\u0131z. \u00c7\u00fcnk\u00fc baz\u0131 bebekler hi\u00e7 emeklemeden s\u0131ralamaya ve y\u00fcr\u00fcmeye ba\u015flar.<\/p>\n<p><a href=\"https:\/\/annebebekkulubu.com\/blog\/bebek\/bebeklerde-aylara-gore-noro-motor-gelisim-basamaklari\/\"><strong>Bebeklerdeki geli\u015fim basamaklar\u0131<\/strong> <\/a>her bebek i\u00e7in ayr\u0131d\u0131r, keskin bir s\u0131n\u0131r yoktur ancak yine belli zaman aral\u0131klar\u0131nda olmal\u0131d\u0131r. Bu bebe\u011fin sinir ve kas geli\u015fimine, v\u00fccudun yeterli olgunlu\u011fa ula\u015fmas\u0131na ve \u00f6\u011frenmeye ba\u011fl\u0131d\u0131r. Bir bebek 1 ayl\u0131kken ba\u015f\u0131n\u0131 dik tutabilirken, di\u011fer bebek 2.5 ayl\u0131kken ba\u015f\u0131n\u0131 dik tutar. Bu iki bebe\u011fin de geli\u015fimi normaldir. Ama <strong>en ge\u00e7 3 ayl\u0131kken ba\u015f\u0131n\u0131 dik tutabilmelidir, 3 ay\u0131n\u0131 doldurmu\u015f bir bebek ba\u015f\u0131n\u0131 dik tutam\u0131yorsa bu bir n\u00f6romotor geli\u015fim gerili\u011fidir.<\/strong><\/p>\n<p><strong>Emekleme;<\/strong> bebekler i\u00e7in bir geli\u015fim basama\u011f\u0131 olmamakla birlikte, bebekler genellikle 5. ay ile 9. ay aras\u0131nda bir zamanda emeklemeye ba\u015flar. Bebekler genelde 5.-6. aylarda destekli oturmaya, 6.-7. aylarda da desteksiz oturmaya ba\u015flar. Bu a\u015famadan sonra da emeklemeye ba\u015flarlar. Bebeklerdeki emekleme \u015fekilleri de \u00e7ok farkl\u0131 olur. <strong>Emeklemenin ilk zamanlar\u0131nda ileri, geri, yan emekleme olur, baz\u0131 bebekler komandolar gibi s\u00fcr\u00fcnerek emekler, baz\u0131 bebekler popolar\u0131 \u00fcst\u00fcnde kayarak ilerler. Burada annelere d\u00fc\u015fen bebeklerin rahat\u00e7a hareket edebilece\u011fi g\u00fcvenli bir ortam olu\u015fturmakt\u0131r.<\/strong><\/p>\n<h2><span class=\"ez-toc-section\" id=\"Bebeklere_guvenli_hareket_ortami_saglamak_icin_ne_yapmak_gerekir\"><\/span><b>Bebeklere g\u00fcvenli hareket ortam\u0131 sa\u011flamak i\u00e7in ne yapmak gerekir?<\/b><span class=\"ez-toc-section-end\"><\/span><\/h2>\n<ol>\n<li>Bebe\u011finizi s\u00fcrekli g\u00f6z \u00f6n\u00fcnde bulundurun, asla tek ba\u015f\u0131na veya k\u00fc\u00e7\u00fck karde\u015fiyle ba\u015fba\u015fa b\u0131rakmay\u0131n.<\/li>\n<li>Bebe\u011fin hareket alan\u0131n i\u00e7inde bulunan yerlerin (hal\u0131, parke, oyun hal\u0131s\u0131) temiz, tozsuz olmas\u0131n\u0131 sa\u011flay\u0131n.<\/li>\n<li>Bu aylarda bebekler her eline ald\u0131klar\u0131n\u0131 a\u011f\u0131zlar\u0131na g\u00f6t\u00fcr\u00fcrler. Yerlerde para, k\u0131r\u0131nt\u0131, k\u00fc\u00e7\u00fck oyuncak par\u00e7as\u0131 ve buna benzer par\u00e7alar\u0131n olmad\u0131\u011f\u0131ndan emin olun.<\/li>\n<li>Elektrik prizlerine koruyucu tak\u0131n, uzatma kablolar\u0131n\u0131 ula\u015famayacaklar\u0131 \u015fekilde konumland\u0131r\u0131n.<\/li>\n<li>Sehpa ve benzeri mobilyalardaki keskin k\u00f6\u015feler i\u00e7in \u00f6nlem al\u0131n.<\/li>\n<li>Al\u00e7ak seviyeli \u00e7ekmecelere kilit koyun.<\/li>\n<li>Ev i\u00e7inde merdiven varsa, merdiven \u00f6n\u00fcne mutlaka koruma, bariyer koyun.<\/li>\n<li>Kesinlikle y\u00fcr\u00fcte\u00e7 kullanmay\u0131n, y\u00fcr\u00fctecin herhangi bir yarar\u0131 yok, y\u00fcr\u00fcmeyi geciktirir ve kazalara neden olur.<\/li>\n<\/ol>\n<h2><span class=\"ez-toc-section\" id=\"Emeklemeyi_desteklemek_icin_yapilabilecekler\"><\/span><b>Emeklemeyi desteklemek i\u00e7in yap\u0131labilecekler<\/b><span class=\"ez-toc-section-end\"><\/span><\/h2>\n<ol>\n<li>Bebe\u011finiz destekli veya desteksiz oturmaya ba\u015flad\u0131ysa, yukar\u0131da bahsetti\u011fimiz g\u00fcvenli bir ortamda yere y\u00fcz\u00fckoyun b\u0131rak\u0131n.<\/li>\n<li>Sevdi\u011fi ilgisini \u00e7eken bir oyunca\u011f\u0131 \u00f6n\u00fcne b\u0131rak\u0131n, ona ula\u015fmaya \u00e7al\u0131\u015facakt\u0131r.<\/li>\n<li>Siz de onun \u00f6n\u00fcnde durun, alk\u0131\u015f, g\u00fcl\u00fcmseme ve konu\u015fmalarla onu destekleyin.<\/li>\n<li>\u0130lk zamanlarda kol ve bacaklar\u0131n\u0131 hareket ettirmesine ra\u011fmen ilerleyemeyebilir, bu durumda ayaklar\u0131ndan veya poposundan hafif bir destek verebilirsiniz.<\/li>\n<\/ol>\n<p>Bebe\u011finiz emeklemiyorsa da endi\u015fe etmeyin, baz\u0131 bebekler hi\u00e7 emeklemeden y\u00fcr\u00fcmeye ba\u015flar, ama bebe\u011finizde ba\u015fka sorunlar varsa veya geli\u015fim gerili\u011finden \u015f\u00fcpheleniyorsan\u0131z mutlaka doktorunuza ba\u015fvurun.<\/p>\n<h2><span class=\"ez-toc-section\" id=\"Bebeklerde_yurutec_kullanmak_dogru_mu\"><\/span><strong>Bebeklerde y\u00fcr\u00fcte\u00e7 kullanmak do\u011fru mu?\u00a0<\/strong><span class=\"ez-toc-section-end\"><\/span><\/h2>\n<p>Bebeklerin emekleme ve\u00a0 y\u00fcr\u00fcme d\u00f6nemlerinde bu s\u00fcreci desteklemek i\u00e7in aileler taraf\u0131ndan y\u00fcr\u00fcte\u00e7ler tercih ediliyor. Peki \u00e7ocuk sa\u011fl\u0131\u011f\u0131 a\u00e7\u0131s\u0131ndan bebeklerde y\u00fcr\u00fcte\u00e7 kullanmak do\u011fru bir davran\u0131\u015f m\u0131? Bu konuda uzman g\u00f6r\u00fc\u015flerini merak ediyorsan &#8220;<a href=\"https:\/\/annebebekkulubu.com\/blog\/bebek\/bebeklerde-yurutec-kullanmak-dogru-mu\/\"><strong>Bebeklerde y\u00fcr\u00fcte\u00e7 kullanmak do\u011fru mu?<\/strong><\/a>&#8221; yaz\u0131m\u0131z\u0131 okuyabilirsin.<\/p>\n","protected":false},"excerpt":{"rendered":"<p>Bebe\u011fim ne zaman emekleyecek? Bebe\u011fimle ayn\u0131 zamanda do\u011fan bebek emekliyor ama benim bebe\u011fim emeklemiyor, bebe\u011fimin geli\u015fimi geri mi?.. Bu sorular, annelerin \u00e7ok merak etti\u011fi, s\u0131k\u00e7a sordu\u011fu sorulardan ikisidir. \u00d6ncelikle \u015funu belirtmek gerekir; emekleme bir geli\u015fim basama\u011f\u0131 de\u011fildir. Yani biz \u00e7ocuk hekimleri \u00e7ocu\u011fun n\u00f6romotor sistem (sinir-kas sistemi) geli\u015fimini kontrol ederken emeklemeyi de\u011ferlendirmeye almay\u0131z. \u00c7\u00fcnk\u00fc baz\u0131 bebekler [&hellip;]<\/p>\n","protected":false},"author":78,"featured_media":5578,"comment_status":"open","ping_status":"closed","sticky":false,"template":"","format":"standard","meta":{"jetpack_post_was_ever_published":false,"_jetpack_newsletter_access":"","_jetpack_dont_email_post_to_subs":false,"_jetpack_newsletter_tier_id":0,"_jetpack_memberships_contains_paywalled_content":false,"_jetpack_memberships_contains_paid_content":false,"footnotes":""},"categories":[6],"tags":[4266,4268,4267,4269,4270],"class_list":{"0":"post-5995","1":"post","2":"type-post","3":"status-publish","4":"format-standard","5":"has-post-thumbnail","7":"category-bebek","8":"tag-bebeklerde-emekleme","9":"tag-bebeklerde-emekleme-asamalari","10":"tag-bebeklerde-emekleme-egitimi","11":"tag-emekleme-pozisyonu","12":"tag-emeklemeden-yuruyen-bebek"},"jetpack_sharing_enabled":true,"jetpack_featured_media_url":"https:\/\/i0.wp.com\/annebebekkulubu.com\/blog\/wp-content\/uploads\/2019\/11\/bebek-ve-bebek-doktoru4.jpg?fit=626%2C352&ssl=1","jetpack-related-posts":[],"_links":{"self":[{"href":"https:\/\/annebebekkulubu.com\/blog\/wp-json\/wp\/v2\/posts\/5995","targetHints":{"allow":["GET"]}}],"collection":[{"href":"https:\/\/annebebekkulubu.com\/blog\/wp-json\/wp\/v2\/posts"}],"about":[{"href":"https:\/\/annebebekkulubu.com\/blog\/wp-json\/wp\/v2\/types\/post"}],"author":[{"embeddable":true,"href":"https:\/\/annebebekkulubu.com\/blog\/wp-json\/wp\/v2\/users\/78"}],"replies":[{"embeddable":true,"href":"https:\/\/annebebekkulubu.com\/blog\/wp-json\/wp\/v2\/comments?post=5995"}],"version-history":[{"count":0,"href":"https:\/\/annebebekkulubu.com\/blog\/wp-json\/wp\/v2\/posts\/5995\/revisions"}],"wp:featuredmedia":[{"embeddable":true,"href":"https:\/\/annebebekkulubu.com\/blog\/wp-json\/wp\/v2\/media\/5578"}],"wp:attachment":[{"href":"https:\/\/annebebekkulubu.com\/blog\/wp-json\/wp\/v2\/media?parent=5995"}],"wp:term":[{"taxonomy":"category","embeddable":true,"href":"https:\/\/annebebekkulubu.com\/blog\/wp-json\/wp\/v2\/categories?post=5995"},{"taxonomy":"post_tag","embeddable":true,"href":"https:\/\/annebebekkulubu.com\/blog\/wp-json\/wp\/v2\/tags?post=5995"}],"curies":[{"name":"wp","href":"https:\/\/api.w.org\/{rel}","templated":true}]}}