{"id":5944,"date":"2020-01-15T18:36:46","date_gmt":"2020-01-15T15:36:46","guid":{"rendered":"https:\/\/blog.annebebekkulubu.com\/?p=5944"},"modified":"2020-01-15T20:02:57","modified_gmt":"2020-01-15T17:02:57","slug":"bebek-ve-cocuklarda-kafa-travmasi","status":"publish","type":"post","link":"https:\/\/annebebekkulubu.com\/blog\/bebek-ve-cocuklarda-kafa-travmasi\/","title":{"rendered":"Bebek ve \u00e7ocuklarda kafa travmas\u0131"},"content":{"rendered":"<p>\u00c7ocuklar ilk ad\u0131mlar\u0131 ile beraber <strong>d\u00fc\u015fme ve kafalar\u0131n\u0131 \u00e7arpma riski<\/strong> ile kar\u015f\u0131 kar\u015f\u0131yad\u0131r. \u00c7ocukluk d\u00f6nemindeki t\u00fcm ciddi d\u00fc\u015fme ve travma vakalar\u0131n\u0131n %40-50\u2019sinde kafa travmas\u0131 vard\u0131r. Kafa travmas\u0131 ortalama y\u00fczbinde 230 vaka ile pediatrik sa\u011fl\u0131k problemlerinde \u00f6nemli bir yer almaktad\u0131r. <strong>A\u011f\u0131r kafa travmas\u0131n\u0131n \u00e7ocuk ve yenido\u011fanda g\u00f6r\u00fclme s\u0131kl\u0131\u011f\u0131 d\u00fcnyada ve \u00fclkemizde %7-15 aras\u0131nda rapor edilmi\u015ftir.<\/strong><\/p>\n<p><strong>Evlerde \u00e7ocuklar i\u00e7in tehlike i\u00e7eren alanlar ve e\u015fyalar aras\u0131nda masalar, ranzalar, i\u00e7i da\u011f\u0131n\u0131k dolaplar, elbise de\u011fi\u015ftirilen odalar, korumas\u0131z sandalyeler, y\u00fcr\u00fcte\u00e7ler, korkuluksuz yataklar, merdivenler g\u00f6sterilebilir<\/strong>. \u00c7ocuklar biraz b\u00fcy\u00fcd\u00fckten sonra ise <strong>kazalar\u0131n daha \u00e7ok oyun alanlar\u0131nda, y\u00fcksekten d\u00fc\u015fme ve ya bisikletten d\u00fc\u015fme gibi fiziksel aktiviteler s\u0131ras\u0131nda meydana geldi\u011fi g\u00f6r\u00fclmektedir<\/strong>. \u00c7ocukluk \u00e7a\u011f\u0131nda ya\u015fanan <strong>kafa travmalar\u0131n\u0131n b\u00fcy\u00fck bir \u00e7o\u011funlu\u011fu ciddi sa\u011fl\u0131k sorunlara neden olmamaktad\u0131r.<\/strong> Hafif travmalarda, e\u011fer \u00e7ocu\u011fu g\u00f6zleyebilecek g\u00fcvenilir bir eri\u015fkin varsa hasta evde izlenebilir. Ancak a\u015fa\u011f\u0131daki durumlar\u0131n varl\u0131\u011f\u0131nda mutlaka acil servislere vakit kaybetmeden ba\u015fvurulmal\u0131d\u0131r:<\/p>\n<p>*Be\u015f dakikadan uzun s\u00fcren bilin\u00e7 kayb\u0131<br \/>\n*Tekrarlayan kusmalar<br \/>\n*Sa\u00e7l\u0131 deride geni\u015fleyen \u015fi\u015flik<br \/>\n*Kulak veya burundan kan ya da saydam renkli s\u0131v\u0131 gelmesi<br \/>\n*Bay\u0131lma, anlama ve konu\u015fma problemi<br \/>\n*F\u0131\u015fk\u0131r\u0131r tarzda kusma<br \/>\n*Denge kayb\u0131 veya y\u00fcr\u00fcmede problem<br \/>\n*Epilepsi (sara n\u00f6beti) veya kas\u0131lmalar<br \/>\n*Bulan\u0131k, \u00e7ift g\u00f6rme veya ani g\u00f6rme kayb\u0131<br \/>\n*Her iki kolda veya bacakta g\u00fc\u00e7s\u00fczl\u00fck<br \/>\n*<strong>Bebeklerde huzursuzluk, sebepsiz a\u011flama, etrafa ilginin azalmas\u0131, emmede ve<\/strong><br \/>\n<strong>yemede azalma<\/strong><br \/>\n*Ge\u00e7mi\u015fte kanama hastal\u0131\u011f\u0131na sahip olma<br \/>\n*Sars\u0131lm\u0131\u015f \u00e7ocuk sendromu ku\u015fkusuna sahip olma<\/p>\n<p>Hastaneye ba\u015fvuru s\u00fcrecinde \u00e7ocu\u011fun havayolunun a\u00e7\u0131k olmas\u0131na ve travma<br \/>\nb\u00f6lgesinin sabitlenmesine dikkat edilmelidir. <strong>Kafa travmalar\u0131<\/strong> klinik belirtilere g\u00f6re hafif, orta ve a\u011f\u0131r olarak s\u0131n\u0131fland\u0131r\u0131l\u0131r ve klini\u011fin \u015fiddetine g\u00f6re tedavi planlan\u0131r.Kafa travmalar\u0131n\u0131n yaratt\u0131\u011f\u0131 etkinin belirlenmesinde fizik muayeneye g\u00f6re de\u011fi\u015fmekle birlikte tomografi ve ya magnetik rezonans g\u00f6r\u00fcnt\u00fcleme \u00f6nemli bir yer tutmaktad\u0131r. Ancak hafif travmalarda genellikle bu tetkik gerekli olmamaktad\u0131r. Bu konuda doktorun tavsiyeleri \u00f6nemlidir.<\/p>\n<p><strong>Ailelere \u00f6neriler:<\/strong><br \/>\n*Kafa travmas\u0131n\u0131n ard\u0131ndan \u00e7ocuk m\u00fcmk\u00fcn oldu\u011fu kadar az hareket<br \/>\nettirilmelidir.<br \/>\n*Kafada travmaya ait \u015fi\u015flik ya da a\u00e7\u0131k yara olup olmad\u0131\u011f\u0131 kontrol<br \/>\nedilmelidir.<br \/>\n*Travma sonras\u0131 ciltte kanamaya neden olan bir yara ya da kesi varsa<br \/>\nsteril bir gazl\u0131 bez veya temiz tampon uygulanarak kanama durdurulmad\u0131r.<br \/>\n*Yara sadece su ile y\u0131kanmal\u0131d\u0131r.<br \/>\n*Travman\u0131n oldu\u011fu b\u00f6lgeye so\u011fuk uygulamas\u0131 morarmay\u0131<br \/>\ngiderebilece\u011fi gibi \u015fi\u015fli\u011fin artmas\u0131n\u0131 da \u00f6nlemektedir.<br \/>\n*\u00c7ocu\u011fun bir s\u00fcre dinlendirilmesi ve stresten uzak durmas\u0131<br \/>\nsa\u011flanmal\u0131d\u0131r<br \/>\n*\u0130lk 24 saat i\u00e7inde kendili\u011finden ve f\u0131\u015fk\u0131r\u0131r tarzda kusmalar ya\u015fan\u0131rsa<br \/>\nen k\u0131sa s\u00fcrede donan\u0131ml\u0131 bir sa\u011fl\u0131k kurulu\u015funa ba\u015fvurulmal\u0131d\u0131r.<br \/>\n*\u015eikayeti olmayan \u00e7ocuklarda normal beslenme ve uyku d\u00fczenine<br \/>\ndevam edilip 2 saat arayla \u00e7ocuktaki belirtiler kontrol edilmelidir. Uyuyorsa<br \/>\nuyand\u0131r\u0131l\u0131p, konu\u015fmas\u0131na ve uyan\u0131kl\u0131\u011f\u0131na bak\u0131lmal\u0131d\u0131r.<br \/>\n*Kanama bozuklu\u011fu gibi sistemik bilinen bir rahats\u0131zl\u0131\u011f\u0131 olan, kalp<br \/>\nhastal\u0131\u011f\u0131 nedeniyle kan suland\u0131r\u0131c\u0131 kullan\u0131lan \u00e7ocuklar hi\u00e7bir belirtiye<br \/>\nbak\u0131lmaks\u0131z\u0131n k\u0131sa s\u00fcrede bir uzmana g\u00f6sterilmelidir.<\/p>\n<p>Son olarak <strong>bebeklerimizi penceresi a\u00e7\u0131k olan odalarda yaln\u0131z b\u0131rakmamal\u0131, balkon<\/strong><br \/>\n<strong>demirlerine \u00e7ok yakla\u015ft\u0131rmamal\u0131, masa yada \u015fifoniyer gibi yerlere \u00e7\u0131kmamalar\u0131<\/strong><br \/>\n<strong>sa\u011flanmal\u0131,<\/strong> \u00e7ocuklar bisiklete binerken mutlaka ba\u015fl\u0131k takmal\u0131, arabalar\u0131m\u0131zda<br \/>\nmutlaka kendilerine ait \u00e7ocuk oto koltu\u011funa oturtulmal\u0131d\u0131rlar.<\/p>\n","protected":false},"excerpt":{"rendered":"<p>\u00c7ocuklar ilk ad\u0131mlar\u0131 ile beraber d\u00fc\u015fme ve kafalar\u0131n\u0131 \u00e7arpma riski ile kar\u015f\u0131 kar\u015f\u0131yad\u0131r. \u00c7ocukluk d\u00f6nemindeki t\u00fcm ciddi d\u00fc\u015fme ve travma vakalar\u0131n\u0131n %40-50\u2019sinde kafa travmas\u0131 vard\u0131r. Kafa travmas\u0131 ortalama y\u00fczbinde 230 vaka ile pediatrik sa\u011fl\u0131k problemlerinde \u00f6nemli bir yer almaktad\u0131r. A\u011f\u0131r kafa travmas\u0131n\u0131n \u00e7ocuk ve yenido\u011fanda g\u00f6r\u00fclme s\u0131kl\u0131\u011f\u0131 d\u00fcnyada ve \u00fclkemizde %7-15 aras\u0131nda rapor edilmi\u015ftir. Evlerde [&hellip;]<\/p>\n","protected":false},"author":76,"featured_media":3862,"comment_status":"open","ping_status":"closed","sticky":false,"template":"","format":"standard","meta":{"jetpack_post_was_ever_published":false,"_jetpack_newsletter_access":"","_jetpack_dont_email_post_to_subs":false,"_jetpack_newsletter_tier_id":0,"_jetpack_memberships_contains_paywalled_content":false,"_jetpack_memberships_contains_paid_content":false,"footnotes":""},"categories":[6],"tags":[4229,4230,4231,4232],"class_list":{"0":"post-5944","1":"post","2":"type-post","3":"status-publish","4":"format-standard","5":"has-post-thumbnail","7":"category-bebek","8":"tag-bebeklerde-kafa-carpmasi","9":"tag-bebeklerde-kafa-travmasi","10":"tag-kada-travmasi-belirtileri","11":"tag-kafa-travmasi-48-saat"},"jetpack_sharing_enabled":true,"jetpack_featured_media_url":"https:\/\/i0.wp.com\/annebebekkulubu.com\/blog\/wp-content\/uploads\/2019\/04\/aglayan-bebek3.jpg?fit=626%2C417&ssl=1","jetpack-related-posts":[],"_links":{"self":[{"href":"https:\/\/annebebekkulubu.com\/blog\/wp-json\/wp\/v2\/posts\/5944","targetHints":{"allow":["GET"]}}],"collection":[{"href":"https:\/\/annebebekkulubu.com\/blog\/wp-json\/wp\/v2\/posts"}],"about":[{"href":"https:\/\/annebebekkulubu.com\/blog\/wp-json\/wp\/v2\/types\/post"}],"author":[{"embeddable":true,"href":"https:\/\/annebebekkulubu.com\/blog\/wp-json\/wp\/v2\/users\/76"}],"replies":[{"embeddable":true,"href":"https:\/\/annebebekkulubu.com\/blog\/wp-json\/wp\/v2\/comments?post=5944"}],"version-history":[{"count":0,"href":"https:\/\/annebebekkulubu.com\/blog\/wp-json\/wp\/v2\/posts\/5944\/revisions"}],"wp:featuredmedia":[{"embeddable":true,"href":"https:\/\/annebebekkulubu.com\/blog\/wp-json\/wp\/v2\/media\/3862"}],"wp:attachment":[{"href":"https:\/\/annebebekkulubu.com\/blog\/wp-json\/wp\/v2\/media?parent=5944"}],"wp:term":[{"taxonomy":"category","embeddable":true,"href":"https:\/\/annebebekkulubu.com\/blog\/wp-json\/wp\/v2\/categories?post=5944"},{"taxonomy":"post_tag","embeddable":true,"href":"https:\/\/annebebekkulubu.com\/blog\/wp-json\/wp\/v2\/tags?post=5944"}],"curies":[{"name":"wp","href":"https:\/\/api.w.org\/{rel}","templated":true}]}}