{"id":5795,"date":"2019-12-16T19:08:28","date_gmt":"2019-12-16T16:08:28","guid":{"rendered":"https:\/\/blog.annebebekkulubu.com\/?p=5795"},"modified":"2019-12-16T19:08:28","modified_gmt":"2019-12-16T16:08:28","slug":"bebeklerde-emzirme-sikligi-ne-olmalidir","status":"publish","type":"post","link":"https:\/\/annebebekkulubu.com\/blog\/bebeklerde-emzirme-sikligi-ne-olmalidir\/","title":{"rendered":"Bebeklerde emzirme s\u0131kl\u0131\u011f\u0131 ne olmal\u0131d\u0131r?"},"content":{"rendered":"<p><b>Bebeklerde emzirme s\u0131kl\u0131\u011f\u0131 ne olmal\u0131d\u0131r? Ne s\u0131kl\u0131kla emzirmeliyim? Yenido\u011fan bebeklerde gece ve g\u00fcnd\u00fcz emzirme s\u0131kl\u0131\u011f\u0131 nas\u0131l olmal\u0131d\u0131r? Yrd. Do\u00e7. Dr. Reyhan Erol, bebe\u011fin ay\u0131na ve ya\u015f\u0131na ortalama emzirme s\u00fcrelerini yazd\u0131. <\/b><\/p>\n<p><b>Yenido\u011fan bebeklerde<br \/>\n<\/b><span style=\"font-weight: 400;\">Yenido\u011fan d\u00f6neminde bebe\u011finizi her istedik\u00e7e emzirebilirsiniz. <strong>Emzirme aral\u0131\u011f\u0131 3 saati ge\u00e7memelidir.<\/strong> (Emzirme aral\u0131\u011f\u0131, bir emzirmenin biti\u015finden, di\u011fer emzirme seans\u0131 ba\u015flay\u0131ncaya kadar gecen s\u00fcredir).\u00a0 Bu d\u00f6nemde <strong>bebekler<\/strong>, g\u00fcnde 8-10 defa emebilirler. Tek meme i\u00e7in emzirme s\u00fcresi 20 dakika yeterlidir. <strong>Memede uyumamas\u0131 i\u00e7in<\/strong>, bebe\u011fi terletecek giysilerin olmamas\u0131 ve ortam s\u0131cakl\u0131\u011f\u0131 \u00f6nemlidir.\u00a0<\/span><\/p>\n<p><span style=\"font-weight: 400;\">\u00d6zellikle <strong>yenido\u011fan d\u00f6neminde emzirme<\/strong> s\u0131kl\u0131\u011f\u0131n\u0131n 4 saati ge\u00e7ti\u011fi durumlarda bebeklerin kan \u015fekeri d\u00fc\u015febilir, yenido\u011fan sar\u0131l\u0131\u011f\u0131 artabilir, annenin s\u00fct miktar\u0131da azalabilir. Bu nedenle\u00a0 yenido\u011fan d\u00f6neminde bebe\u011finizi 3 saat ara ile emziriniz.<\/span><\/p>\n<p><span style=\"font-weight: 400;\"><strong>Kolikli bebekler<\/strong>, a\u00e7 olmad\u0131klar\u0131 d\u00f6nemde zamanlarda bile emmek isterler. Emmek bebe\u011fi rahatlat\u0131r. Bu nedenle kolikli bebeklerde annenin dinlenmesi a\u00e7\u0131s\u0131ndan, emzik kullan\u0131labilir.\u00a0<\/span><\/p>\n<p><span style=\"font-weight: 400;\">\u00d6NEML\u0130: Sevgili Anneler, istirahatte ve uykuda s\u00fct \u00fcretimi artar. Bu nedenle istirahat etmeyi g\u00fcnde en 7 saat uyumay\u0131 ihmal etmeyin.<\/span><\/p>\n<p><b>1- 4 AY BEBEKLERDE<\/b><\/p>\n<p><span style=\"font-weight: 400;\"><strong>G\u00fcnd\u00fczleri emzirme s\u0131kl\u0131\u011f\u0131\u00a0 d\u00f6rt saati ge\u00e7memedir<\/strong>. Yine her istedik\u00e7e emzirebilirsiniz. Geceleri ise uyanm\u0131yorsa emzirmek zorunda de\u011filsiniz. Ama benim \u00f6nerim, d\u00f6rt saati gecmeden geceleride emzirmeniz. Geceleri emzirmek i\u00e7in kuca\u011f\u0131n\u0131za ald\u0131\u011f\u0131n\u0131zda\u00a0 bebekler hemen aran\u0131r. Hi\u00e7 konu\u015fmadam emzirirseniz, hem uykusu a\u00e7\u0131lmaz hem de doyar.\u00a0<\/span><\/p>\n<p><span style=\"font-weight: 400;\">\u00d6NEML\u0130!: 3.ayda,\u00a0 bir ay s\u00fcren ge\u00e7ici <strong>meme reddi<\/strong> olabilir. Bu d\u00f6nemde g\u00fcnd\u00fczleri emmeyi reddederken, gece emerler. Moralinizi bozmay\u0131n. Bu s\u00fcre ge\u00e7icidir. Emzirmeye devam edin.<\/span><\/p>\n<p><b>4 AY &#8211; 12 AY BEBEKLERDE<\/b><\/p>\n<p><span style=\"font-weight: 400;\">Her istedik\u00e7e verebilirsiniz. Bu d\u00f6nemde gece emzirmenize gerek yok. Bu d\u00f6nemde en \u00f6nemli dikkat edilmesi gereken ayr\u0131nt\u0131, bebe\u011fin memede uyumamas\u0131. \u00c7\u00fcnk\u00fc anne memesini emzik gibi kullanmaya ba\u015flarsa, bebe\u011finiz s\u0131k uyanacakt\u0131r. Bu d\u00f6nemde, \u00e7ene kaslar\u0131da g\u00fc\u00e7lendi\u011fi i\u00e7in 10 dakikada bile doyarlar.<\/span><\/p>\n<p><b>12 AY &#8211; 24 AY BEBEKLERDE<\/b><\/p>\n<p><span style=\"font-weight: 400;\">Bu d\u00f6nemde her istedik\u00e7e bebe\u011finizi emzirirseniz, bir s\u00fcre sonra\u00a0 <strong>bebek memeyi emzik gibi kullanmaya ba\u015flayacakt\u0131r.<\/strong> Ac\u0131kt\u0131\u011f\u0131nda de\u011fil her a\u011flad\u0131k\u00e7a, her can\u0131 s\u0131k\u0131ld\u0131k\u00e7a emmek isteyecektir. E\u011fer \u00e7ok s\u0131k emzirirseniz yani g\u00fcnde 10 -12\u00a0 defa <strong>uyku d\u00fczeni<\/strong> bozulaca\u011f\u0131 gibi i\u015ftahs\u0131zl\u0131kta g\u00f6r\u00fclebilir .\u00a0<\/span><\/p>\n<p><span style=\"font-weight: 400;\">Bu d\u00f6nemde, <strong>g\u00fcnl\u00fck emzirme say\u0131s\u0131 4-5 kere<\/strong> olmal\u0131d\u0131r. <strong>Gece emzirme yapman\u0131z gerekli de\u011fildir.<\/strong> Gece uykusuna baslarken bebe\u011fin tok olmas\u0131 \u00f6nemli. B\u00f6ylece gece s\u0131k uyanmayacakt\u0131r. Gece uyand\u0131\u011f\u0131nda emzirmek yerine su ikram ederseniz, zamanla uykusu derinle\u015fecek ve uyku s\u00fcresi uzayacakt\u0131r.<\/span><\/p>\n<p>&nbsp;<\/p>\n<p>&nbsp;<\/p>\n","protected":false},"excerpt":{"rendered":"<p>Bebeklerde emzirme s\u0131kl\u0131\u011f\u0131 ne olmal\u0131d\u0131r? Ne s\u0131kl\u0131kla emzirmeliyim? Yenido\u011fan bebeklerde gece ve g\u00fcnd\u00fcz emzirme s\u0131kl\u0131\u011f\u0131 nas\u0131l olmal\u0131d\u0131r? Yrd. Do\u00e7. Dr. Reyhan Erol, bebe\u011fin ay\u0131na ve ya\u015f\u0131na ortalama emzirme s\u00fcrelerini yazd\u0131. Yenido\u011fan bebeklerde Yenido\u011fan d\u00f6neminde bebe\u011finizi her istedik\u00e7e emzirebilirsiniz. Emzirme aral\u0131\u011f\u0131 3 saati ge\u00e7memelidir. (Emzirme aral\u0131\u011f\u0131, bir emzirmenin biti\u015finden, di\u011fer emzirme seans\u0131 ba\u015flay\u0131ncaya kadar gecen s\u00fcredir).\u00a0 [&hellip;]<\/p>\n","protected":false},"author":56,"featured_media":425,"comment_status":"open","ping_status":"closed","sticky":false,"template":"","format":"standard","meta":{"jetpack_post_was_ever_published":false,"_jetpack_newsletter_access":"","_jetpack_dont_email_post_to_subs":false,"_jetpack_newsletter_tier_id":0,"_jetpack_memberships_contains_paywalled_content":false,"_jetpack_memberships_contains_paid_content":false,"footnotes":""},"categories":[119],"tags":[4129,4128,4130,4127,4132,4126,4062,4131],"class_list":{"0":"post-5795","1":"post","2":"type-post","3":"status-publish","4":"format-standard","5":"has-post-thumbnail","7":"category-emzirme","8":"tag-1-aylik-bebek-ne-siklikla-emzirilmeli","9":"tag-4-aylik-bebek-emizrme-sikligi","10":"tag-5-aylik-bebek-emzirme-sikligi","11":"tag-bebeklerde-aylara-gore-emzirme-sikligi","12":"tag-bebeklerde-emzirme-duzeni","13":"tag-bebeklerde-emzirme-sikligi","14":"tag-emmeyi-reddeden-bebege-ne-yapmali","15":"tag-yenidogan-gece-emzirme"},"jetpack_sharing_enabled":true,"jetpack_featured_media_url":"https:\/\/i0.wp.com\/annebebekkulubu.com\/blog\/wp-content\/uploads\/2018\/03\/emzirme-yenidogan.jpg?fit=800%2C517&ssl=1","jetpack-related-posts":[],"_links":{"self":[{"href":"https:\/\/annebebekkulubu.com\/blog\/wp-json\/wp\/v2\/posts\/5795","targetHints":{"allow":["GET"]}}],"collection":[{"href":"https:\/\/annebebekkulubu.com\/blog\/wp-json\/wp\/v2\/posts"}],"about":[{"href":"https:\/\/annebebekkulubu.com\/blog\/wp-json\/wp\/v2\/types\/post"}],"author":[{"embeddable":true,"href":"https:\/\/annebebekkulubu.com\/blog\/wp-json\/wp\/v2\/users\/56"}],"replies":[{"embeddable":true,"href":"https:\/\/annebebekkulubu.com\/blog\/wp-json\/wp\/v2\/comments?post=5795"}],"version-history":[{"count":0,"href":"https:\/\/annebebekkulubu.com\/blog\/wp-json\/wp\/v2\/posts\/5795\/revisions"}],"wp:featuredmedia":[{"embeddable":true,"href":"https:\/\/annebebekkulubu.com\/blog\/wp-json\/wp\/v2\/media\/425"}],"wp:attachment":[{"href":"https:\/\/annebebekkulubu.com\/blog\/wp-json\/wp\/v2\/media?parent=5795"}],"wp:term":[{"taxonomy":"category","embeddable":true,"href":"https:\/\/annebebekkulubu.com\/blog\/wp-json\/wp\/v2\/categories?post=5795"},{"taxonomy":"post_tag","embeddable":true,"href":"https:\/\/annebebekkulubu.com\/blog\/wp-json\/wp\/v2\/tags?post=5795"}],"curies":[{"name":"wp","href":"https:\/\/api.w.org\/{rel}","templated":true}]}}