{"id":5171,"date":"2019-09-10T09:00:25","date_gmt":"2019-09-10T06:00:25","guid":{"rendered":"https:\/\/blog.annebebekkulubu.com\/?p=5171"},"modified":"2024-01-14T00:29:27","modified_gmt":"2024-01-13T21:29:27","slug":"bebek-ve-cocuklarda-besin-alerjisi-nasil-anlasilir","status":"publish","type":"post","link":"https:\/\/annebebekkulubu.com\/blog\/bebek-ve-cocuklarda-besin-alerjisi-nasil-anlasilir\/","title":{"rendered":"Bebek ve \u00e7ocuklarda besin alerjisi nas\u0131l anla\u015f\u0131l\u0131r?\u00a0"},"content":{"rendered":"<div id=\"ez-toc-container\" class=\"ez-toc-v2_0_82_2 counter-hierarchy ez-toc-counter ez-toc-light-blue ez-toc-container-direction\">\n<p class=\"ez-toc-title\" style=\"cursor:inherit\">Yaz\u0131 \u0130\u00e7eri\u011fi<\/p>\n<label for=\"ez-toc-cssicon-toggle-item-69ee2393194a6\" class=\"ez-toc-cssicon-toggle-label\"><span class=\"\"><span class=\"eztoc-hide\" style=\"display:none;\">Toggle<\/span><span class=\"ez-toc-icon-toggle-span\"><svg style=\"fill: #999;color:#999\" xmlns=\"http:\/\/www.w3.org\/2000\/svg\" class=\"list-377408\" width=\"20px\" height=\"20px\" viewBox=\"0 0 24 24\" fill=\"none\"><path d=\"M6 6H4v2h2V6zm14 0H8v2h12V6zM4 11h2v2H4v-2zm16 0H8v2h12v-2zM4 16h2v2H4v-2zm16 0H8v2h12v-2z\" fill=\"currentColor\"><\/path><\/svg><svg style=\"fill: #999;color:#999\" class=\"arrow-unsorted-368013\" xmlns=\"http:\/\/www.w3.org\/2000\/svg\" width=\"10px\" height=\"10px\" viewBox=\"0 0 24 24\" version=\"1.2\" baseProfile=\"tiny\"><path d=\"M18.2 9.3l-6.2-6.3-6.2 6.3c-.2.2-.3.4-.3.7s.1.5.3.7c.2.2.4.3.7.3h11c.3 0 .5-.1.7-.3.2-.2.3-.5.3-.7s-.1-.5-.3-.7zM5.8 14.7l6.2 6.3 6.2-6.3c.2-.2.3-.5.3-.7s-.1-.5-.3-.7c-.2-.2-.4-.3-.7-.3h-11c-.3 0-.5.1-.7.3-.2.2-.3.5-.3.7s.1.5.3.7z\"\/><\/svg><\/span><\/span><\/label><input type=\"checkbox\"  id=\"ez-toc-cssicon-toggle-item-69ee2393194a6\"  aria-label=\"A\u00e7\/Kapat\" \/><nav><ul class='ez-toc-list ez-toc-list-level-1 ' ><li class='ez-toc-page-1 ez-toc-heading-level-2'><a class=\"ez-toc-link ez-toc-heading-1\" href=\"https:\/\/annebebekkulubu.com\/blog\/bebek-ve-cocuklarda-besin-alerjisi-nasil-anlasilir\/#Bebek_ve_cocuklarda_besin_alerjisi_nasil_anlasilir\" >Bebek ve \u00e7ocuklarda besin alerjisi nas\u0131l anla\u015f\u0131l\u0131r?\u00a0<\/a><\/li><li class='ez-toc-page-1 ez-toc-heading-level-2'><a class=\"ez-toc-link ez-toc-heading-2\" href=\"https:\/\/annebebekkulubu.com\/blog\/bebek-ve-cocuklarda-besin-alerjisi-nasil-anlasilir\/#Besin_alerjisi_nedir_Bebeklerde_besin_alerjisi_nasil_anlasilir\" >Besin alerjisi nedir? Bebeklerde besin alerjisi nas\u0131l anla\u015f\u0131l\u0131r?\u00a0\u00a0<\/a><\/li><li class='ez-toc-page-1 ez-toc-heading-level-2'><a class=\"ez-toc-link ez-toc-heading-3\" href=\"https:\/\/annebebekkulubu.com\/blog\/bebek-ve-cocuklarda-besin-alerjisi-nasil-anlasilir\/#Besin_alerjisi_belirtileri_nelerdir_Besin_alerji_belirtisi_gorunce_ne_yapmali\" >Besin alerjisi belirtileri nelerdir? Besin alerji belirtisi g\u00f6r\u00fcnce ne yapmal\u0131?<\/a><\/li><li class='ez-toc-page-1 ez-toc-heading-level-2'><a class=\"ez-toc-link ez-toc-heading-4\" href=\"https:\/\/annebebekkulubu.com\/blog\/bebek-ve-cocuklarda-besin-alerjisi-nasil-anlasilir\/#Besin_alerjisi_neden_olur_Hangi_besinler_alerjiye_neden_olur\" >Besin alerjisi neden olur? Hangi besinler alerjiye neden olur?\u00a0<\/a><\/li><li class='ez-toc-page-1 ez-toc-heading-level-2'><a class=\"ez-toc-link ez-toc-heading-5\" href=\"https:\/\/annebebekkulubu.com\/blog\/bebek-ve-cocuklarda-besin-alerjisi-nasil-anlasilir\/#Bebek_ve_cocuklarda_besin_alerjisinin_gorulme_sikligi_nedir\" >Bebek ve \u00e7ocuklarda besin alerjisinin g\u00f6r\u00fclme s\u0131kl\u0131\u011f\u0131 nedir?<\/a><\/li><li class='ez-toc-page-1 ez-toc-heading-level-2'><a class=\"ez-toc-link ez-toc-heading-6\" href=\"https:\/\/annebebekkulubu.com\/blog\/bebek-ve-cocuklarda-besin-alerjisi-nasil-anlasilir\/#Anne_sutu_alan_bebeklerde_sut_alerjisi_varsa_nasil_ilerlemek_gerekir\" >Anne s\u00fct\u00fc alan bebeklerde s\u00fct alerjisi varsa nas\u0131l ilerlemek gerekir?<\/a><\/li><li class='ez-toc-page-1 ez-toc-heading-level-2'><a class=\"ez-toc-link ez-toc-heading-7\" href=\"https:\/\/annebebekkulubu.com\/blog\/bebek-ve-cocuklarda-besin-alerjisi-nasil-anlasilir\/#Bebegimizin_sut_alerjisi_varsa_keci_sutu_mamasi_kullanabilir_miyiz_Inek_sutu_alerjisi_olan_bebeklere_keci_sutu_verilir_mi\" >Bebe\u011fimizin s\u00fct alerjisi varsa ke\u00e7i s\u00fct\u00fc mamas\u0131 kullanabilir miyiz? \u0130nek s\u00fct\u00fc alerjisi olan bebeklere ke\u00e7i s\u00fct\u00fc verilir mi?\u00a0<\/a><\/li><li class='ez-toc-page-1 ez-toc-heading-level-2'><a class=\"ez-toc-link ez-toc-heading-8\" href=\"https:\/\/annebebekkulubu.com\/blog\/bebek-ve-cocuklarda-besin-alerjisi-nasil-anlasilir\/#Alerjik_bebekler_nasil_beslenmeli_Mama_secimi_yaparken_aileler_nelere_dikkat_etmeli\" >Alerjik bebekler nas\u0131l beslenmeli? Mama se\u00e7imi yaparken aileler nelere dikkat etmeli?\u00a0<\/a><\/li><li class='ez-toc-page-1 ez-toc-heading-level-2'><a class=\"ez-toc-link ez-toc-heading-9\" href=\"https:\/\/annebebekkulubu.com\/blog\/bebek-ve-cocuklarda-besin-alerjisi-nasil-anlasilir\/#GDOlu_ve_katki_maddeli_yiyecekler_alerjiye_neden_olur_mu\" >GDO\u2019lu ve katk\u0131 maddeli yiyecekler alerjiye neden olur mu?\u00a0<\/a><\/li><li class='ez-toc-page-1 ez-toc-heading-level-2'><a class=\"ez-toc-link ez-toc-heading-10\" href=\"https:\/\/annebebekkulubu.com\/blog\/bebek-ve-cocuklarda-besin-alerjisi-nasil-anlasilir\/#Cocuklarda_besin_alerjisi_buyuyunce_gecer_mi\" >\u00c7ocuklarda besin alerjisi b\u00fcy\u00fcy\u00fcnce ge\u00e7er mi?<\/a><\/li><li class='ez-toc-page-1 ez-toc-heading-level-2'><a class=\"ez-toc-link ez-toc-heading-11\" href=\"https:\/\/annebebekkulubu.com\/blog\/bebek-ve-cocuklarda-besin-alerjisi-nasil-anlasilir\/#En_cok_alerji_yapan_besinler_hangileridir\" >En \u00e7ok alerji yapan besinler hangileridir?<\/a><\/li><li class='ez-toc-page-1 ez-toc-heading-level-2'><a class=\"ez-toc-link ez-toc-heading-12\" href=\"https:\/\/annebebekkulubu.com\/blog\/bebek-ve-cocuklarda-besin-alerjisi-nasil-anlasilir\/#Bebeklerde_bal_alerjisi_nasil_anlasilir_Bebeklere_bal_ne_zaman_verilebilir\" >Bebeklerde bal alerjisi nas\u0131l anla\u015f\u0131l\u0131r? Bebeklere bal ne zaman verilebilir?\u00a0<\/a><\/li><li class='ez-toc-page-1 ez-toc-heading-level-2'><a class=\"ez-toc-link ez-toc-heading-13\" href=\"https:\/\/annebebekkulubu.com\/blog\/bebek-ve-cocuklarda-besin-alerjisi-nasil-anlasilir\/#Bebeklerde_polen_alerjisi_nasil_anlasilir_Bebeklerde_polen_alerjisine_ne_iyi_gelir\" >Bebeklerde polen alerjisi nas\u0131l anla\u015f\u0131l\u0131r? Bebeklerde polen alerjisine ne iyi gelir?\u00a0<\/a><\/li><li class='ez-toc-page-1 ez-toc-heading-level-2'><a class=\"ez-toc-link ez-toc-heading-14\" href=\"https:\/\/annebebekkulubu.com\/blog\/bebek-ve-cocuklarda-besin-alerjisi-nasil-anlasilir\/#Besin_alerjisi_testi_nedir\" >Besin alerjisi testi nedir?<\/a><\/li><li class='ez-toc-page-1 ez-toc-heading-level-2'><a class=\"ez-toc-link ez-toc-heading-15\" href=\"https:\/\/annebebekkulubu.com\/blog\/bebek-ve-cocuklarda-besin-alerjisi-nasil-anlasilir\/#Besin_alerjisi_testi_nasil_yapilir_Gida_intoleransi_testi_ile_besin_alerji_testi_ayni_mi\" >Besin alerjisi testi nas\u0131l yap\u0131l\u0131r? G\u0131da int\u00f6lerans\u0131 testi ile besin alerji testi ayn\u0131 m\u0131?<\/a><\/li><li class='ez-toc-page-1 ez-toc-heading-level-2'><a class=\"ez-toc-link ez-toc-heading-16\" href=\"https:\/\/annebebekkulubu.com\/blog\/bebek-ve-cocuklarda-besin-alerjisi-nasil-anlasilir\/#Bebeklerde_besin_alerjisi_tedavisi_nasil_yapilir\" >Bebeklerde besin alerjisi tedavisi nas\u0131l yap\u0131l\u0131r?<\/a><\/li><li class='ez-toc-page-1 ez-toc-heading-level-2'><a class=\"ez-toc-link ez-toc-heading-17\" href=\"https:\/\/annebebekkulubu.com\/blog\/bebek-ve-cocuklarda-besin-alerjisi-nasil-anlasilir\/#Besin_alerjisinden_korunmak_icin_nelere_dikkat_etmek_gerekir\" >Besin alerjisinden korunmak i\u00e7in nelere dikkat etmek gerekir?<\/a><\/li><\/ul><\/nav><\/div>\n<p><strong>Bebek ve \u00e7ocuklarda besin alerjisi belirtileri nelerdir, alerji nas\u0131l anla\u015f\u0131l\u0131r?<\/strong> Besin alerjisi belirtisi g\u00f6r\u00fcnce ne yapmal\u0131? Alerji yapan besinler nelerdir? <strong>Bebe\u011fi besin alerjisi olan anneler<\/strong> nelere dikkat etmeli?\u00a0 Besin alerjisinden korunmak i\u00e7in nelere dikkat etmek gerekir? <strong>\u00c7ocuk Allerji ve Ast\u0131m Uzman\u0131 Prof. Dr. Hasan Y\u00fcksel&#8217;e sorduk&#8230;<\/strong><\/p>\n<figure id=\"attachment_5176\" aria-describedby=\"caption-attachment-5176\" style=\"width: 600px\" class=\"wp-caption alignnone\"><img decoding=\"async\" class=\"wp-image-5176 size-full\" src=\"https:\/\/i0.wp.com\/annebebekkulubu.com\/blog\/wp-content\/uploads\/2019\/09\/prof-dr-hasan-yuksel.jpg?resize=600%2C338&#038;ssl=1\" alt=\"Prof. Dr. Hasan Y\u00fcksel\" width=\"600\" height=\"338\" srcset=\"https:\/\/i0.wp.com\/annebebekkulubu.com\/blog\/wp-content\/uploads\/2019\/09\/prof-dr-hasan-yuksel.jpg?w=600&amp;ssl=1 600w, https:\/\/i0.wp.com\/annebebekkulubu.com\/blog\/wp-content\/uploads\/2019\/09\/prof-dr-hasan-yuksel.jpg?resize=300%2C169&amp;ssl=1 300w\" sizes=\"(max-width: 600px) 100vw, 600px\" data-recalc-dims=\"1\" \/><figcaption id=\"caption-attachment-5176\" class=\"wp-caption-text\">Prof. Dr. Hasan Y\u00fcksel<\/figcaption><\/figure>\n<h2><span class=\"ez-toc-section\" id=\"Bebek_ve_cocuklarda_besin_alerjisi_nasil_anlasilir\"><\/span><strong>Bebek ve \u00e7ocuklarda besin alerjisi nas\u0131l anla\u015f\u0131l\u0131r?\u00a0<\/strong><span class=\"ez-toc-section-end\"><\/span><\/h2>\n<p><strong>Besin alerjisi<\/strong> konusunda ilk 1 ya\u015f\u0131 temsil eden bebeklerle, 1 ya\u015f\u0131ndan sonraki \u00e7ocuklar\u0131 ayr\u0131 tutmak gerekir.\u00a0\u00a0\u0130lk 1 ya\u015f\u0131na kadar olan bebeklerdeki besin allerjisinin en \u00f6nemli bulgusu ek g\u0131dalara ge\u00e7ince dudaklar\u0131nda yada en s\u0131k g\u00f6rd\u00fc\u011f\u00fcm\u00fcz besin alerjisi olan s\u00fct\u00fc al\u0131nca dudaklar, g\u00f6zler yan\u0131nda s\u00fct\u00fcn de\u011fdi\u011fi yanaklarda ve y\u00fczde k\u0131rm\u0131z\u0131 ve kabar\u0131kl\u0131klar\u0131n olmas\u0131 en \u00f6nemli bulgudur. Ancak bunun yan\u0131nda atopik dermatit dedi\u011fimiz deride uzun s\u00fcreli ka\u015f\u0131nt\u0131 kuruluk k\u0131rm\u0131z\u0131l\u0131\u011f\u0131n oldu\u011fu hastalar\u0131n % 25 ile 40&#8217;\u0131n da yine besin alerjisi mevcuttur. Ayr\u0131ca bir ba\u015fka t\u00fcr olarak kar\u015f\u0131m\u0131za \u00e7\u0131kan besin alerjisi tipi de gastrointestinal yani mide-ba\u011f\u0131rsak nedenlidir. Bunlar\u0131n \u00e7o\u011funlu\u011fu gaitada kan g\u00f6r\u00fclmesi veya normalden \u00e7ok y\u00fcksek oranda artm\u0131\u015f mukus g\u00f6r\u00fclmesi ile karakterlidir. Buna proktokolit diyoruz. Normal bebek gaitas\u0131nda orta derecede mukus g\u00f6r\u00fcl\u00fcr.\u00a0 Gaitada mukus g\u00f6r\u00fclmesi proktokolit dedi\u011fimiz i\u00e7in tek bulgu de\u011fildir. \u00c7ok fazla miktarda artm\u0131\u015f olmas\u0131 gerekir. Besin alerjilerinin bebeklerde g\u00f6r\u00fclen bir ba\u015fka tipi de<strong> \u201cbesin ile ili\u015fkili ba\u011f\u0131rsak iltihab\u0131\u201d<\/strong> d\u0131r. Bu \u00e7ocuklarda besin al\u0131m\u0131n\u0131 takiben \u015fiddetli ishal, kar\u0131n a\u011fr\u0131s\u0131, huzursuzluk ve bunun meydana getirdi\u011fi s\u0131v\u0131 kayb\u0131 ile karakterli olabilir. Bu son tip olarak bahsetti\u011fimiz besin allerjisinin daha az g\u00f6r\u00fclen \u015feklidir. <strong>Bebeklerde besin allerjileri<\/strong>, \u00e7ok belirgin bulgular\u0131n yan\u0131nda bazen hafif bulgularla giden besin allerjisi tipleri de vard\u0131r. \u00d6zellikle hafif besin alerjilerinde \u00e7ocuklarda huzursuzluk veya kronik, <a href=\"https:\/\/annebebekkulubu.com\/blog\/cocuk\/ishal-nedir-ishal-tedavisi-nasildir\/\"><strong>ishal<\/strong><\/a> ba\u011f\u0131rsaklarda emilim bozuklu\u011fu nedeniyle kilo alamama veya gastro-\u00f6zofajial refl\u00fcn\u00fcn olu\u015fturdu\u011fu \u00f6ks\u00fcr\u00fck, ses k\u0131s\u0131kl\u0131\u011f\u0131 ve s\u0131kl\u0131kla huzursuzluklar\u0131n e\u015flik etti\u011fi tablo ya da bazen \u015fiddetli gaz kolikleri de g\u00f6r\u00fclebilir. Bu nedenle bu bulgular\u0131n g\u00f6r\u00fcld\u00fc\u011f\u00fc ve bulgular\u0131n sebat etti\u011fi bebeklerde besin alerjisi d\u00fc\u015f\u00fcnmek gerekir. Ancak bu y\u00f6n\u00fcyle g\u00f6rd\u00fc\u011f\u00fcn\u00fcz gibi ba\u011f\u0131rsak ve ba\u011f\u0131rsak d\u0131\u015f\u0131 bulgular\u0131yla besin allerjisi bir\u00e7ok hastal\u0131\u011f\u0131 taklit edebilir. Hatta bazen \u00e7ok nadir de olsa bebeklerde yineleyen bron\u015fiolit, ast\u0131m ve h\u0131\u015f\u0131lt\u0131y\u0131 taklit eden tablolara da neden olabilir.<\/p>\n<p>Bir ya\u015f\u0131ndan sonraki \u00e7ocukluk d\u00f6neminde besin allerjisi bulgular\u0131 bir miktar daha azalmaktad\u0131r.\u00a0 Ancak bu \u00e7ocuklarda daha \u00e7ok \u00fcrtiker (kurde\u015fen) gibi deri bulgular\u0131, kronik ishal , atopik dermatit ve bazen de anafilaksi dedi\u011fimiz besini ald\u0131ktan sonra h\u0131zla geli\u015fen v\u00fccutta kabarmalar, genel durum bozuklu\u011fu, tansiyon d\u00fc\u015f\u00fckl\u00fc\u011f\u00fc ile karakterli \u00f6l\u00fcmc\u00fcl tablolar veya hayati tehdit eden tablolar ile \u00e7\u0131kabilir. Ama anafilaksi bebeklerde de olabilir. Ancak bu ya\u015f grubuna g\u00f6re daha az \u015fiddetlidir. \u00c7ocuk ya\u015f grubu i\u00e7in egzama, ishal, beslenme bozuklu\u011fu, kusmalar ve bazen de ast\u0131m ataklar\u0131 besin allerjisinin en s\u0131k bulgular\u0131 olarak kar\u015f\u0131m\u0131za \u00e7\u0131kabilir. Kanl\u0131 gaita yapma bu ya\u015fta bir miktar daha azd\u0131r. <strong>Bebeklerde oldu\u011fu gibi \u00e7ocuklarda da bazen hafif seyirli ve tipik olmayan bulgularla giden besin allerjileri olabilir. Mesela migren,\u00a0 kusma, refl\u00fc ile birlikte yineleyen kurup bulgular\u0131 bunlardan baz\u0131lar\u0131 olarak say\u0131labilir. Bu bulgular\u0131n oldu\u011fu bebek ve \u00e7ocuklarda besin allerjisi d\u00fc\u015f\u00fcn\u00fclmelidir.\u00a0<\/strong><\/p>\n<figure id=\"attachment_3872\" aria-describedby=\"caption-attachment-3872\" style=\"width: 1000px\" class=\"wp-caption alignnone\"><img decoding=\"async\" class=\"wp-image-3872 size-full\" src=\"https:\/\/i0.wp.com\/annebebekkulubu.com\/blog\/wp-content\/uploads\/2019\/04\/bebeklerde-ek-gidaya-gecis.jpg?resize=696%2C464&#038;ssl=1\" alt=\"\u00c7ocuklarda besin alerjileri\" width=\"696\" height=\"464\" srcset=\"https:\/\/i0.wp.com\/annebebekkulubu.com\/blog\/wp-content\/uploads\/2019\/04\/bebeklerde-ek-gidaya-gecis.jpg?w=1000&amp;ssl=1 1000w, https:\/\/i0.wp.com\/annebebekkulubu.com\/blog\/wp-content\/uploads\/2019\/04\/bebeklerde-ek-gidaya-gecis.jpg?resize=300%2C200&amp;ssl=1 300w, https:\/\/i0.wp.com\/annebebekkulubu.com\/blog\/wp-content\/uploads\/2019\/04\/bebeklerde-ek-gidaya-gecis.jpg?resize=768%2C512&amp;ssl=1 768w, https:\/\/i0.wp.com\/annebebekkulubu.com\/blog\/wp-content\/uploads\/2019\/04\/bebeklerde-ek-gidaya-gecis.jpg?resize=750%2C500&amp;ssl=1 750w\" sizes=\"(max-width: 696px) 100vw, 696px\" data-recalc-dims=\"1\" \/><figcaption id=\"caption-attachment-3872\" class=\"wp-caption-text\">\u00c7ocuklarda besin alerjileri<\/figcaption><\/figure>\n<h2><span class=\"ez-toc-section\" id=\"Besin_alerjisi_nedir_Bebeklerde_besin_alerjisi_nasil_anlasilir\"><\/span><strong>Besin alerjisi nedir? Bebeklerde besin alerjisi nas\u0131l anla\u015f\u0131l\u0131r?\u00a0\u00a0<\/strong><span class=\"ez-toc-section-end\"><\/span><\/h2>\n<p><strong>Besin alerjisi bebeklerin s\u0131kl\u0131kta ilk kar\u015f\u0131la\u015ft\u0131klar\u0131 ek g\u0131daya kar\u015f\u0131 v\u00fccutlar\u0131n\u0131n verdi\u011fi anlams\u0131z, a\u015f\u0131r\u0131 miktarda ve kendilerine zarar veren bir ba\u011f\u0131\u015f\u0131kl\u0131k sistemi reaksiyondur.<\/strong> Bu nedenle bebeklerde besin alerjisinin en s\u0131k nedeni ilk kar\u015f\u0131la\u015ft\u0131klar\u0131 ek g\u0131da olan s\u00fct, yumurta ve tah\u0131l grubudur. \u00c7ocuklarda ise \u00f6nemi nedenleri tabii ki yine yumurta, tah\u0131llard\u0131r. Ancak \u00e7ocuklarda ya\u015f b\u00fcy\u00fcd\u00fck\u00e7e kabuklu \u00e7erezler, <a href=\"https:\/\/annebebekkulubu.com\/blog\/beslenme\/hamilelikte-balik-tuketimine-dikkat\/\"><strong>bal\u0131k<\/strong><\/a> ve di\u011fer t\u00fcm besinler genetik yap\u0131, kar\u015f\u0131la\u015fma oran\u0131 ve ek hastal\u0131kla birlikte artar.\u00a0 <strong>Besin allerjisinin olu\u015fmas\u0131n\u0131n nedeni<\/strong>, genetik yap\u0131m\u0131zda olan yatk\u0131nl\u0131k ve \u00e7evrenin ve beslenmenin h\u0131zl\u0131 bir \u015fekilde bozulmas\u0131 ve buna kar\u015f\u0131 v\u00fccudumuzun bu besinlerin i\u00e7indeki maddelere kar\u015f\u0131 savunmas\u0131z hale gelmeyi \u00f6nlemek i\u00e7in verdikleri reaksiyondur. V\u00fccudumuz bunu genellikle, IgE dedi\u011fimiz antikor ile yapar. Ancak her zaman i\u00e7in IgE ihtiya\u00e7 olmadan v\u00fcdumuzun i\u00e7 y\u00fczeyini \u00f6rten mukoza h\u00fccreleri de bunu yapabilir. Mesela bebeklerde g\u00f6rd\u00fc\u011f\u00fcm\u00fcz ve proktokolit dedi\u011fimiz kanl\u0131 gaita ile karakterli tablo bunun en \u00f6nemli \u00f6rne\u011fidir.<br \/>\nBir \u00e7ocukta besin alerjisinin anlaman\u0131n en \u00f6nemli yolu;\u00a0 <strong>\u00e7ocu\u011fun diyet g\u00fcnl\u00fc\u011f\u00fcn\u00fc tutarak sadece <a href=\"https:\/\/annebebekkulubu.com\/blog\/bebek\/emzirme\/anne-sutunu-artiran-gidalar\/\">anne s\u00fct\u00fc<\/a> al\u0131yorsa annenin yediklerini, <a href=\"https:\/\/annebebekkulubu.com\/blog\/bebek\/emzirme\/anne-sutunun-onemi\/\">anne s\u00fct\u00fc<\/a> ve ek g\u0131da al\u0131yorsa hem annenin hem \u00e7ocu\u011fun yediklerini g\u00f6z \u00f6n\u00fcnde bulundurarak sorumlu olan besinleri ait bir \u00f6n \u00e7al\u0131\u015fma yap\u0131l\u0131r.\u00a0 Bu \u00e7al\u0131\u015fmadan sonra gerekli olan kan ve deri testleri uygulan\u0131r.<\/strong> E\u011fer ki bunlarla yeterli tan\u0131 konulamazsa <strong>provokasyon testi<\/strong> dedi\u011fimiz y\u00fckleme testi yap\u0131l\u0131r. En son klinik bulgular ve tecr\u00fcbeyle bunlar harmanlanarak kesin tan\u0131 muhakkak konulabilir.<\/p>\n<p><strong>Okumal\u0131s\u0131n\u0131z: <a href=\"https:\/\/annebebekkulubu.com\/blog\/beslenme\/alerjik-bebekler-nasil-beslenmeli\/\">Alerjik bebekler nas\u0131l beslenmeli?<\/a><\/strong><\/p>\n<h2><span class=\"ez-toc-section\" id=\"Besin_alerjisi_belirtileri_nelerdir_Besin_alerji_belirtisi_gorunce_ne_yapmali\"><\/span><strong>Besin alerjisi belirtileri nelerdir? Besin alerji belirtisi g\u00f6r\u00fcnce ne yapmal\u0131?<\/strong><span class=\"ez-toc-section-end\"><\/span><\/h2>\n<p><strong>Besin alerjisi belirtileri<\/strong> yukar\u0131da bahsetti\u011fimiz gibi bebek ve \u00e7ocuklarda ayr\u0131 \u00f6zelliklere sahiptir. Bu belirtiler dudaklarda ve g\u00f6zlerde \u015fi\u015flik, v\u00fccutta \u00fcrtiker ve di\u011fer k\u0131rm\u0131z\u0131 d\u00f6k\u00fcnt\u00fcler hatta atopik dermatit dedi\u011fimiz egzama, kar\u0131n a\u011fr\u0131s\u0131, kusma, refl\u00fc, kanl\u0131 gaita yapma, bazen sadece huzursuzluk veya <a href=\"https:\/\/annebebekkulubu.com\/blog\/cocuk\/cocuklarda-buyume-geriligi-neden-olur\/\"><strong>geli\u015fme gerili\u011fi<\/strong><\/a> olabilir. E\u011fer bir \u00e7ocukta veya bebekte bu belirtiler ile besin allerjisi d\u00fc\u015f\u00fcn\u00fcl\u00fcyor ise yap\u0131lmas\u0131 gereken en \u00f6nemli \u015fey bir \u00e7ocuk alerji uzman\u0131na ba\u015fvurmakt\u0131r. \u0130lk i\u015f, bu belirtilerin ger\u00e7ekten besin alerji ile ilgili mi de\u011fil mi oldu\u011funu ay\u0131rt etmek olacakt\u0131r. Yani ger\u00e7ekten<strong> besin allerjisi<\/strong> ile mi kar\u015f\u0131kar\u015f\u0131yay\u0131z. Mesela her gaitas\u0131ndan kan gelen \u00e7ocuk besin allerjisi demek de\u011fildir. Bir anal \u00e7atlak ya da polip dedi\u011fimiz do\u011fu\u015ftan gelen kitleler veya baz\u0131 kanama bozukluklar\u0131 ayn\u0131 \u015feyi yapabilir. Yada <a href=\"https:\/\/annebebekkulubu.com\/blog\/bebek\/bebeklerde-egzama-belirtileri-nelerdir\/\"><strong>egzama<\/strong><\/a> dedi\u011fimiz tablo, ba\u011f\u0131\u015f\u0131kl\u0131k eksikli\u011fi olabilir. Bu nedenle <strong>\u00e7ocuk alerji uzman\u0131n\u0131n denetiminde de\u011ferlendirildikten sonra besin alerjisi d\u00fc\u015f\u00fcn\u00fcl\u00fcrse, gerekli kan, deri veya besin y\u00fckleme testleri yap\u0131larak tan\u0131 konulmal\u0131d\u0131r<\/strong>. \u00c7ocuk i\u00e7in gerekli beslenme plan\u0131 onun geli\u015fim \u00f6zelliklerini bozmayacak \u015fekilde yap\u0131lmal\u0131d\u0131r. Besin allerjisi konusundaki yap\u0131lan en \u00f6nemli hata, gereksiz ve plans\u0131z bir \u015fekilde annenin besinlerinin \u00e7oklu bir \u015fekilde kesilerek,\u00a0 hem s\u00fct kalitesini azalt\u0131p hem de psikolojik olarak travma g\u00f6rmesine neden olarak ya\u015fam kalitesini bozuldu\u011fu durumlard\u0131r.<\/p>\n<figure id=\"attachment_3869\" aria-describedby=\"caption-attachment-3869\" style=\"width: 1000px\" class=\"wp-caption alignnone\"><img decoding=\"async\" class=\"wp-image-3869 size-full\" src=\"https:\/\/i0.wp.com\/annebebekkulubu.com\/blog\/wp-content\/uploads\/2019\/04\/bebeklerde-ek-gidaya-baslama-ek-gida-tarifleri.jpg?resize=696%2C464&#038;ssl=1\" alt=\"Besin alerjileri neden olur?\" width=\"696\" height=\"464\" srcset=\"https:\/\/i0.wp.com\/annebebekkulubu.com\/blog\/wp-content\/uploads\/2019\/04\/bebeklerde-ek-gidaya-baslama-ek-gida-tarifleri.jpg?w=1000&amp;ssl=1 1000w, https:\/\/i0.wp.com\/annebebekkulubu.com\/blog\/wp-content\/uploads\/2019\/04\/bebeklerde-ek-gidaya-baslama-ek-gida-tarifleri.jpg?resize=300%2C200&amp;ssl=1 300w, https:\/\/i0.wp.com\/annebebekkulubu.com\/blog\/wp-content\/uploads\/2019\/04\/bebeklerde-ek-gidaya-baslama-ek-gida-tarifleri.jpg?resize=768%2C512&amp;ssl=1 768w, https:\/\/i0.wp.com\/annebebekkulubu.com\/blog\/wp-content\/uploads\/2019\/04\/bebeklerde-ek-gidaya-baslama-ek-gida-tarifleri.jpg?resize=750%2C500&amp;ssl=1 750w\" sizes=\"(max-width: 696px) 100vw, 696px\" data-recalc-dims=\"1\" \/><figcaption id=\"caption-attachment-3869\" class=\"wp-caption-text\">Besin alerjileri neden olur?<\/figcaption><\/figure>\n<h2><span class=\"ez-toc-section\" id=\"Besin_alerjisi_neden_olur_Hangi_besinler_alerjiye_neden_olur\"><\/span><strong>Besin alerjisi neden olur? Hangi besinler alerjiye neden olur?\u00a0<\/strong><span class=\"ez-toc-section-end\"><\/span><\/h2>\n<p>Besin alerjisi de di\u011fer t\u00fcm hastal\u0131klarda oldu\u011fu gibi; genetik ve \u00e7evresel etkenlerin bir araya gelip ve besin allerjisinin \u00e7\u0131kmas\u0131 konusunda yeterli s\u00fcreci ba\u015flatmas\u0131 ile \u00e7\u0131kar. Genetik olarak en \u00f6nemli neden anne de \u00f6zellikle olmak \u00fczere baba da yani ebeveynlerde bir allerjik hastal\u0131k olmas\u0131d\u0131r. Ayr\u0131ca ikinci derece olan akrabalar da b\u00fcy\u00fckanne b\u00fcy\u00fckbaba hala teyze amca day\u0131 ve kuzenleri de allerji bir hastal\u0131\u011f\u0131n olmas\u0131 da olduk\u00e7a etkilidir. Ancak hastal\u0131\u011f\u0131n olmas\u0131 i\u00e7in sadece genetik nedenler yeter de\u011fildir. Neden olan besine maruz kalma ve bunun suresi ve bu d\u00f6nemde mukoza dedi\u011fimiz i\u00e7 y\u00fczeyimizi \u00f6rten h\u00fccre dizisinin sa\u011flaml\u0131\u011f\u0131 da \u00f6nemlidir. \u00c7evresel fakt\u00f6rlerden en \u00f6nemlileri \u00f6zellikle gereksiz antibiyotik kullan\u0131m\u0131, deterjanlar\u0131n barsaklar\u0131m\u0131za ula\u015fmas\u0131, katk\u0131 maddeli beslenme, hava kirlili\u011fi ve tabii ki en \u00f6nemlisi de maalesef ki do\u011fal \u00e7evreden uzakla\u015fmam\u0131zd\u0131r. <strong>Besin allerjilerine neden olan en \u00f6nemli besinler \u00f6zellikle bebeklik d\u00f6neminde ilk kullanan ek g\u0131dalar olduklar\u0131 i\u00e7in inek s\u00fct\u00fc, yumurta, tah\u0131l, bal\u0131k, kabuklu \u00e7erezler, soya fasulyesi ve nadiren yenilen her \u015fey allerji potansiyeline sahiptir<\/strong><\/p>\n<h2><span class=\"ez-toc-section\" id=\"Bebek_ve_cocuklarda_besin_alerjisinin_gorulme_sikligi_nedir\"><\/span><strong>Bebek ve \u00e7ocuklarda besin alerjisinin g\u00f6r\u00fclme s\u0131kl\u0131\u011f\u0131 nedir?<\/strong><span class=\"ez-toc-section-end\"><\/span><\/h2>\n<p>San\u0131ld\u0131\u011f\u0131n\u0131n, beklendi\u011finin ve sa\u011fl\u0131k prati\u011finin i\u00e7inde yer ald\u0131\u011f\u0131n\u0131n aksine besin allerjisi hala y\u00fcksek s\u0131kl\u0131klara\u00a0 sahip de\u011fildir. \u00dclkemizde \u00e7ocuklarda beslenme s\u0131kl\u0131\u011f\u0131 % 1,5 civar\u0131ndad\u0131r. Ancak besin alerjisini taklit eden bir\u00e7ok duruma besin allerjisi gibi yakla\u015f\u0131ld\u0131\u011f\u0131 i\u00e7in, besin alllerjisi olmayan durumlar da besin allerjisi i\u00e7ine kat\u0131ld\u0131\u011f\u0131 i\u00e7in bu oran yapay bir \u015fekilde y\u00fcksek olarak g\u00f6r\u00fclmektedir. Ancak \u015fu da vard\u0131r ki besin allerjisi s\u0131kl\u0131\u011f\u0131 20 sene \u00f6ncesine g\u00f6re \u015fu anda artm\u0131\u015f durumdad\u0131r. S\u0131kl\u0131\u011f\u0131 giderek artmaktad\u0131r bu art\u0131\u015f\u0131n daha da y\u00fcksek oranlara \u00e7\u0131kmas\u0131 beklenmektedir. Bunun en \u00f6nemli nedeni bat\u0131 stili ya\u015fam\u0131n \u00fclkemizde daha y\u00fcksek oranda ya\u015fam tarz\u0131m\u0131z\u0131n i\u00e7ine girmesi, gereksiz kullan\u0131lan antibiyotikler, anne s\u00fct\u00fcn\u00fcn yeterince uzunlukta kullan\u0131lmamas\u0131 ve di\u011fer bir\u00e7ok profesyonellikte yer alan nedenlerdir.<\/p>\n<h2><strong><img decoding=\"async\" class=\"alignnone wp-image-809 size-full\" src=\"https:\/\/i0.wp.com\/annebebekkulubu.com\/blog\/wp-content\/uploads\/2018\/03\/bebek-biberon-3.jpg?resize=626%2C417&#038;ssl=1\" alt=\"\" width=\"626\" height=\"417\" srcset=\"https:\/\/i0.wp.com\/annebebekkulubu.com\/blog\/wp-content\/uploads\/2018\/03\/bebek-biberon-3.jpg?w=626&amp;ssl=1 626w, https:\/\/i0.wp.com\/annebebekkulubu.com\/blog\/wp-content\/uploads\/2018\/03\/bebek-biberon-3.jpg?resize=300%2C200&amp;ssl=1 300w\" sizes=\"(max-width: 626px) 100vw, 626px\" data-recalc-dims=\"1\" \/><br \/>\nAnne s\u00fct\u00fc alan bebeklerde s\u00fct alerjisi varsa nas\u0131l ilerlemek gerekir?<\/strong><\/h2>\n<p>Ger\u00e7ekten <strong>inek s\u00fct\u00fc alerjisi<\/strong> te\u015fhisi konulmu\u015f ise ve bebek anne s\u00fct\u00fc al\u0131yor ise; annenin beslenmesinden inek s\u00fct\u00fc ve s\u00fct \u00fcr\u00fcnlerini \u00e7\u0131karmak ile ba\u015flan\u0131r. Annenin kalsiyum eksikli\u011fi ya\u015famamas\u0131 i\u00e7in diyetine kalsiyum ve <a href=\"https:\/\/annebebekkulubu.com\/blog\/beslenme\/d-vitamininin-inanilmaz-faydasi\/\"><strong>D vitamini<\/strong><\/a> eklenmelidir. E\u011fer <strong>bebekler ek g\u0131daya ge\u00e7mi\u015f ise bebeklerin beslenmesinden de s\u00fct ve s\u00fct \u00fcr\u00fcnleri \u00e7\u0131kar\u0131lmal\u0131d\u0131r.<\/strong> Ancak geli\u015fim gerili\u011fine engel olmak i\u00e7in inek s\u00fct\u00fc alerjisi durumunda kullan\u0131lan amino asit bazl\u0131 ya da ileri derecede hidrolize mamalar kullan\u0131lmal\u0131d\u0131r. Bebe\u011fin geli\u015fimi yak\u0131ndan izlenmelidir. Bunun d\u0131\u015f\u0131ndaki ek g\u0131dalar zaman\u0131na g\u00f6re eklenmelidir. Geli\u015fimi konusunda bir problem ya da bebe\u011fin beslenmesi konusunda bir problem ya\u015fan\u0131yor ise alternatif besin \u00e7arelerinin olu\u015fturulmas\u0131 i\u00e7in diyetisyen ile \u00e7al\u0131\u015f\u0131lmal\u0131d\u0131r.<\/p>\n<p><strong><img decoding=\"async\" class=\"alignnone wp-image-5178 size-full\" src=\"https:\/\/i0.wp.com\/annebebekkulubu.com\/blog\/wp-content\/uploads\/2019\/09\/keci-sutu-mu-yoksa-inek-sutu-mu.jpg?resize=696%2C302&#038;ssl=1\" alt=\"\" width=\"696\" height=\"302\" srcset=\"https:\/\/i0.wp.com\/annebebekkulubu.com\/blog\/wp-content\/uploads\/2019\/09\/keci-sutu-mu-yoksa-inek-sutu-mu.jpg?w=1145&amp;ssl=1 1145w, https:\/\/i0.wp.com\/annebebekkulubu.com\/blog\/wp-content\/uploads\/2019\/09\/keci-sutu-mu-yoksa-inek-sutu-mu.jpg?resize=300%2C130&amp;ssl=1 300w, https:\/\/i0.wp.com\/annebebekkulubu.com\/blog\/wp-content\/uploads\/2019\/09\/keci-sutu-mu-yoksa-inek-sutu-mu.jpg?resize=768%2C333&amp;ssl=1 768w, https:\/\/i0.wp.com\/annebebekkulubu.com\/blog\/wp-content\/uploads\/2019\/09\/keci-sutu-mu-yoksa-inek-sutu-mu.jpg?resize=1024%2C444&amp;ssl=1 1024w, https:\/\/i0.wp.com\/annebebekkulubu.com\/blog\/wp-content\/uploads\/2019\/09\/keci-sutu-mu-yoksa-inek-sutu-mu.jpg?resize=696%2C302&amp;ssl=1 696w, https:\/\/i0.wp.com\/annebebekkulubu.com\/blog\/wp-content\/uploads\/2019\/09\/keci-sutu-mu-yoksa-inek-sutu-mu.jpg?resize=1068%2C464&amp;ssl=1 1068w, https:\/\/i0.wp.com\/annebebekkulubu.com\/blog\/wp-content\/uploads\/2019\/09\/keci-sutu-mu-yoksa-inek-sutu-mu.jpg?resize=968%2C420&amp;ssl=1 968w\" sizes=\"(max-width: 696px) 100vw, 696px\" data-recalc-dims=\"1\" \/><\/strong><\/p>\n<h2><span class=\"ez-toc-section\" id=\"Bebegimizin_sut_alerjisi_varsa_keci_sutu_mamasi_kullanabilir_miyiz_Inek_sutu_alerjisi_olan_bebeklere_keci_sutu_verilir_mi\"><\/span><strong>Bebe\u011fimizin s\u00fct alerjisi varsa ke\u00e7i s\u00fct\u00fc mamas\u0131 kullanabilir miyiz? \u0130nek s\u00fct\u00fc alerjisi olan bebeklere ke\u00e7i s\u00fct\u00fc verilir mi?\u00a0<\/strong><span class=\"ez-toc-section-end\"><\/span><\/h2>\n<p>Do\u011fru bilinen bir yanl\u0131\u015f maalesef ki inek s\u00fct\u00fc alerjisi olan \u00e7ocuklarda ke\u00e7i s\u00fct\u00fc ve ke\u00e7i s\u00fct\u00fcnden \u00fcretilmi\u015f mamalar\u0131n kullanabilece\u011fidir. Ger\u00e7ekten \u00e7ok yanl\u0131\u015f bir bilgidir. \u00c7\u00fcnk\u00fc inek s\u00fct\u00fc ile <a href=\"https:\/\/annebebekkulubu.com\/blog\/beslenme\/keci-sutu-bebekler-icin-faydali-mi\/\"><strong>ke\u00e7i s\u00fct\u00fc<\/strong><\/a>, i\u00e7indeki alerjik olabilecek proteinler a\u00e7\u0131s\u0131ndan %90 oran\u0131nda benzerdir. Bu nedenle s\u00fct alerjisi olan \u00e7ocuklara ke\u00e7i s\u00fct\u00fc yada ke\u00e7i s\u00fct\u00fcnden \u00fcretilmi\u015f mama verilmemelidir. E\u011fer ke\u00e7i s\u00fct\u00fc bir \u00e7ocukta fayda sa\u011fl\u0131yor ise, bu \u00e7ocu\u011fun inek s\u00fct\u00fc alerjisi olmad\u0131\u011f\u0131n\u0131 g\u00f6sterebilir<\/p>\n<h2><span class=\"ez-toc-section\" id=\"Alerjik_bebekler_nasil_beslenmeli_Mama_secimi_yaparken_aileler_nelere_dikkat_etmeli\"><\/span><strong>Alerjik bebekler nas\u0131l beslenmeli? Mama se\u00e7imi yaparken aileler nelere dikkat etmeli?\u00a0<\/strong><span class=\"ez-toc-section-end\"><\/span><\/h2>\n<p>E\u011fer besin alllerjisinden bahsediyor isek alerjik besin diyetten \u00e7\u0131kar\u0131lmal\u0131d\u0131r. E\u011fer <strong>\u00e7ocuk anne s\u00fct\u00fc al\u0131yorsa anne s\u00fct\u00fcn\u00fcn de kesinlikle kontamine olmamas\u0131 i\u00e7in annenin beslenmesinden de \u00e7\u0131kar\u0131lmal\u0131d\u0131r.<\/strong> Ancak \u00e7\u0131kar\u0131lan her besin i\u00e7in \u00e7ocu\u011fu beslenme eksikli\u011fi ile olas\u0131 geli\u015fme gerili\u011fine engel olunmas\u0131 amac\u0131yla yerini bir ba\u015fka besin arac\u0131 eklenmelidir. E\u011fer formula ile beslenmek m\u00fcmk\u00fcn ise mama konulmal\u0131d\u0131r. <strong>Mama se\u00e7imi yap\u0131l\u0131rken dikkat edilmesi gereken kural, allerjinin durumuna g\u00f6re se\u00e7ilecek mama olmaktad\u0131r. Bu durumda tabii ki \u00f6zellikle s\u00fct alerjisinde amino asit bazl\u0131 dedi\u011fimiz mamalar non-allerjik a\u00e7\u0131s\u0131ndan olduk\u00e7a g\u00fcvenilirdir. Ama mama se\u00e7imi hekime b\u0131rak\u0131lmal\u0131d\u0131r.<\/strong> \u00d6nemli bir nokta, <strong>\u00e7oklu besin allerjisinin<\/strong> olduk\u00e7a az oldu\u011funu bilmektir.\u00a0 \u00c7\u00fcnk\u00fc olduk\u00e7a iyi bir oranda tek besin allerjisi, daha az sadece ik besin allerjisi vard\u0131r. 3 ve \u00fczerinde besin allerjisine sahip olmas\u0131 az bir durumdur. Dikkat edilmelidir.<\/p>\n<p><strong>Okumal\u0131s\u0131n\u0131z: <a href=\"https:\/\/annebebekkulubu.com\/blog\/beslenme\/en-iyi-bebek-mamasi-hangisi-hangi-mamayi-tercih-etmeliyim\/\">Bebekler i\u00e7in en iyi bebek mamas\u0131 hangisi?\u00a0<\/a><\/strong><\/p>\n<h2><span class=\"ez-toc-section\" id=\"GDOlu_ve_katki_maddeli_yiyecekler_alerjiye_neden_olur_mu\"><\/span><strong>GDO\u2019lu ve katk\u0131 maddeli yiyecekler alerjiye neden olur mu?\u00a0<\/strong><span class=\"ez-toc-section-end\"><\/span><\/h2>\n<p>GDO yiyecekler genel <a href=\"https:\/\/annebebekkulubu.com\/blog\/beslenme\/bebek-beslenmesinde-ek-gidaya-gecis-nasil-olmali\/\"><strong>bebek ve \u00e7ocuk beslenmesi<\/strong> <\/a>a\u00e7\u0131s\u0131ndan sak\u0131ncal\u0131d\u0131r. Ancak allerjik hastal\u0131\u011fa neden olmalar\u0131 kan\u0131tlanm\u0131\u015f ve beklenen bir durum de\u011fildir. Fakat teorik olarak GDO besinlerle kontamine yiyeceklerin besin allerjisine neden olmalar\u0131 beklenir. Ancak katk\u0131 maddeli yiyecekler hem besin alerjisinde olu\u015fmas\u0131nda hem de mevcut besin allerjisinin daha a\u011f\u0131r klinik bulgulara neden olmas\u0131n da olduk\u00e7a \u00f6nemli bir etkendir.<\/p>\n<h2><span class=\"ez-toc-section\" id=\"Cocuklarda_besin_alerjisi_buyuyunce_gecer_mi\"><\/span><strong>\u00c7ocuklarda besin alerjisi b\u00fcy\u00fcy\u00fcnce ge\u00e7er mi?<\/strong><span class=\"ez-toc-section-end\"><\/span><\/h2>\n<p>Besin alerjilerinin, her bir besin i\u00e7in olan ya\u015f b\u00fcy\u00fcd\u00fck\u00e7e ge\u00e7me ya da kal\u0131c\u0131 hale gelme \u015fekilleri ve oranlar\u0131 ayr\u0131d\u0131r. Mesela s\u00fct allerjisi 2-3 ya\u015f\u0131nda \u00fcst\u00fcnde s\u0131kl\u0131kla ge\u00e7er. Yumurta alerjisi 3-4 ya\u015f \u00fcst\u00fcnde ge\u00e7ebilir. Ancak bu hastalarda e\u011fer ki bu ya\u015flarda s\u00fct ve yumurta alerjisi ile ilgili tedavi g\u00f6r\u00fclmemi\u015f ise hayat\u0131n ileri d\u00f6nemlerinde ast\u0131m, <a href=\"https:\/\/annebebekkulubu.com\/blog\/bebek\/bebeklerde-ve-cocuklarda-bahar-alerjisi-ve-alinabilecek-onlemler\/\"><strong>bahar alerjisi<\/strong><\/a> ve di\u011fer alerjik hastal\u0131klar daha s\u0131k g\u00f6r\u00fcl\u00fcr. Ancak <strong>f\u0131nd\u0131k, f\u0131st\u0131k ve di\u011fer kabuklu \u00e7erezlerin alerjileri veya susam allerjisi \u00e7ok uzun s\u00fcreler maalesef ki ge\u00e7memektedir<\/strong>. Bal\u0131k allerjisi hemen hemen daima devam etmektedir. Yani s\u00fct ve yumurta d\u0131\u015f\u0131ndaki besin alerjilerinin kal\u0131c\u0131 olma biraz y\u00fcksektir<\/p>\n<h2><span class=\"ez-toc-section\" id=\"En_cok_alerji_yapan_besinler_hangileridir\"><\/span><strong>En \u00e7ok alerji yapan besinler hangileridir?<\/strong><span class=\"ez-toc-section-end\"><\/span><\/h2>\n<p>\u0130nek s\u00fct\u00fc, yumurta, tah\u0131l, bal\u0131k, f\u0131nd\u0131k, f\u0131st\u0131k, susam, soya ve nadiren di\u011fer t\u00fcm besinler.<\/p>\n<h2><strong><img decoding=\"async\" class=\"alignnone wp-image-5179 size-full\" src=\"https:\/\/i0.wp.com\/annebebekkulubu.com\/blog\/wp-content\/uploads\/2019\/09\/bebeklere-ne-zaman-bal-verilebilir.jpg?resize=626%2C417&#038;ssl=1\" alt=\"\" width=\"626\" height=\"417\" srcset=\"https:\/\/i0.wp.com\/annebebekkulubu.com\/blog\/wp-content\/uploads\/2019\/09\/bebeklere-ne-zaman-bal-verilebilir.jpg?w=626&amp;ssl=1 626w, https:\/\/i0.wp.com\/annebebekkulubu.com\/blog\/wp-content\/uploads\/2019\/09\/bebeklere-ne-zaman-bal-verilebilir.jpg?resize=300%2C200&amp;ssl=1 300w\" sizes=\"(max-width: 626px) 100vw, 626px\" data-recalc-dims=\"1\" \/><br \/>\nBebeklerde bal alerjisi nas\u0131l anla\u015f\u0131l\u0131r? Bebeklere bal ne zaman verilebilir?\u00a0<\/strong><\/h2>\n<p><strong>Bal allerjisi<\/strong> \u00e7ok nadiren g\u00f6r\u00fcl\u00fcr. Ancak bal\u0131n art\u0131k do\u011fal olmamas\u0131 nedeniyle i\u00e7indeki ar\u0131ya verilen bir \u00e7ok kimyasal maddeye kar\u015f\u0131 reaksiyon verilmektedir. Ama bunlar allerji de\u011fildir. E\u011fer allerjiden yine de \u015f\u00fcphelenilir ise deri testi ve gerekli g\u00f6r\u00fcld\u00fc\u011f\u00fc takdirde provokasyon (y\u00fckleme) testi ile tan\u0131s\u0131n\u0131 koymak m\u00fcmk\u00fcnd\u00fcr.\u00a0<strong>Her durumda \u00e7ocuklara 1 ya\u015f\u0131ndan \u00f6nce bal verilmemesi uygundur.<\/strong><\/p>\n<h2><span class=\"ez-toc-section\" id=\"Bebeklerde_polen_alerjisi_nasil_anlasilir_Bebeklerde_polen_alerjisine_ne_iyi_gelir\"><\/span><strong>Bebeklerde polen alerjisi nas\u0131l anla\u015f\u0131l\u0131r? Bebeklerde polen alerjisine ne iyi gelir?\u00a0<\/strong><span class=\"ez-toc-section-end\"><\/span><\/h2>\n<p>Bal allerjisi gibi ar\u0131 poleni allerjisi de \u00e7ok nadiren g\u00f6r\u00fcl\u00fcr. Ancak ar\u0131n \u00fcr\u00fcnlerinin art\u0131k do\u011fal olmamas\u0131 nedeniyle i\u00e7indeki ar\u0131ya verilen bir \u00e7ok kimyasal maddeye kar\u015f\u0131 reaksiyon g\u00f6r\u00fclebilir. Ama bunlar allerji de\u011fildir. E\u011fer allerjiden yine de \u015f\u00fcphelenilir ise deri testi ve gerekli g\u00f6r\u00fcld\u00fc\u011f\u00fc takdirde provokasyon (y\u00fckleme) testi ile tan\u0131s\u0131n\u0131 koymak m\u00fcmk\u00fcnd\u00fcr. Fakat bebeklere polen verilmemelidir. E\u011fer \u00e7ocuklarda allerji yada allerji d\u0131\u015f\u0131 reaksiyon var ise yap\u0131lacak tek \u015fey polen verilmemesidir.<\/p>\n<h2><span class=\"ez-toc-section\" id=\"Besin_alerjisi_testi_nedir\"><\/span><strong>Besin alerjisi testi nedir?<\/strong><span class=\"ez-toc-section-end\"><\/span><\/h2>\n<p>Besin allerjisi testleri, \u00f6ncelikle uygun besinlerin allerjenlerini i\u00e7eren s\u0131v\u0131 sol\u00fcsyonlarla yap\u0131lan allerji-deri testleridir. Bunun sonucundaki \u015f\u00fcpheli yada gerekli durumlarda kanda besine kar\u015f\u0131 olu\u015f\u00f6u\u015f spesifik-IgE yi bakmak i\u00e7in kullan\u0131lan kan testleri yap\u0131labilir. E\u011fer ki bunlarla yeterli tan\u0131 konulamazsa provokasyon testi dedi\u011fimiz y\u00fckleme testi yap\u0131l\u0131r. Bunun d\u0131\u015f\u0131nda baz\u0131 ileri testler vard\u0131r ama rutin tan\u0131da kullan\u0131lmamaktad\u0131r.<\/p>\n<h2><span class=\"ez-toc-section\" id=\"Besin_alerjisi_testi_nasil_yapilir_Gida_intoleransi_testi_ile_besin_alerji_testi_ayni_mi\"><\/span><strong>Besin alerjisi testi nas\u0131l yap\u0131l\u0131r? G\u0131da int\u00f6lerans\u0131 testi ile besin alerji testi ayn\u0131 m\u0131?<\/strong><span class=\"ez-toc-section-end\"><\/span><\/h2>\n<p>Yukar\u0131da belirtti\u011fimiz gibi deriden, kandan ve barsa\u011fa y\u00fckleme ile yap\u0131l\u0131r. G\u0131da intolerans testleri besin allerjisi testleri de\u011fildir. Tan\u0131 de\u011ferleri yoktur. Tan\u0131 de\u011ferleri olmad\u0131\u011f\u0131 gibi, bu testler IgG4 dedi\u011fimiz antikoru g\u00f6sterdikleri i\u00e7in besin allerjisinin kar\u015f\u0131t\u0131 bulgular\u0131 g\u00f6sterirler. Maalesef ki bu testler konunun uzman\u0131 olamayan bir \u00e7ok ki\u015fi taraf\u0131ndan de\u011fi\u015fik beklentiler i\u00e7in kullan\u0131lmaktad\u0131r.<\/p>\n<h2><span class=\"ez-toc-section\" id=\"Bebeklerde_besin_alerjisi_tedavisi_nasil_yapilir\"><\/span><strong>Bebeklerde besin alerjisi tedavisi nas\u0131l yap\u0131l\u0131r?<\/strong><span class=\"ez-toc-section-end\"><\/span><\/h2>\n<p>Yukar\u0131da da belirtti\u011fim gibi, ger\u00e7ekten inek s\u00fct\u00fc veya di\u011fer bir <strong>besin alerjisi<\/strong> te\u015fhisi konulmu\u015f ise bu besine \u00f6zel bir tedavi plan\u0131 \u00e7\u0131kar\u0131lmal\u0131d\u0131r E\u011fer <strong>bebek anne s\u00fct\u00fc al\u0131yor ise; annenin beslenmesinden inek s\u00fct\u00fc ve s\u00fct \u00fcr\u00fcnlerini \u00e7\u0131karmak ile ba\u015flan\u0131r<\/strong>. Annenin kalsiyum eksikli\u011fi ya\u015famamas\u0131 i\u00e7in diyetine kalsiyum ve D vitamini eklenmelidir. E\u011fer bebekler ek g\u0131daya ge\u00e7mi\u015f ise bebeklerin beslenmesinden de s\u00fct ve s\u00fct \u00fcr\u00fcnleri \u00e7\u0131kar\u0131lmal\u0131d\u0131r. Ancak geli\u015fim gerili\u011fine engel olmak i\u00e7in inek s\u00fct\u00fc alerjisi durumunda kullan\u0131lan amino asit bazl\u0131 ya da ileri derecede hidrolize mamalar kullan\u0131lmal\u0131d\u0131r. Bebe\u011fin geli\u015fimi yak\u0131ndan izlenmelidir. Bunun d\u0131\u015f\u0131ndaki <a href=\"https:\/\/annebebekkulubu.com\/blog\/beslenme\/bebeginiz-hangi-ay-hangi-ek-gidalari-tuketmeli\/\"><strong>ek g\u0131dalar<\/strong><\/a> zaman\u0131na g\u00f6re eklenmelidir. Geli\u015fimi konusunda bir problem ya da bebe\u011fin beslenmesi konusunda bir problem ya\u015fan\u0131yor ise alternatif besin \u00e7arelerinin olu\u015fturulmas\u0131 i\u00e7in <strong>diyetisyen ile \u00e7al\u0131\u015f\u0131lmal\u0131d\u0131r<\/strong>. Di\u011fer besinler i\u00e7inde yap\u0131lmas\u0131 gereken anne ve\/veya bebe\u011fin bu besini diyetlerinden \u00e7\u0131karmakt\u0131r. Besin g\u00fcnl\u00fc\u011f\u00fc tutmak \u00f6nemlidir. Bebe\u011fin geli\u015fimi, annenin psikososyal durumunu izlemek \u00e7ok \u00f6nemlidir.<\/p>\n<h2><span class=\"ez-toc-section\" id=\"Besin_alerjisinden_korunmak_icin_nelere_dikkat_etmek_gerekir\"><\/span><strong>Besin alerjisinden korunmak i\u00e7in nelere dikkat etmek gerekir?<\/strong><span class=\"ez-toc-section-end\"><\/span><\/h2>\n<p>\u00d6zellikle annenin yada anneannenin allerjik bir hastal\u0131\u011f\u0131 var ise birincil koruyucu \u00f6nlemler i\u00e7in annenin hamilelikte stresini azaltmak, antibiyotik kullanmamas\u0131n\u0131 sa\u011flamak, bal\u0131k yemesini te\u015fvik etmek, s\u00fct yerine s\u00fct \u00fcr\u00fcnlerini t\u00fcketmesini \u00f6nermek, katk\u0131 maddeli yiyecek almamas\u0131na \u00e7al\u0131\u015fmak \u00f6nemlidir. <a href=\"https:\/\/annebebekkulubu.com\/blog\/beslenme\/alerjik-bebekler-nasil-beslenmeli\/\"><strong>Bebek<\/strong> <\/a>do\u011fduktan sonra da annenin yine ayn\u0131 beslenme \u015feklinin devam\u0131, antibiyotik kullanmamas\u0131 ve bebe\u011fe de tatt\u0131rma ile erkence ek g\u0131dalar\u0131n ilavesi \u00f6nerilmelidir. Tabi ki anne s\u00fct\u00fcn\u00fcn uzunca s\u00fcre kullan\u0131lmas\u0131 da \u00f6nemlidir.<\/p>\n","protected":false},"excerpt":{"rendered":"<p>Bebek ve \u00e7ocuklarda besin alerjisi belirtileri nelerdir, alerji nas\u0131l anla\u015f\u0131l\u0131r? Besin alerjisi belirtisi g\u00f6r\u00fcnce ne yapmal\u0131? Alerji yapan besinler nelerdir? Bebe\u011fi besin alerjisi olan anneler nelere dikkat etmeli?\u00a0 Besin alerjisinden korunmak i\u00e7in nelere dikkat etmek gerekir? \u00c7ocuk Allerji ve Ast\u0131m Uzman\u0131 Prof. Dr. Hasan Y\u00fcksel&#8217;e sorduk&#8230; Bebek ve \u00e7ocuklarda besin alerjisi nas\u0131l anla\u015f\u0131l\u0131r?\u00a0 Besin alerjisi [&hellip;]<\/p>\n","protected":false},"author":33,"featured_media":5177,"comment_status":"open","ping_status":"closed","sticky":false,"template":"","format":"standard","meta":{"jetpack_post_was_ever_published":false,"_jetpack_newsletter_access":"","_jetpack_dont_email_post_to_subs":false,"_jetpack_newsletter_tier_id":0,"_jetpack_memberships_contains_paywalled_content":false,"_jetpack_memberships_contains_paid_content":false,"footnotes":""},"categories":[7],"tags":[3589,3584,3492,3586,3591,3587,3494,3585,3588,3590],"class_list":{"0":"post-5171","1":"post","2":"type-post","3":"status-publish","4":"format-standard","5":"has-post-thumbnail","7":"category-saglik","8":"tag-alerji-yapan-besinler","9":"tag-bebeklerde-alerji","10":"tag-bebeklerde-besin-alerjisi","11":"tag-bebeklerde-besin-allerjileri","12":"tag-bebeklerde-sut-alerjisi","13":"tag-besin-alerjisi-belirtileri","14":"tag-besin-alerjisi-testi","15":"tag-cocuklarda-alerji","16":"tag-inek-sutu-alerjisi","17":"tag-keci-sutu-alerjisi"},"jetpack_sharing_enabled":true,"jetpack_featured_media_url":"https:\/\/i0.wp.com\/annebebekkulubu.com\/blog\/wp-content\/uploads\/2019\/09\/bebeklerde-alerji.jpg?fit=1125%2C750&ssl=1","jetpack-related-posts":[],"_links":{"self":[{"href":"https:\/\/annebebekkulubu.com\/blog\/wp-json\/wp\/v2\/posts\/5171","targetHints":{"allow":["GET"]}}],"collection":[{"href":"https:\/\/annebebekkulubu.com\/blog\/wp-json\/wp\/v2\/posts"}],"about":[{"href":"https:\/\/annebebekkulubu.com\/blog\/wp-json\/wp\/v2\/types\/post"}],"author":[{"embeddable":true,"href":"https:\/\/annebebekkulubu.com\/blog\/wp-json\/wp\/v2\/users\/33"}],"replies":[{"embeddable":true,"href":"https:\/\/annebebekkulubu.com\/blog\/wp-json\/wp\/v2\/comments?post=5171"}],"version-history":[{"count":0,"href":"https:\/\/annebebekkulubu.com\/blog\/wp-json\/wp\/v2\/posts\/5171\/revisions"}],"wp:featuredmedia":[{"embeddable":true,"href":"https:\/\/annebebekkulubu.com\/blog\/wp-json\/wp\/v2\/media\/5177"}],"wp:attachment":[{"href":"https:\/\/annebebekkulubu.com\/blog\/wp-json\/wp\/v2\/media?parent=5171"}],"wp:term":[{"taxonomy":"category","embeddable":true,"href":"https:\/\/annebebekkulubu.com\/blog\/wp-json\/wp\/v2\/categories?post=5171"},{"taxonomy":"post_tag","embeddable":true,"href":"https:\/\/annebebekkulubu.com\/blog\/wp-json\/wp\/v2\/tags?post=5171"}],"curies":[{"name":"wp","href":"https:\/\/api.w.org\/{rel}","templated":true}]}}