{"id":13522,"date":"2023-02-11T13:02:36","date_gmt":"2023-02-11T10:02:36","guid":{"rendered":"https:\/\/annebebekkulubu.com\/blog\/?p=13522"},"modified":"2023-02-11T21:31:41","modified_gmt":"2023-02-11T18:31:41","slug":"depremzede-cocuklar-icin-koruyucu-aile-olmak","status":"publish","type":"post","link":"https:\/\/annebebekkulubu.com\/blog\/depremzede-cocuklar-icin-koruyucu-aile-olmak\/","title":{"rendered":"Depremzede \u00e7ocuklar i\u00e7in koruyucu aile olmak"},"content":{"rendered":"<div id=\"ez-toc-container\" class=\"ez-toc-v2_0_82_2 counter-hierarchy ez-toc-counter ez-toc-light-blue ez-toc-container-direction\">\n<p class=\"ez-toc-title\" style=\"cursor:inherit\">Yaz\u0131 \u0130\u00e7eri\u011fi<\/p>\n<label for=\"ez-toc-cssicon-toggle-item-69f711b5a8be8\" class=\"ez-toc-cssicon-toggle-label\"><span class=\"\"><span class=\"eztoc-hide\" style=\"display:none;\">Toggle<\/span><span class=\"ez-toc-icon-toggle-span\"><svg style=\"fill: #999;color:#999\" xmlns=\"http:\/\/www.w3.org\/2000\/svg\" class=\"list-377408\" width=\"20px\" height=\"20px\" viewBox=\"0 0 24 24\" fill=\"none\"><path d=\"M6 6H4v2h2V6zm14 0H8v2h12V6zM4 11h2v2H4v-2zm16 0H8v2h12v-2zM4 16h2v2H4v-2zm16 0H8v2h12v-2z\" fill=\"currentColor\"><\/path><\/svg><svg style=\"fill: #999;color:#999\" class=\"arrow-unsorted-368013\" xmlns=\"http:\/\/www.w3.org\/2000\/svg\" width=\"10px\" height=\"10px\" viewBox=\"0 0 24 24\" version=\"1.2\" baseProfile=\"tiny\"><path d=\"M18.2 9.3l-6.2-6.3-6.2 6.3c-.2.2-.3.4-.3.7s.1.5.3.7c.2.2.4.3.7.3h11c.3 0 .5-.1.7-.3.2-.2.3-.5.3-.7s-.1-.5-.3-.7zM5.8 14.7l6.2 6.3 6.2-6.3c.2-.2.3-.5.3-.7s-.1-.5-.3-.7c-.2-.2-.4-.3-.7-.3h-11c-.3 0-.5.1-.7.3-.2.2-.3.5-.3.7s.1.5.3.7z\"\/><\/svg><\/span><\/span><\/label><input type=\"checkbox\"  id=\"ez-toc-cssicon-toggle-item-69f711b5a8be8\"  aria-label=\"A\u00e7\/Kapat\" \/><nav><ul class='ez-toc-list ez-toc-list-level-1 ' ><li class='ez-toc-page-1 ez-toc-heading-level-2'><a class=\"ez-toc-link ez-toc-heading-1\" href=\"https:\/\/annebebekkulubu.com\/blog\/depremzede-cocuklar-icin-koruyucu-aile-olmak\/#Deprem_cocuklarin_psikolojisini_nasil_etkiliyor\" >Deprem \u00e7ocuklar\u0131n psikolojisini nas\u0131l etkiliyor?\u00a0<\/a><ul class='ez-toc-list-level-3' ><li class='ez-toc-heading-level-3'><a class=\"ez-toc-link ez-toc-heading-2\" href=\"https:\/\/annebebekkulubu.com\/blog\/depremzede-cocuklar-icin-koruyucu-aile-olmak\/#Korku_ve_endise\" >Korku ve endi\u015fe<\/a><\/li><li class='ez-toc-page-1 ez-toc-heading-level-3'><a class=\"ez-toc-link ez-toc-heading-3\" href=\"https:\/\/annebebekkulubu.com\/blog\/depremzede-cocuklar-icin-koruyucu-aile-olmak\/#Travma\" >Travma<\/a><\/li><li class='ez-toc-page-1 ez-toc-heading-level-3'><a class=\"ez-toc-link ez-toc-heading-4\" href=\"https:\/\/annebebekkulubu.com\/blog\/depremzede-cocuklar-icin-koruyucu-aile-olmak\/#Duygusal_dalgalanma\" >Duygusal dalgalanma<\/a><\/li><li class='ez-toc-page-1 ez-toc-heading-level-3'><a class=\"ez-toc-link ez-toc-heading-5\" href=\"https:\/\/annebebekkulubu.com\/blog\/depremzede-cocuklar-icin-koruyucu-aile-olmak\/#Baglanma_problemleri\" >Ba\u011flanma problemleri<\/a><\/li><\/ul><\/li><li class='ez-toc-page-1 ez-toc-heading-level-2'><a class=\"ez-toc-link ez-toc-heading-6\" href=\"https:\/\/annebebekkulubu.com\/blog\/depremzede-cocuklar-icin-koruyucu-aile-olmak\/#Depremzede_cocuklari_bekleyen_riskler_nelerdir\" >Depremzede \u00e7ocuklar\u0131 bekleyen riskler nelerdir?<\/a><ul class='ez-toc-list-level-3' ><li class='ez-toc-heading-level-3'><a class=\"ez-toc-link ez-toc-heading-7\" href=\"https:\/\/annebebekkulubu.com\/blog\/depremzede-cocuklar-icin-koruyucu-aile-olmak\/#Fiziksel_guvenlik_riskleri\" >Fiziksel g\u00fcvenlik riskleri<\/a><\/li><li class='ez-toc-page-1 ez-toc-heading-level-3'><a class=\"ez-toc-link ez-toc-heading-8\" href=\"https:\/\/annebebekkulubu.com\/blog\/depremzede-cocuklar-icin-koruyucu-aile-olmak\/#Cocuk_hirsizligi_tehlikesi\" >\u00c7ocuk h\u0131rs\u0131zl\u0131\u011f\u0131 tehlikesi<\/a><\/li><li class='ez-toc-page-1 ez-toc-heading-level-3'><a class=\"ez-toc-link ez-toc-heading-9\" href=\"https:\/\/annebebekkulubu.com\/blog\/depremzede-cocuklar-icin-koruyucu-aile-olmak\/#Psikolojik_guvenlik_riskleri\" >Psikolojik g\u00fcvenlik riskleri<\/a><\/li><li class='ez-toc-page-1 ez-toc-heading-level-3'><a class=\"ez-toc-link ez-toc-heading-10\" href=\"https:\/\/annebebekkulubu.com\/blog\/depremzede-cocuklar-icin-koruyucu-aile-olmak\/#Sosyal_guvenlik_riskleri\" >Sosyal g\u00fcvenlik riskleri<\/a><\/li><li class='ez-toc-page-1 ez-toc-heading-level-3'><a class=\"ez-toc-link ez-toc-heading-11\" href=\"https:\/\/annebebekkulubu.com\/blog\/depremzede-cocuklar-icin-koruyucu-aile-olmak\/#Saglik_guvenlik_riskleri\" >Sa\u011fl\u0131k g\u00fcvenlik riskleri<\/a><\/li><\/ul><\/li><li class='ez-toc-page-1 ez-toc-heading-level-2'><a class=\"ez-toc-link ez-toc-heading-12\" href=\"https:\/\/annebebekkulubu.com\/blog\/depremzede-cocuklar-icin-koruyucu-aile-olmak\/#Koruyucu_aile_nedir_Turkiyede_koruyucu_aile_olabilmek_icin_aranan_sartlar_nelerdir\" >Koruyucu aile nedir? T\u00fcrkiye&#8217;de koruyucu aile olabilmek i\u00e7in aranan \u015fartlar nelerdir?<\/a><ul class='ez-toc-list-level-3' ><li class='ez-toc-heading-level-3'><a class=\"ez-toc-link ez-toc-heading-13\" href=\"https:\/\/annebebekkulubu.com\/blog\/depremzede-cocuklar-icin-koruyucu-aile-olmak\/#Turkiyede_koruyucu_aile_olabilmek_icin_asagidaki_sartlar_gerekmektedir\" >T\u00fcrkiye&#8217;de koruyucu aile olabilmek i\u00e7in a\u015fa\u011f\u0131daki \u015fartlar gerekmektedir:\u00a0<\/a><\/li><\/ul><\/li><li class='ez-toc-page-1 ez-toc-heading-level-2'><a class=\"ez-toc-link ez-toc-heading-14\" href=\"https:\/\/annebebekkulubu.com\/blog\/depremzede-cocuklar-icin-koruyucu-aile-olmak\/#Depremzede_cocuklara_koruyucu_aile_nasil_olunur\" >Depremzede \u00e7ocuklara koruyucu aile nas\u0131l olunur?\u00a0<\/a><\/li><li class='ez-toc-page-1 ez-toc-heading-level-2'><a class=\"ez-toc-link ez-toc-heading-15\" href=\"https:\/\/annebebekkulubu.com\/blog\/depremzede-cocuklar-icin-koruyucu-aile-olmak\/#Yurtdisinda_yasayanlar_koruyucu_aile_olabilir_mi\" >Yurtd\u0131\u015f\u0131nda ya\u015fayanlar koruyucu aile olabilir mi?<\/a><\/li><li class='ez-toc-page-1 ez-toc-heading-level-2'><a class=\"ez-toc-link ez-toc-heading-16\" href=\"https:\/\/annebebekkulubu.com\/blog\/depremzede-cocuklar-icin-koruyucu-aile-olmak\/#Koruyucu_aile_basvurusu_nasil_yapilir\" >Koruyucu aile ba\u015fvurusu nas\u0131l yap\u0131l\u0131r?<\/a><\/li><li class='ez-toc-page-1 ez-toc-heading-level-2'><a class=\"ez-toc-link ez-toc-heading-17\" href=\"https:\/\/annebebekkulubu.com\/blog\/depremzede-cocuklar-icin-koruyucu-aile-olmak\/#Depremzede_cocuklar_ne_zamana_kadar_koruyucu_ailelerde_kalacak\" >Depremzede \u00e7ocuklar ne zamana kadar koruyucu ailelerde kalacak?<\/a><\/li><li class='ez-toc-page-1 ez-toc-heading-level-2'><a class=\"ez-toc-link ez-toc-heading-18\" href=\"https:\/\/annebebekkulubu.com\/blog\/depremzede-cocuklar-icin-koruyucu-aile-olmak\/#Koruyucu_ailelere_ve_cocuklara_saglanan_destekler_nelerdir\" >Koruyucu ailelere ve \u00e7ocuklara sa\u011flanan destekler nelerdir?<\/a><\/li><li class='ez-toc-page-1 ez-toc-heading-level-2'><a class=\"ez-toc-link ez-toc-heading-19\" href=\"https:\/\/annebebekkulubu.com\/blog\/depremzede-cocuklar-icin-koruyucu-aile-olmak\/#Kayip_cocuklar_ile_ilgili_ne_yapabiliriz\" >Kay\u0131p \u00e7ocuklar ile ilgili ne yapabiliriz?\u00a0<\/a><\/li><li class='ez-toc-page-1 ez-toc-heading-level-2'><a class=\"ez-toc-link ez-toc-heading-20\" href=\"https:\/\/annebebekkulubu.com\/blog\/depremzede-cocuklar-icin-koruyucu-aile-olmak\/#Aile_ve_Sosyal_Hizmetler_Bakanligi_%E2%80%93_Kayip_ve_Refakatsiz_Cocuklar_icin_Iletisim_Bilgileri\" >Aile ve Sosyal Hizmetler Bakanl\u0131\u011f\u0131 &#8211; Kay\u0131p ve Refakatsiz \u00c7ocuklar i\u00e7in \u0130leti\u015fim Bilgileri<\/a><ul class='ez-toc-list-level-4' ><li class='ez-toc-heading-level-4'><ul class='ez-toc-list-level-4' ><li class='ez-toc-heading-level-4'><a class=\"ez-toc-link ez-toc-heading-21\" href=\"https:\/\/annebebekkulubu.com\/blog\/depremzede-cocuklar-icin-koruyucu-aile-olmak\/#0501_730_10_505152_%E2%80%A660\" >0501 730 10 50\/51\/52 \u202660<\/a><ul class='ez-toc-list-level-6' ><li class='ez-toc-heading-level-6'><ul class='ez-toc-list-level-6' ><li class='ez-toc-heading-level-6'><a class=\"ez-toc-link ez-toc-heading-22\" href=\"https:\/\/annebebekkulubu.com\/blog\/depremzede-cocuklar-icin-koruyucu-aile-olmak\/#Daha_fazla_bilgi_ve_iletisim_icin_Aile_ve_Sosyal_Hizmetler_Bakanliginin_web_sitesini_ziyaret_edebilirsiniz_https_wwwailegovtr\" >Daha fazla bilgi ve ileti\u015fim i\u00e7in Aile ve Sosyal Hizmetler Bakanl\u0131\u011f\u0131&#8217;n\u0131n web sitesini ziyaret edebilirsiniz. https:\/\/www.aile.gov.tr\/<\/a><\/li><\/ul><\/li><\/ul><\/li><\/ul><\/li><\/ul><\/li><\/ul><\/nav><\/div>\n<p>\u00dclke olarak yastay\u0131z. Y\u00fczy\u0131l\u0131n felaketini ya\u015fad\u0131k. Akl\u0131m\u0131z, kalbimiz ve b\u00fct\u00fcn ruhumuzla deprem b\u00f6lgelerindeyiz. Anne Bebek Kul\u00fcb\u00fc olarak; do\u011fru bilgiyi payla\u015fma, anne ve \u00e7ocuklar\u0131n yarar\u0131na \u00e7al\u0131\u015f\u0131yoruz. Depremle birlikte y\u0131k\u0131lan ailelerimize Allah&#8217;tan rahmet diliyor ve yak\u0131nlar\u0131na sab\u0131rlar diliyorum. Sizlerin \u00e7ocuklar\u0131, art\u0131k bizlerin evlatlar\u0131. Aile ve Sosyal Hizmetler Bakanl\u0131\u011f\u0131, konuyla ilgili olarak; kay\u0131p ve ailesini depremde yitirmi\u015f depremzede \u00e7ocuklar\u0131m\u0131za<strong> koruyucu aile olmak i<\/strong>steyenlere s\u00fcre\u00e7 ile ilgili a\u00e7\u0131klamalarda bulundu.<\/p>\n<p><span style=\"font-weight: 400;\">Aile ve yak\u0131nlar\u0131na ula\u015f\u0131lamayan \u00e7ocuklar\u0131n ilk olarak Bakanl\u0131\u011fa ba\u011fl\u0131 kurulu\u015flara al\u0131nd\u0131\u011f\u0131 ifade edilen a\u00e7\u0131klamada, \u00e7ocuklar\u0131n g\u00fcvenli \u015fekilde bak\u0131mlar\u0131n\u0131n sa\u011fland\u0131\u011f\u0131 ve ailelerine ula\u015fma \u00e7al\u0131\u015fmalar\u0131n\u0131n yap\u0131ld\u0131\u011f\u0131 belirtildi. Peki <strong>depremzede \u00e7ocuklara koruyucu aile olmak isteyenler nereye ba\u015fvurabilir?<\/strong> Aile ve Sosyal Hizmetler Bakanl\u0131\u011f\u0131\u2019n\u0131n koruyucu aile olabilmek i\u00e7in arad\u0131\u011f\u0131 \u015fartlar nelerdir?<\/span><\/p>\n<figure id=\"attachment_13529\" aria-describedby=\"caption-attachment-13529\" style=\"width: 1300px\" class=\"wp-caption alignnone\"><img decoding=\"async\" class=\"size-full wp-image-13529\" src=\"https:\/\/i0.wp.com\/annebebekkulubu.com\/blog\/wp-content\/uploads\/2023\/02\/Deprem-cocuklarin-psikolojisini-nasil-etkiliyor-.png?resize=696%2C428&#038;ssl=1\" alt=\"Deprem \u00e7ocuklar\u0131n psikolojisini nas\u0131l etkiliyor?\u00a0\" width=\"696\" height=\"428\" srcset=\"https:\/\/i0.wp.com\/annebebekkulubu.com\/blog\/wp-content\/uploads\/2023\/02\/Deprem-cocuklarin-psikolojisini-nasil-etkiliyor-.png?w=1300&amp;ssl=1 1300w, https:\/\/i0.wp.com\/annebebekkulubu.com\/blog\/wp-content\/uploads\/2023\/02\/Deprem-cocuklarin-psikolojisini-nasil-etkiliyor-.png?resize=300%2C185&amp;ssl=1 300w, https:\/\/i0.wp.com\/annebebekkulubu.com\/blog\/wp-content\/uploads\/2023\/02\/Deprem-cocuklarin-psikolojisini-nasil-etkiliyor-.png?resize=1024%2C630&amp;ssl=1 1024w, https:\/\/i0.wp.com\/annebebekkulubu.com\/blog\/wp-content\/uploads\/2023\/02\/Deprem-cocuklarin-psikolojisini-nasil-etkiliyor-.png?resize=768%2C473&amp;ssl=1 768w, https:\/\/i0.wp.com\/annebebekkulubu.com\/blog\/wp-content\/uploads\/2023\/02\/Deprem-cocuklarin-psikolojisini-nasil-etkiliyor-.png?resize=696%2C428&amp;ssl=1 696w, https:\/\/i0.wp.com\/annebebekkulubu.com\/blog\/wp-content\/uploads\/2023\/02\/Deprem-cocuklarin-psikolojisini-nasil-etkiliyor-.png?resize=1068%2C657&amp;ssl=1 1068w\" sizes=\"(max-width: 696px) 100vw, 696px\" data-recalc-dims=\"1\" \/><figcaption id=\"caption-attachment-13529\" class=\"wp-caption-text\">Deprem \u00e7ocuklar\u0131n psikolojisini nas\u0131l etkiliyor?<\/figcaption><\/figure>\n<h2><span class=\"ez-toc-section\" id=\"Deprem_cocuklarin_psikolojisini_nasil_etkiliyor\"><\/span><b>Deprem \u00e7ocuklar\u0131n psikolojisini nas\u0131l etkiliyor?\u00a0<\/b><span class=\"ez-toc-section-end\"><\/span><\/h2>\n<p><span style=\"font-weight: 400;\">Deprem, \u00e7ocuklar i\u00e7in olduk\u00e7a stresli ve travmatik bir deneyim olabilir. \u00c7ocuklar, do\u011fal afetlerin veya beklenmedik olaylar\u0131n korkun\u00e7 ve g\u00fcvenli\u011fini tehlikeye atabilece\u011fini anlamaya e\u015fit olmayabilir. Bu nedenle, deprem \u00e7ocuklar\u0131n psikolojisini ciddi \u015fekilde etkileyebilir.<\/span><\/p>\n<p><span style=\"font-weight: 400;\">Deprem s\u0131ras\u0131nda ve sonras\u0131nda \u00e7ocuklar\u0131n ya\u015fad\u0131\u011f\u0131 \u015feyler, onlar\u0131n g\u00fcvenli\u011fini tehlikeye atabilecek veya kay\u0131plar\u0131n\u0131n veya sevdiklerinin g\u00fcvenli\u011fini endi\u015fe duymalar\u0131na neden olabilir. Ayr\u0131ca, \u00e7ocuklar\u0131n evlerinin veya okullar\u0131n\u0131n y\u0131k\u0131lmas\u0131, arkada\u015flar\u0131n\u0131n veya aile \u00fcyelerinin yoklu\u011fu gibi durumlar da \u00e7ocuklar\u0131n psikolojik durumunu negatif y\u00f6nde etkileyebilir.<\/span><\/p>\n<p><span style=\"font-weight: 400;\">Depremin sonras\u0131nda \u00e7ocuklar, uyku d\u00fczenlerindeki bozulma, a\u015f\u0131r\u0131 endi\u015fe, \u00f6fke, keder, uyku bozukluklar\u0131, yeme veya i\u00e7me davran\u0131\u015flar\u0131ndaki de\u011fi\u015fiklikler gibi belirtiler g\u00f6sterebilir. Ayr\u0131ca, depremin sonras\u0131nda \u00e7ocuklar, travma ya\u015fad\u0131klar\u0131 i\u00e7in tedavi gerekebilir.<\/span><\/p>\n<p><span style=\"font-weight: 400;\">Bu nedenle, deprem sonras\u0131nda \u00e7ocuklar i\u00e7in uygun destek ve tedavi hizmetlerine eri\u015fim sa\u011flanmas\u0131 \u00f6nemlidir. Aileler, \u00e7ocuklar\u0131n ihtiya\u00e7lar\u0131n\u0131 anlamaya ve onlara destek vermeye \u00e7al\u0131\u015fmal\u0131d\u0131r. Ayr\u0131ca, \u00e7ocuklar\u0131n kayg\u0131lar\u0131n\u0131 ve endi\u015felerini ifade etmelerine izin verilmeli ve onlarla birlikte ge\u00e7irdi\u011finiz zamanlar, aktiviteler veya terapilerle onlar\u0131n iyile\u015fmelerine yard\u0131mc\u0131 olunmal\u0131d\u0131r.<\/span><span style=\"font-weight: 400;\"><br \/>\n<\/span><\/p>\n<p><b>Deprem \u00e7ocuklar\u0131n psikolojileri \u00fczerinde a\u015fa\u011f\u0131daki etkileri g\u00f6sterir:<\/b><span style=\"font-weight: 400;\"><br \/>\n<\/span><\/p>\n<h3><span class=\"ez-toc-section\" id=\"Korku_ve_endise\"><\/span><b>Korku ve endi\u015fe<\/b><span class=\"ez-toc-section-end\"><\/span><\/h3>\n<p><span style=\"font-weight: 400;\">\u00c7ocuklar, depremin s\u0131ras\u0131nda ve sonras\u0131nda kendileri ve aileleri i\u00e7in tehlike olu\u015ftu\u011funu d\u00fc\u015f\u00fcnebilirler ve bu korku ve endi\u015feyi ya\u015fayabilirler.<\/span><\/p>\n<h3><span class=\"ez-toc-section\" id=\"Travma\"><\/span><b>Travma<\/b><span class=\"ez-toc-section-end\"><\/span><\/h3>\n<p><span style=\"font-weight: 400;\">Deprem sonras\u0131nda \u00e7ocuklar g\u00f6r\u00fclen y\u0131k\u0131lan binalar, kaybolan evler ve hayatlar\u0131n\u0131 kaybeden insanlar gibi travmatik olaylarla kar\u015f\u0131la\u015fabilirler.<br \/>\n<\/span><\/p>\n<h3><span class=\"ez-toc-section\" id=\"Duygusal_dalgalanma\"><\/span><b>Duygusal dalgalanma<\/b><span class=\"ez-toc-section-end\"><\/span><\/h3>\n<p><span style=\"font-weight: 400;\">Depremin etkisi alt\u0131nda olan \u00e7ocuklar duygusal olarak labil hale gelebilir ve a\u011flama, \u00f6fke veya uyku problemleri gibi belirtiler g\u00f6sterebilirler.<\/span><span style=\"font-weight: 400;\"><br \/>\n<\/span><\/p>\n<h3><span class=\"ez-toc-section\" id=\"Baglanma_problemleri\"><\/span><b>Ba\u011flanma problemleri<\/b><span class=\"ez-toc-section-end\"><\/span><\/h3>\n<p><span style=\"font-weight: 400;\">Deprem sonras\u0131nda aile bireyleri aras\u0131ndaki ba\u011flant\u0131lar zay\u0131flayabilir veya aile bireylerinin birbirlerine olan g\u00fcveni zay\u0131flayabilir.<\/span><\/p>\n<p><span style=\"font-weight: 400;\">Bu etkiler, \u00e7ocu\u011fun ya\u015f\u0131na, cinsiyetine, ki\u015fisel ve ailevi fakt\u00f6rlere g\u00f6re farkl\u0131 \u015fekillerde ve farkl\u0131 derecelerde ortaya \u00e7\u0131kabilir. Aileler ve \u00e7ocuklar\u0131n psikolojik deste\u011fe ihtiyac\u0131 oldu\u011funu unutmamal\u0131d\u0131r. Terap\u00f6tik destek, aile terapisi veya grup terapisi gibi \u00e7\u00f6z\u00fcmler \u00e7ocu\u011fun iyile\u015fmesine yard\u0131mc\u0131 olunabilir.<\/span><\/p>\n<p><strong>Okumal\u0131s\u0131n\u0131z: <a href=\"https:\/\/annebebekkulubu.com\/blog\/bebegimle-depremden-nasil-korunurum\/\">Bebe\u011fimle depremden nas\u0131l korunurum?\u00a0<\/a><\/strong><\/p>\n<figure id=\"attachment_13532\" aria-describedby=\"caption-attachment-13532\" style=\"width: 1300px\" class=\"wp-caption alignnone\"><img decoding=\"async\" class=\"size-full wp-image-13532\" src=\"https:\/\/i0.wp.com\/annebebekkulubu.com\/blog\/wp-content\/uploads\/2023\/02\/Depremzede-cocuklari-bekleyen-riskler-nelerdir.png?resize=696%2C428&#038;ssl=1\" alt=\"Depremzede \u00e7ocuklar\u0131 bekleyen riskler nelerdir?\" width=\"696\" height=\"428\" srcset=\"https:\/\/i0.wp.com\/annebebekkulubu.com\/blog\/wp-content\/uploads\/2023\/02\/Depremzede-cocuklari-bekleyen-riskler-nelerdir.png?w=1300&amp;ssl=1 1300w, https:\/\/i0.wp.com\/annebebekkulubu.com\/blog\/wp-content\/uploads\/2023\/02\/Depremzede-cocuklari-bekleyen-riskler-nelerdir.png?resize=300%2C185&amp;ssl=1 300w, https:\/\/i0.wp.com\/annebebekkulubu.com\/blog\/wp-content\/uploads\/2023\/02\/Depremzede-cocuklari-bekleyen-riskler-nelerdir.png?resize=1024%2C630&amp;ssl=1 1024w, https:\/\/i0.wp.com\/annebebekkulubu.com\/blog\/wp-content\/uploads\/2023\/02\/Depremzede-cocuklari-bekleyen-riskler-nelerdir.png?resize=768%2C473&amp;ssl=1 768w, https:\/\/i0.wp.com\/annebebekkulubu.com\/blog\/wp-content\/uploads\/2023\/02\/Depremzede-cocuklari-bekleyen-riskler-nelerdir.png?resize=696%2C428&amp;ssl=1 696w, https:\/\/i0.wp.com\/annebebekkulubu.com\/blog\/wp-content\/uploads\/2023\/02\/Depremzede-cocuklari-bekleyen-riskler-nelerdir.png?resize=1068%2C657&amp;ssl=1 1068w\" sizes=\"(max-width: 696px) 100vw, 696px\" data-recalc-dims=\"1\" \/><figcaption id=\"caption-attachment-13532\" class=\"wp-caption-text\">Depremzede \u00e7ocuklar\u0131 bekleyen riskler nelerdir?<\/figcaption><\/figure>\n<h2><span class=\"ez-toc-section\" id=\"Depremzede_cocuklari_bekleyen_riskler_nelerdir\"><\/span><b>Depremzede \u00e7ocuklar\u0131 bekleyen riskler nelerdir? <\/b><span class=\"ez-toc-section-end\"><\/span><\/h2>\n<p><span style=\"font-weight: 400;\">Deprem sonras\u0131, \u00e7ocuklar i\u00e7in bir\u00e7ok g\u00fcvenlik riski bulunabilir. A\u015fa\u011f\u0131daki risklerden baz\u0131lar\u0131 \u015funlard\u0131r:<\/span><\/p>\n<h3><span class=\"ez-toc-section\" id=\"Fiziksel_guvenlik_riskleri\"><\/span><b>Fiziksel g\u00fcvenlik riskleri<\/b><span class=\"ez-toc-section-end\"><\/span><\/h3>\n<p><span style=\"font-weight: 400;\">Deprem sonras\u0131, y\u0131k\u0131k d\u00fczenekler, \u00e7atlam\u0131\u015f camlar, kaybolan evler gibi fiziksel g\u00fcvenlik riskleri bulunabilir. \u00c7ocuklar bu risklere maruz kalabilir veya yaralanabilir.<\/span><\/p>\n<h3><span class=\"ez-toc-section\" id=\"Cocuk_hirsizligi_tehlikesi\"><\/span><b>\u00c7ocuk h\u0131rs\u0131zl\u0131\u011f\u0131 tehlikesi<\/b><span class=\"ez-toc-section-end\"><\/span><\/h3>\n<p>Deprem nedeniyle b\u00f6lgede ya\u011fmalama ve \u00e7ocuklar\u0131n ka\u00e7\u0131r\u0131l\u0131p \u015fiddet g\u00f6rmesi olaylar\u0131 g\u00f6r\u00fclmeye ba\u015fland\u0131. Emniyet g\u00fc\u00e7leri ve Jandarma b\u00f6lgedeki depremzedelerin ve yard\u0131m getiren ki\u015fi ve kurulu\u015flar\u0131n g\u00fcvenli\u011fini sa\u011flamaya \u00e7al\u0131\u015f\u0131yor.<\/p>\n<h3><span class=\"ez-toc-section\" id=\"Psikolojik_guvenlik_riskleri\"><\/span><b>Psikolojik g\u00fcvenlik riskleri<\/b><span class=\"ez-toc-section-end\"><\/span><\/h3>\n<p><span style=\"font-weight: 400;\">Deprem sonras\u0131, \u00e7ocuklar travmatik olaylarla kar\u015f\u0131la\u015fabilir veya aile \u00fcyeleri aras\u0131ndaki ba\u011flant\u0131lar zay\u0131flayabilir. Bu durumlar, \u00e7ocu\u011fun psikolojik sa\u011fl\u0131\u011f\u0131n\u0131 olumsuz etkileyebilir veya g\u00fcvenli\u011fini tehlikeye atabilir.<\/span><\/p>\n<h3><span class=\"ez-toc-section\" id=\"Sosyal_guvenlik_riskleri\"><\/span><b>Sosyal g\u00fcvenlik riskleri<\/b><span class=\"ez-toc-section-end\"><\/span><\/h3>\n<p><span style=\"font-weight: 400;\">Deprem sonras\u0131, ailelerin evlerini ve i\u015flerini kaybetmeleri, \u00e7ocuklar\u0131n okullar\u0131n\u0131 terk etmeleri gibi durumlar \u00e7ocuklar\u0131n sosyal ba\u011flant\u0131lar\u0131n\u0131 zay\u0131flatabilir veya kopmas\u0131na neden olabilir. Bu durumlar, \u00e7ocu\u011fun g\u00fcvenli\u011fini tehlikeye atabilir.<\/span><\/p>\n<h3><span class=\"ez-toc-section\" id=\"Saglik_guvenlik_riskleri\"><\/span><b>Sa\u011fl\u0131k g\u00fcvenlik riskleri<\/b><span class=\"ez-toc-section-end\"><\/span><\/h3>\n<p><span style=\"font-weight: 400;\">Deprem sonras\u0131, \u00e7ocuklar\u0131n uyku d\u00fczenleri bozulabilir, beslenme al\u0131\u015fkanl\u0131klar\u0131 de\u011fi\u015febilir veya fiziksel aktivite seviyeleri azalabilir. Bu durumlar \u00e7ocu\u011fun fiziksel ve psikolojik sa\u011fl\u0131\u011f\u0131n\u0131 olumsuz etkileyebilir ve g\u00fcvenli\u011fini tehlikeye atabilir.<\/span><\/p>\n<p><span style=\"font-weight: 400;\">Bu g\u00fcvenlik risklerine kar\u015f\u0131 \u00e7ocuklar\u0131n g\u00fcvende ve destekli hissetmelerine yard\u0131mc\u0131 olmak i\u00e7in aile ve toplum taraf\u0131ndan harekete ge\u00e7ilmelidir. Aile bireyleri, \u00e7ocuklar\u0131n kayg\u0131lar\u0131n\u0131 ve endi\u015felerini dinlemeli ve onlara destek olmal\u0131d\u0131r. Ayn\u0131 zamanda uygun fiziksel ve psikolojik deste\u011fin sunulmas\u0131 da \u00e7ocuklar\u0131n g\u00fcvenli\u011fini koruyacakt\u0131r.<\/span><\/p>\n<figure id=\"attachment_13528\" aria-describedby=\"caption-attachment-13528\" style=\"width: 1300px\" class=\"wp-caption alignnone\"><img decoding=\"async\" class=\"size-full wp-image-13528\" src=\"https:\/\/i0.wp.com\/annebebekkulubu.com\/blog\/wp-content\/uploads\/2023\/02\/Depremzede-cocuklara-koruyucu-aile-olmak-isteyenler.png?resize=696%2C428&#038;ssl=1\" alt=\"Depremzede \u00e7ocuklara koruyucu aile olmak isteyenler\" width=\"696\" height=\"428\" srcset=\"https:\/\/i0.wp.com\/annebebekkulubu.com\/blog\/wp-content\/uploads\/2023\/02\/Depremzede-cocuklara-koruyucu-aile-olmak-isteyenler.png?w=1300&amp;ssl=1 1300w, https:\/\/i0.wp.com\/annebebekkulubu.com\/blog\/wp-content\/uploads\/2023\/02\/Depremzede-cocuklara-koruyucu-aile-olmak-isteyenler.png?resize=300%2C185&amp;ssl=1 300w, https:\/\/i0.wp.com\/annebebekkulubu.com\/blog\/wp-content\/uploads\/2023\/02\/Depremzede-cocuklara-koruyucu-aile-olmak-isteyenler.png?resize=1024%2C630&amp;ssl=1 1024w, https:\/\/i0.wp.com\/annebebekkulubu.com\/blog\/wp-content\/uploads\/2023\/02\/Depremzede-cocuklara-koruyucu-aile-olmak-isteyenler.png?resize=768%2C473&amp;ssl=1 768w, https:\/\/i0.wp.com\/annebebekkulubu.com\/blog\/wp-content\/uploads\/2023\/02\/Depremzede-cocuklara-koruyucu-aile-olmak-isteyenler.png?resize=696%2C428&amp;ssl=1 696w, https:\/\/i0.wp.com\/annebebekkulubu.com\/blog\/wp-content\/uploads\/2023\/02\/Depremzede-cocuklara-koruyucu-aile-olmak-isteyenler.png?resize=1068%2C657&amp;ssl=1 1068w\" sizes=\"(max-width: 696px) 100vw, 696px\" data-recalc-dims=\"1\" \/><figcaption id=\"caption-attachment-13528\" class=\"wp-caption-text\">Depremzede \u00e7ocuklara koruyucu aile olmak isteyenler<\/figcaption><\/figure>\n<h2><span class=\"ez-toc-section\" id=\"Koruyucu_aile_nedir_Turkiyede_koruyucu_aile_olabilmek_icin_aranan_sartlar_nelerdir\"><\/span><b>Koruyucu aile nedir? T\u00fcrkiye&#8217;de koruyucu aile olabilmek i\u00e7in aranan \u015fartlar nelerdir?<\/b><span class=\"ez-toc-section-end\"><\/span><\/h2>\n<p><span style=\"font-weight: 400;\">Koruyucu aile; \u00e7e\u015fitli nedenlerle \u00f6z ailesi yan\u0131nda bak\u0131mlar\u0131 bir s\u00fcre i\u00e7in sa\u011flanamayan \u00e7ocuklar\u0131m\u0131z\u0131n kendi aile ortamlar\u0131nda e\u011fitim, bak\u0131m ve yeti\u015ftirilme sorumlulu\u011funu k\u0131sa veya uzun s\u00fcreli olarak, \u00fccretli veya g\u00f6n\u00fcll\u00fc stat\u00fcde devlet denetiminde payla\u015fan, hissettikleri toplumsal sorumlulu\u011fu g\u00f6sterebilen uygun aile ya da ki\u015filerdir.<\/span><\/p>\n<p><span style=\"font-weight: 400;\">Koruyucu Aile Y\u00f6netmeli\u011fi kapsam\u0131nda ailelerden \u00e7e\u015fitli belgeler istenmekte(sa\u011fl\u0131k raporu, adli sicil kayd\u0131, \u00f6\u011fenim belgesi, gelir belgesi vb) bununla birlikte \u00e7ocuk ile koruyucu aile ili\u015fkileri a\u00e7\u0131s\u0131ndan \u00f6nem ta\u015f\u0131yan temel mesleki de\u011ferlendirmelerine esas olu\u015fturacak incelemeler yap\u0131lmaktad\u0131r.<\/span><\/p>\n<h3><span class=\"ez-toc-section\" id=\"Turkiyede_koruyucu_aile_olabilmek_icin_asagidaki_sartlar_gerekmektedir\"><\/span><b>T\u00fcrkiye&#8217;de koruyucu aile olabilmek i\u00e7in a\u015fa\u011f\u0131daki \u015fartlar gerekmektedir:\u00a0<\/b><span class=\"ez-toc-section-end\"><\/span><\/h3>\n<p><span style=\"font-weight: 400;\">Evli, bekar ve kendi \u00f6z \u00e7ocuklar\u0131n\u0131z olsa dahi herkes a\u015fa\u011f\u0131daki ko\u015fullar\u0131 sa\u011flad\u0131\u011f\u0131 takdirde koruyucu anne, baba ya da aile stat\u00fcs\u00fcne kavu\u015fabilir;<\/span><\/p>\n<ul>\n<li style=\"font-weight: 400;\" aria-level=\"1\"><span style=\"font-weight: 400;\">T.C. vatanda\u015f\u0131 iseniz<\/span><\/li>\n<li style=\"font-weight: 400;\" aria-level=\"1\"><span style=\"font-weight: 400;\">S\u00fcrekli T\u00fcrkiye\u2019de ikamet ediyorsan\u0131z<\/span><\/li>\n<li style=\"font-weight: 400;\" aria-level=\"1\"><span style=\"font-weight: 400;\">25-65 Ya\u015flar\u0131 aras\u0131ndaysan\u0131z<\/span><\/li>\n<li style=\"font-weight: 400;\" aria-level=\"1\"><span style=\"font-weight: 400;\">En az ilkokul mezunu iseniz<\/span><\/li>\n<li style=\"font-weight: 400;\" aria-level=\"1\"><span style=\"font-weight: 400;\">D\u00fczenli bir gelire sahipseniz<\/span><\/li>\n<li style=\"font-weight: 400;\" aria-level=\"1\"><span style=\"font-weight: 400;\">\u00c7ocu\u011fun biyolojik anne-babas\u0131 ya da vasisi de\u011filseniz<\/span><\/li>\n<\/ul>\n<p><b>Koruyucu aile olabilmeniz i\u00e7in \u00f6zellikle a\u015fa\u011f\u0131daki kriterleri ta\u015f\u0131man\u0131z \u00f6nemlidir: <\/b><\/p>\n<p><b>Ya\u015f ve sa\u011fl\u0131k durumu<\/b><span style=\"font-weight: 400;\">: Koruyucu aile olmak i\u00e7in, belirli ya\u015f ve sa\u011fl\u0131k ko\u015fullar\u0131na uymak gerekir. Genellikle koruyucu aile olmak i\u00e7in 40 ya\u015f ve \u00fczerinde olmak ve sa\u011fl\u0131kl\u0131 bir fiziksel ve duygusal durumda olmak gerekir.<\/span><\/p>\n<p><b>Ev ve \u00e7evre ko\u015fullar\u0131:<\/b><span style=\"font-weight: 400;\"> Koruyucu aile olmak i\u00e7in, evinizin g\u00fcvenli, rahat ve uygun bir \u00e7ocuk bak\u0131m ortam\u0131 sunmas\u0131 gerekir. Ayn\u0131 zamanda \u00e7evrenin de \u00e7ocu\u011fun g\u00fcvenli\u011fine uygun olmas\u0131 beklenir.<\/span><\/p>\n<p><b>Finansal durum:<\/b><span style=\"font-weight: 400;\"> Koruyucu aile olmak i\u00e7in, yeterli maddi kayna\u011fa sahip olman\u0131z ve \u00e7ocu\u011fun g\u00fcnl\u00fck ihtiya\u00e7lar\u0131n\u0131 kar\u015f\u0131layabilecek bir maddi durumda olman\u0131z gerekir.<\/span><\/p>\n<p><b>E\u011fitim ve deneyim:<\/b><span style=\"font-weight: 400;\"> Koruyucu aile olmak i\u00e7in, \u00e7ocuk bak\u0131m\u0131 ve e\u011fitimi ile ilgili e\u011fitim veya deneyiminizin olmas\u0131 tercih edilir.<\/span><\/p>\n<p><b>Sosyal beceri ve yetenekler:<\/b><span style=\"font-weight: 400;\"> Koruyucu aile olmak i\u00e7in, insanlarla ili\u015fki kurma, dinleme, anla\u015fma ve problem \u00e7\u00f6zme becerilerinizin geli\u015fmi\u015f olmas\u0131 beklenir.<\/span><\/p>\n<p><b>\u0130\u015f ve aile hayat\u0131: <\/b><span style=\"font-weight: 400;\">Koruyucu aile olmak i\u00e7in, i\u015f ve aile hayat\u0131n\u0131z\u0131n dengeli ve stabil olmas\u0131 gerekir.<\/span><\/p>\n<p><span style=\"font-weight: 400;\">Bu \u015fartlar genel bir \u00e7er\u00e7evedir ve her kurumun farkl\u0131 kriterlere ve ko\u015fullara sahip olmas\u0131 m\u00fcmk\u00fcnd\u00fcr. Koruyucu aile olmak isteyen ki\u015filer, Aile ve Sosyal Hizmetler Bakanl\u0131\u011f\u0131 ile ileti\u015fime ge\u00e7erek detayl\u0131 bilgi ve ko\u015fullar hakk\u0131nda bilgi alabilirler.<br \/>\n<\/span><\/p>\n<figure id=\"attachment_13533\" aria-describedby=\"caption-attachment-13533\" style=\"width: 1300px\" class=\"wp-caption alignnone\"><img decoding=\"async\" class=\"size-full wp-image-13533\" src=\"https:\/\/i0.wp.com\/annebebekkulubu.com\/blog\/wp-content\/uploads\/2023\/02\/Depremzede-cocuklara-koruyucu-aile-nasil-olunur-.png?resize=696%2C428&#038;ssl=1\" alt=\"Depremzede \u00e7ocuklara koruyucu aile nas\u0131l olunur?\u00a0\" width=\"696\" height=\"428\" srcset=\"https:\/\/i0.wp.com\/annebebekkulubu.com\/blog\/wp-content\/uploads\/2023\/02\/Depremzede-cocuklara-koruyucu-aile-nasil-olunur-.png?w=1300&amp;ssl=1 1300w, https:\/\/i0.wp.com\/annebebekkulubu.com\/blog\/wp-content\/uploads\/2023\/02\/Depremzede-cocuklara-koruyucu-aile-nasil-olunur-.png?resize=300%2C185&amp;ssl=1 300w, https:\/\/i0.wp.com\/annebebekkulubu.com\/blog\/wp-content\/uploads\/2023\/02\/Depremzede-cocuklara-koruyucu-aile-nasil-olunur-.png?resize=1024%2C630&amp;ssl=1 1024w, https:\/\/i0.wp.com\/annebebekkulubu.com\/blog\/wp-content\/uploads\/2023\/02\/Depremzede-cocuklara-koruyucu-aile-nasil-olunur-.png?resize=768%2C473&amp;ssl=1 768w, https:\/\/i0.wp.com\/annebebekkulubu.com\/blog\/wp-content\/uploads\/2023\/02\/Depremzede-cocuklara-koruyucu-aile-nasil-olunur-.png?resize=696%2C428&amp;ssl=1 696w, https:\/\/i0.wp.com\/annebebekkulubu.com\/blog\/wp-content\/uploads\/2023\/02\/Depremzede-cocuklara-koruyucu-aile-nasil-olunur-.png?resize=1068%2C657&amp;ssl=1 1068w\" sizes=\"(max-width: 696px) 100vw, 696px\" data-recalc-dims=\"1\" \/><figcaption id=\"caption-attachment-13533\" class=\"wp-caption-text\">Depremzede \u00e7ocuklara koruyucu aile nas\u0131l olunur?<\/figcaption><\/figure>\n<h2><span class=\"ez-toc-section\" id=\"Depremzede_cocuklara_koruyucu_aile_nasil_olunur\"><\/span><b>Depremzede \u00e7ocuklara koruyucu aile nas\u0131l olunur?\u00a0<\/b><span class=\"ez-toc-section-end\"><\/span><\/h2>\n<p><span style=\"font-weight: 400;\">Evinizde \u00e7ocuk i\u00e7in uygun bir ortam d\u00fczenlemeniz ve aileniz ile sosyal \u00e7evrenizi bu konuda haz\u0131rlaman\u0131z gerekmektedir. Koruyucu aile se\u00e7imi yap\u0131l\u0131rken Karde\u015f \u00e7ocuklar\u0131n bir arada ayn\u0131 aileye yerle\u015ftirilmesi tercih edilmektedir. \u00c7ocuklar ve koruyucu aile aras\u0131nda birebir ili\u015fki kurulmas\u0131 ve \u00e7ocuklar\u0131n sa\u011fl\u0131kl\u0131 bireysel geli\u015fimlerinin sa\u011flanaca\u011f\u0131 uygun \u015fartlar\u0131n bulunmas\u0131 konular\u0131 de\u011ferlendirilerek karar verilecektir. Koruyucu ailelere 3 \u00e7ocuk yerle\u015ftirilebilmektedir.<\/span><\/p>\n<p><span style=\"font-weight: 400;\">\u00dclkemizde;\u00a0<\/span><\/p>\n<ul>\n<li><span style=\"font-weight: 400;\">\u00d6z ailesi bulunan,<\/span><\/li>\n<li><span style=\"font-weight: 400;\">\u00d6z ailesince bir s\u00fcre i\u00e7in bak\u0131lamayan,<\/span><\/li>\n<li><span style=\"font-weight: 400;\">\u00c7e\u015fitli nedenlerle evlat edindirilme \u015fans\u0131n\u0131 t\u00fcm\u00fcyle yitirmi\u015f olan,<\/span><\/li>\n<\/ul>\n<p><span style=\"font-weight: 400;\">K\u0131z ya da erkek,<\/span><\/p>\n<ul>\n<li><span style=\"font-weight: 400;\">Sa\u011fl\u0131kl\u0131 ya da engel durumu olan,<\/span><\/li>\n<li><span style=\"font-weight: 400;\">Tek ya da karde\u015f olup, koruyucu aile yan\u0131na yerle\u015ftirilmeye uygun oldu\u011fu meslek elemanlar\u0131 taraf\u0131ndan belirlenmi\u015f \u00e7ocuklard\u0131r.<br \/>\n<\/span><\/li>\n<\/ul>\n<figure id=\"attachment_13535\" aria-describedby=\"caption-attachment-13535\" style=\"width: 1300px\" class=\"wp-caption alignnone\"><img decoding=\"async\" class=\"size-full wp-image-13535\" src=\"https:\/\/i0.wp.com\/annebebekkulubu.com\/blog\/wp-content\/uploads\/2023\/02\/Yurtdisinda-yasayanlar-koruyucu-aile-olabilir-mi.png?resize=696%2C428&#038;ssl=1\" alt=\"Yurtd\u0131\u015f\u0131nda ya\u015fayanlar koruyucu aile olabilir mi?\" width=\"696\" height=\"428\" srcset=\"https:\/\/i0.wp.com\/annebebekkulubu.com\/blog\/wp-content\/uploads\/2023\/02\/Yurtdisinda-yasayanlar-koruyucu-aile-olabilir-mi.png?w=1300&amp;ssl=1 1300w, https:\/\/i0.wp.com\/annebebekkulubu.com\/blog\/wp-content\/uploads\/2023\/02\/Yurtdisinda-yasayanlar-koruyucu-aile-olabilir-mi.png?resize=300%2C185&amp;ssl=1 300w, https:\/\/i0.wp.com\/annebebekkulubu.com\/blog\/wp-content\/uploads\/2023\/02\/Yurtdisinda-yasayanlar-koruyucu-aile-olabilir-mi.png?resize=1024%2C630&amp;ssl=1 1024w, https:\/\/i0.wp.com\/annebebekkulubu.com\/blog\/wp-content\/uploads\/2023\/02\/Yurtdisinda-yasayanlar-koruyucu-aile-olabilir-mi.png?resize=768%2C473&amp;ssl=1 768w, https:\/\/i0.wp.com\/annebebekkulubu.com\/blog\/wp-content\/uploads\/2023\/02\/Yurtdisinda-yasayanlar-koruyucu-aile-olabilir-mi.png?resize=696%2C428&amp;ssl=1 696w, https:\/\/i0.wp.com\/annebebekkulubu.com\/blog\/wp-content\/uploads\/2023\/02\/Yurtdisinda-yasayanlar-koruyucu-aile-olabilir-mi.png?resize=1068%2C657&amp;ssl=1 1068w\" sizes=\"(max-width: 696px) 100vw, 696px\" data-recalc-dims=\"1\" \/><figcaption id=\"caption-attachment-13535\" class=\"wp-caption-text\">Yurtd\u0131\u015f\u0131nda ya\u015fayanlar koruyucu aile olabilir mi?<\/figcaption><\/figure>\n<h2><span class=\"ez-toc-section\" id=\"Yurtdisinda_yasayanlar_koruyucu_aile_olabilir_mi\"><\/span><strong>Yurtd\u0131\u015f\u0131nda ya\u015fayanlar koruyucu aile olabilir mi?<\/strong><span class=\"ez-toc-section-end\"><\/span><\/h2>\n<p><span style=\"font-weight: 400;\">Deprem nedeniyle koruyucu aile ve evlat edindirme konusunda uygulamaya konulmu\u015f \u00f6zel bir program olmad\u0131\u011f\u0131 gibi \u0130lgili mevzuat gere\u011fi; \u00e7ocuklar\u0131m\u0131zdan yurt d\u0131\u015f\u0131nda ya\u015fayan ailelerimizin yan\u0131na koruyucu aile hizmeti kapsam\u0131nda yerle\u015ftirilmesi m\u00fcmk\u00fcn de\u011fildir. \u00dclkemizde Koruyucu aile olabilmek i\u00e7in T\u00fcrkiye&#8217;de ikamet etmek gerekmektedir. <\/span><\/p>\n<h2><span class=\"ez-toc-section\" id=\"Koruyucu_aile_basvurusu_nasil_yapilir\"><\/span><b>Koruyucu aile ba\u015fvurusu nas\u0131l yap\u0131l\u0131r?<\/b><span class=\"ez-toc-section-end\"><\/span><\/h2>\n<p><span style=\"font-weight: 400;\">Yeni ba\u015fvuruda bulunacak koruyucu aile adaylar\u0131n\u0131n e-Devlet \u00fczerinden veya deprem b\u00f6lgesinin d\u0131\u015f\u0131nda ikamet ettikleri ilin Aile ve Sosyal Hizmetler \u0130l M\u00fcd\u00fcrl\u00fcklerimize \u015fahsen ba\u015fvurabilirler.\u00a0<\/span><\/p>\n<p><a href=\"https:\/\/www.turkiye.gov.tr\/ashb-koruyucu-aile-ilk-gorusme-talebi\" target=\"_blank\" rel=\"noopener\"><b>E-DEVLET\u2019TEN KORUYUCU A\u0130LE BA\u015eVURUSU YAPMAK \u0130\u00c7\u0130N TIKLAYIN!<\/b><\/a><\/p>\n<h2><span class=\"ez-toc-section\" id=\"Depremzede_cocuklar_ne_zamana_kadar_koruyucu_ailelerde_kalacak\"><\/span><b>Depremzede \u00e7ocuklar ne zamana kadar koruyucu ailelerde kalacak?<\/b><span class=\"ez-toc-section-end\"><\/span><\/h2>\n<p><span style=\"font-weight: 400;\">\u00c7ocu\u011fun korunma alt\u0131na al\u0131nma nedenine ba\u011fl\u0131 olarak \u00f6ng\u00f6r\u00fclen hizmet uygulama plan\u0131 kapsam\u0131nda de\u011fi\u015fkenlik g\u00f6sterecektir. Uzun y\u0131llar sizinle kalabilece\u011fi gibi belirli bir s\u00fcreden sonra biyolojik ailesine d\u00f6nd\u00fcr\u00fclme ihtimali de bulunmaktad\u0131r. Biyolojik ailesine d\u00f6nd\u00fcr\u00fclme s\u00fcrecinde\u00a0 \u00e7ocu\u011fun y\u00fcksek yarar\u0131 g\u00f6z \u00f6n\u00fcnde bulundurulur.<\/span><\/p>\n<p><span style=\"font-weight: 400;\">Uygulamada genellikle \u00e7ocuklar\u0131n koruyucu ailelerin yan\u0131nda re\u015fit olduklar\u0131 re\u015fit olduktan sonra da koruyucu aileleriyle birlikte ya\u015famaya devam ettikleri yayg\u0131n olarak g\u00f6r\u00fclmektedir.<\/span><\/p>\n<h2><span class=\"ez-toc-section\" id=\"Koruyucu_ailelere_ve_cocuklara_saglanan_destekler_nelerdir\"><\/span><b>Koruyucu ailelere ve \u00e7ocuklara sa\u011flanan destekler nelerdir?<\/b><span class=\"ez-toc-section-end\"><\/span><\/h2>\n<p><span style=\"font-weight: 400;\">&#8211; Koruyucu ailelere bakt\u0131klar\u0131 her \u00e7ocuk i\u00e7in, \u00e7ocuklar\u0131n bak\u0131m, e\u011fitim ve yeti\u015ftirilme harcamalar\u0131 i\u00e7in ayl\u0131k \u00fccret \u00f6denir.<\/span><\/p>\n<p><span style=\"font-weight: 400;\">&#8211; \u00d6zel zorluklar\u0131 veya ihtiya\u00e7lar\u0131 bulunan ya da engelli \u00e7ocuklar i\u00e7in ayl\u0131k bak\u0131m \u00fccreti y\u00fczde elli art\u0131r\u0131larak uygulan\u0131r<\/span><\/p>\n<p><span style=\"font-weight: 400;\">&#8211; Her \u00f6\u011fretim y\u0131l\u0131 ba\u015f\u0131nda e\u011fitim masraflar\u0131 kar\u015f\u0131l\u0131\u011f\u0131 olarak bak\u0131m \u00fccreti \u00fc\u00e7 kat artt\u0131r\u0131larak \u00f6denir.<\/span><\/p>\n<p><span style=\"font-weight: 400;\">&#8211; \u00c7ocuklar\u0131n giyim masraflar\u0131 i\u00e7in y\u0131lda iki kez bak\u0131m \u00fccreti iki kat artt\u0131r\u0131larak \u00f6denir.<\/span><\/p>\n<p><span style=\"font-weight: 400;\">&#8211; \u00c7ocuklar\u0131n sa\u011fl\u0131k harcamalar\u0131 Sosyal Sigortalar ve Genel Sa\u011fl\u0131k Sigortas\u0131 Kanunu h\u00fck\u00fcmleri kapsam\u0131nda kar\u015f\u0131lan\u0131r.<\/span><\/p>\n<p><span style=\"font-weight: 400;\">&#8211; Ya\u015f ve e\u011fitim durumlar\u0131na g\u00f6re \u00e7ocuklara ayl\u0131k olarak har\u00e7l\u0131k \u00f6demesi yap\u0131l\u0131r.<\/span><\/p>\n<p><span style=\"font-weight: 400;\">&#8211; Bir meslek edinmek \u00fczere kamu ya da \u00f6zel kurulu\u015flar taraf\u0131ndan a\u00e7\u0131lan kurslara kat\u0131lacaklar\u0131n \u00fccretsiz kontenjanlardan yararlanma durumlar\u0131 de\u011ferlendirilir, bu imk\u00e2ndan yararlanamayanlar\u0131n kurs s\u00fcresince kurs bedelleri, e\u011fitim ve \u00f6\u011fretimlerine ili\u015fkin et\u00fct, kurs, yaz okulu, har\u00e7, s\u0131nav \u2013 kay\u0131t ve servis \u00fccretleri ile bunlara ili\u015fkin her t\u00fcrl\u00fc ara\u00e7 gere\u00e7 ve malzeme giderleri kar\u015f\u0131lan\u0131r.<\/span><\/p>\n<p><span style=\"font-weight: 400;\">&#8211; Re\u015fit olup e\u011fitimlerine devam eden \u00e7ocuklar\u0131n korunma karar\u0131 uzat\u0131larak ihtiya\u00e7lar\u0131 kar\u015f\u0131lanmaya devam edilir.<\/span><\/p>\n<p><span style=\"font-weight: 400;\">&#8211; Koruyucu ailelerden, e\u015fine veya bir yak\u0131n\u0131na ba\u011fl\u0131 olmaks\u0131z\u0131n emeklili\u011fine esas sosyal g\u00fcvencesi olmayan e\u015flerden birinin bir asgari \u00fccret tutar\u0131 \u00fczerinden Sosyal G\u00fcvenlik Kurumu kapsam\u0131nda iste\u011fe ba\u011fl\u0131 sigortas\u0131n\u0131 yapt\u0131rmas\u0131 ve \u00f6deme belgesinin ibraz\u0131 halinde primleri ayl\u0131k olarak \u00f6deme ilave edilerek kar\u015f\u0131lan\u0131r.<\/span><\/p>\n<p><span style=\"font-weight: 400;\">&#8211; Koruyucu ailede bak\u0131lan \u00e7ocuklar\u0131n sa\u011fl\u0131k harcamalar\u0131 i\u00e7in kurulu\u015f bak\u0131m\u0131ndaki \u00e7ocuklarda oldu\u011fu gibi 31.5.2006 tarihli ve 5510 say\u0131l\u0131 Sosyal Sigortalar ve Genel Sa\u011fl\u0131k Sigortas\u0131 Kanunu h\u00fck\u00fcmleri uygulanmaktad\u0131r.\u00a0<\/span><\/p>\n<p><span style=\"font-weight: 400;\">&#8211; Koruyucu aile s\u00f6zle\u015fmesi devam eden koruyucu ailelerden, e\u015fine veya bir yak\u0131n\u0131na ba\u011fl\u0131 olmaks\u0131z\u0131n emeklili\u011fine esas sosyal g\u00fcvencesi olmayan e\u015flerden birinin bir asgari \u00fccret tutar\u0131 \u00fczerinden Sosyal G\u00fcvenlik Kurumu kapsam\u0131nda iste\u011fe ba\u011fl\u0131 sigortas\u0131n\u0131 yapt\u0131rmas\u0131 ve \u00f6deme belgesinin ibraz\u0131 halinde primleri ayl\u0131k \u00f6demelere ilave edilerek Bakanl\u0131k\u00e7a g\u00f6nderilen \u00f6denekten kar\u015f\u0131lan\u0131r.<\/span><\/p>\n<p><strong>Okumal\u0131s\u0131n\u0131z:<a href=\"https:\/\/annebebekkulubu.com\/blog\/dogal-afet-olaylarinda-hayvanlari-nasil-koruruz\/\"> Do\u011fal afet olaylar\u0131nda hayvanlar\u0131 nas\u0131l koruruz?\u00a0<\/a><\/strong><\/p>\n<h2><span class=\"ez-toc-section\" id=\"Kayip_cocuklar_ile_ilgili_ne_yapabiliriz\"><\/span><b>Kay\u0131p \u00e7ocuklar ile ilgili ne yapabiliriz?\u00a0<\/b><span class=\"ez-toc-section-end\"><\/span><\/h2>\n<p><span style=\"font-weight: 400;\"><strong>\u00c7ocuklar\u0131n g\u00fcvenli\u011fi<\/strong> i\u00e7in depremzede \u00e7ocuklar\u0131n Aile ve Sosyal Hizmetler Bakanl\u0131\u011f\u0131\u2019na teslim edilmesi gerekiyor.\u00a0<\/span><\/p>\n<p><span style=\"font-weight: 400;\">Deprem b\u00f6lgesinde aile ve yak\u0131nlar\u0131na ula\u015f\u0131lamayan \u00e7ocuklar\u0131m\u0131zla ilgili nas\u0131l bir yol izleniyor?\u00a0<\/span><\/p>\n<p><span style=\"font-weight: 400;\">Aile ve Sosyal Hizmetler bakanl\u0131\u011f\u0131nca depremden etkilenen aile ve yak\u0131nlar\u0131na ula\u015f\u0131lamayan ve buluntu kimli\u011fi tespit edilemeyen \u00e7ocuklar\u0131m\u0131zla ilgili olarak \u00e7al\u0131\u015fmalar y\u00fcr\u00fct\u00fclmektedir.<\/span><\/p>\n<p><span style=\"font-weight: 400;\">&#8211; Enkazdan \u00e7\u0131kan \u00e7ocuklar \u00f6ncelikle ambulanslarla en yak\u0131n sa\u011fl\u0131k kurulu\u015flar\u0131na y\u00f6nlendirilir.\u00a0<\/span><\/p>\n<p><span style=\"font-weight: 400;\">&#8211; Hastanede t\u0131bbi tedavisi tamamlan\u0131rken t\u0131bbi sosyal hizmet birimleri taraf\u0131ndan \u00e7ocu\u011fun kimlik bilgilerine ve yak\u0131nlar\u0131na ula\u015f\u0131lmaya \u00e7al\u0131\u015f\u0131l\u0131r.\u00a0<\/span><\/p>\n<p><span style=\"font-weight: 400;\">&#8211; Ailesi ve y\u0131kan\u0131 bulunamayan veya kendisini ifade edemeyen \u00e7ocuklar, hastane ile e\u015fle\u015ftirilen bakanl\u0131k personelimize ve kolluk birimlerine bildirilir.<\/span><\/p>\n<p><span style=\"font-weight: 400;\">&#8211; Taburcu a\u015famas\u0131ndaki \u00e7ocuk bakanl\u0131k personelince \u00e7ocu\u011fun tedavi bilgileri foto\u011fraf\u0131 kurtar\u0131ld\u0131\u011f\u0131 adres ve benzeri tan\u0131t\u0131c\u0131 di\u011fer \u00f6zelliklerin de yer ald\u0131\u011f\u0131 afet ve acil durumda buluntu kimli\u011fi tespit edilemeyen \u00e7ocuklar i\u00e7in <\/span><b>bilgi formu doldurarak t<\/b><span style=\"font-weight: 400;\">eslim al\u0131n\u0131r.\u00a0<\/span><\/p>\n<p><span style=\"font-weight: 400;\">&#8211; \u00c7ocu\u011fumuz \u0130l m\u00fcd\u00fcrl\u00fc\u011f\u00fc taraf\u0131ndan belirlenen ilgili bak\u0131m kurulu\u015flar\u0131na yerle\u015ftirilir.\u00a0<\/span><\/p>\n<p><span style=\"font-weight: 400;\">&#8211; Depremden etkilenen \u00e7ocuklar\u0131m\u0131za y\u00f6nelik psikososyal destek \u00e7al\u0131\u015fmalar\u0131na bakanl\u0131\u011f\u0131m\u0131z psikososyal destek ekipleri taraf\u0131ndan ivedilikle ba\u015flan\u0131r. Ayn\u0131 zamanda \u00e7ocu\u011fun aile ve \u00e7evre ara\u015ft\u0131rmalar\u0131 yap\u0131larak yak\u0131nlar\u0131na ula\u015f\u0131lmaya \u00e7al\u0131\u015f\u0131l\u0131r.\u00a0<\/span><\/p>\n<p><span style=\"font-weight: 400;\">&#8211; Aile ve yak\u0131nlar\u0131na ula\u015f\u0131lmas\u0131 halinde il m\u00fcd\u00fcrl\u00fcklerimiz taraf\u0131ndan yap\u0131lan gerekli ara\u015ft\u0131rma ve kan\u0131ta dayal\u0131 incelemeler neticesinde, bakanl\u0131\u011f\u0131m\u0131zca haz\u0131rlanan uygulama esaslar\u0131nca uygun g\u00f6r\u00fclmesi halinde aile ve yak\u0131nlar\u0131na tutanak ve di\u011fer destekleyici belgeler ile teslim edilir. \u00c7ocu\u011fu teslim alan aile bireylerinin gidece\u011fi il m\u00fcd\u00fcrl\u00fc\u011f\u00fcnce \u00e7ocu\u011fun takibi amac\u0131yla gerekli bilgilendirme yap\u0131l\u0131r.\u00a0<\/span><\/p>\n<p><span style=\"font-weight: 400;\">Aile yak\u0131n\u0131na teslim sa\u011flanamad\u0131\u011f\u0131 durumlarda \u00e7ocuk devlet korumas\u0131na al\u0131n\u0131r ve uygun sosyal hizmet modelinden yararland\u0131r\u0131l\u0131r bu s\u00fcre\u00e7te \u00e7ocukla ilgili t\u00fcm bilgiler <strong>Bakanl\u0131k Aile Sistemine (ABS)<\/strong> tan\u0131mlan\u0131r. \u00c7ocuklarla ilgili bilgiler buradan takip edilir. Ayr\u0131ca \u00e7ocuklar ile ilgili bilgiler bakanl\u0131k merkezde ilgili koordinasyon birimine foto\u011fraf ile birlikte dijital olarak saklanmak \u00fczere iletilir. <\/span><\/p>\n<h2><span class=\"ez-toc-section\" id=\"Aile_ve_Sosyal_Hizmetler_Bakanligi_%E2%80%93_Kayip_ve_Refakatsiz_Cocuklar_icin_Iletisim_Bilgileri\"><\/span><b>Aile ve Sosyal Hizmetler Bakanl\u0131\u011f\u0131 &#8211; Kay\u0131p ve Refakatsiz \u00c7ocuklar i\u00e7in \u0130leti\u015fim Bilgileri<\/b><span class=\"ez-toc-section-end\"><\/span><\/h2>\n<p><span style=\"font-weight: 400;\">Vatanda\u015flar\u0131m\u0131z deprem b\u00f6lgesindeki refakatsiz \u00e7ocuklar i\u00e7in Aile ve Sosyal Hizmetler Bakanl\u0131\u011f\u0131 il m\u00fcd\u00fcrl\u00fcklerine ve sa\u011fl\u0131k m\u00fcd\u00fcrl\u00fcklerine ba\u015fvurabilir, <strong>ALO 183 ve ALO 184<\/strong> &#8216;\u00fc arayabilir, ya da kolluk kuvvetlerine ba\u015fvurabilirler.\u00a0<\/span><\/p>\n<p><span style=\"font-weight: 400;\">Deprem b\u00f6lgesinde ailesi ve yak\u0131nlar\u0131na ula\u015f\u0131lamayan \u00e7ocuklar i\u00e7in bir \u00e7a\u011fr\u0131 merkezi kuruldu. \u00d6ncelikle refakatsiz bir \u00e7ocuk g\u00f6rd\u00fc\u011f\u00fcn\u00fczde aile bakanl\u0131\u011f\u0131n\u0131n a\u015fa\u011f\u0131daki numaralar\u0131na 7\/24 ula\u015fabilirsiniz.<\/span><\/p>\n<h4><span class=\"ez-toc-section\" id=\"0501_730_10_505152_%E2%80%A660\"><\/span><b>0501 730 10 50\/51\/52 \u202660<\/b><span class=\"ez-toc-section-end\"><\/span><\/h4>\n<p><span style=\"font-weight: 400;\">Kay\u0131p \u00e7ocuklar i\u00e7in de yine ayn\u0131 numaralar\u0131 arayarak aileleri bilgi alabilir.<\/span><\/p>\n<h6><span class=\"ez-toc-section\" id=\"Daha_fazla_bilgi_ve_iletisim_icin_Aile_ve_Sosyal_Hizmetler_Bakanliginin_web_sitesini_ziyaret_edebilirsiniz_https_wwwailegovtr\"><\/span>Daha fazla bilgi ve ileti\u015fim i\u00e7in Aile ve Sosyal Hizmetler Bakanl\u0131\u011f\u0131&#8217;n\u0131n web sitesini ziyaret edebilirsiniz.<strong> <a href=\"https:\/\/www.aile.gov.tr\/\" target=\"_blank\" rel=\"noopener\">https:\/\/www.aile.gov.tr\/<\/a><\/strong><span class=\"ez-toc-section-end\"><\/span><\/h6>\n","protected":false},"excerpt":{"rendered":"<p>\u00dclke olarak yastay\u0131z. Y\u00fczy\u0131l\u0131n felaketini ya\u015fad\u0131k. Akl\u0131m\u0131z, kalbimiz ve b\u00fct\u00fcn ruhumuzla deprem b\u00f6lgelerindeyiz. Anne Bebek Kul\u00fcb\u00fc olarak; do\u011fru bilgiyi payla\u015fma, anne ve \u00e7ocuklar\u0131n yarar\u0131na \u00e7al\u0131\u015f\u0131yoruz. Depremle birlikte y\u0131k\u0131lan ailelerimize Allah&#8217;tan rahmet diliyor ve yak\u0131nlar\u0131na sab\u0131rlar diliyorum. Sizlerin \u00e7ocuklar\u0131, art\u0131k bizlerin evlatlar\u0131. Aile ve Sosyal Hizmetler Bakanl\u0131\u011f\u0131, konuyla ilgili olarak; kay\u0131p ve ailesini depremde yitirmi\u015f depremzede [&hellip;]<\/p>\n","protected":false},"author":33,"featured_media":13524,"comment_status":"open","ping_status":"closed","sticky":false,"template":"","format":"standard","meta":{"jetpack_post_was_ever_published":false,"_jetpack_newsletter_access":"","_jetpack_dont_email_post_to_subs":false,"_jetpack_newsletter_tier_id":0,"_jetpack_memberships_contains_paywalled_content":false,"_jetpack_memberships_contains_paid_content":false,"footnotes":""},"categories":[4,3],"tags":[],"class_list":{"0":"post-13522","1":"post","2":"type-post","3":"status-publish","4":"format-standard","5":"has-post-thumbnail","7":"category-aile","8":"category-cocuk"},"jetpack_sharing_enabled":true,"jetpack_featured_media_url":"https:\/\/i0.wp.com\/annebebekkulubu.com\/blog\/wp-content\/uploads\/2023\/02\/Deprem-sirasinda-bebek-nasil-korunur.png?fit=1300%2C800&ssl=1","jetpack-related-posts":[],"_links":{"self":[{"href":"https:\/\/annebebekkulubu.com\/blog\/wp-json\/wp\/v2\/posts\/13522","targetHints":{"allow":["GET"]}}],"collection":[{"href":"https:\/\/annebebekkulubu.com\/blog\/wp-json\/wp\/v2\/posts"}],"about":[{"href":"https:\/\/annebebekkulubu.com\/blog\/wp-json\/wp\/v2\/types\/post"}],"author":[{"embeddable":true,"href":"https:\/\/annebebekkulubu.com\/blog\/wp-json\/wp\/v2\/users\/33"}],"replies":[{"embeddable":true,"href":"https:\/\/annebebekkulubu.com\/blog\/wp-json\/wp\/v2\/comments?post=13522"}],"version-history":[{"count":0,"href":"https:\/\/annebebekkulubu.com\/blog\/wp-json\/wp\/v2\/posts\/13522\/revisions"}],"wp:featuredmedia":[{"embeddable":true,"href":"https:\/\/annebebekkulubu.com\/blog\/wp-json\/wp\/v2\/media\/13524"}],"wp:attachment":[{"href":"https:\/\/annebebekkulubu.com\/blog\/wp-json\/wp\/v2\/media?parent=13522"}],"wp:term":[{"taxonomy":"category","embeddable":true,"href":"https:\/\/annebebekkulubu.com\/blog\/wp-json\/wp\/v2\/categories?post=13522"},{"taxonomy":"post_tag","embeddable":true,"href":"https:\/\/annebebekkulubu.com\/blog\/wp-json\/wp\/v2\/tags?post=13522"}],"curies":[{"name":"wp","href":"https:\/\/api.w.org\/{rel}","templated":true}]}}