{"id":11529,"date":"2021-08-04T15:41:50","date_gmt":"2021-08-04T12:41:50","guid":{"rendered":"https:\/\/blog.annebebekkulubu.com\/?p=11529"},"modified":"2021-08-04T19:32:47","modified_gmt":"2021-08-04T16:32:47","slug":"yangin-bolgelerinde-son-durum-nedir","status":"publish","type":"post","link":"https:\/\/annebebekkulubu.com\/blog\/yangin-bolgelerinde-son-durum-nedir\/","title":{"rendered":"Yang\u0131n b\u00f6lgelerinde son durum nedir?"},"content":{"rendered":"<div id=\"ez-toc-container\" class=\"ez-toc-v2_0_82_2 counter-hierarchy ez-toc-counter ez-toc-light-blue ez-toc-container-direction\">\n<p class=\"ez-toc-title\" style=\"cursor:inherit\">Yaz\u0131 \u0130\u00e7eri\u011fi<\/p>\n<label for=\"ez-toc-cssicon-toggle-item-69edcb6b8c8fb\" class=\"ez-toc-cssicon-toggle-label\"><span class=\"\"><span class=\"eztoc-hide\" style=\"display:none;\">Toggle<\/span><span class=\"ez-toc-icon-toggle-span\"><svg style=\"fill: #999;color:#999\" xmlns=\"http:\/\/www.w3.org\/2000\/svg\" class=\"list-377408\" width=\"20px\" height=\"20px\" viewBox=\"0 0 24 24\" fill=\"none\"><path d=\"M6 6H4v2h2V6zm14 0H8v2h12V6zM4 11h2v2H4v-2zm16 0H8v2h12v-2zM4 16h2v2H4v-2zm16 0H8v2h12v-2z\" fill=\"currentColor\"><\/path><\/svg><svg style=\"fill: #999;color:#999\" class=\"arrow-unsorted-368013\" xmlns=\"http:\/\/www.w3.org\/2000\/svg\" width=\"10px\" height=\"10px\" viewBox=\"0 0 24 24\" version=\"1.2\" baseProfile=\"tiny\"><path d=\"M18.2 9.3l-6.2-6.3-6.2 6.3c-.2.2-.3.4-.3.7s.1.5.3.7c.2.2.4.3.7.3h11c.3 0 .5-.1.7-.3.2-.2.3-.5.3-.7s-.1-.5-.3-.7zM5.8 14.7l6.2 6.3 6.2-6.3c.2-.2.3-.5.3-.7s-.1-.5-.3-.7c-.2-.2-.4-.3-.7-.3h-11c-.3 0-.5.1-.7.3-.2.2-.3.5-.3.7s.1.5.3.7z\"\/><\/svg><\/span><\/span><\/label><input type=\"checkbox\"  id=\"ez-toc-cssicon-toggle-item-69edcb6b8c8fb\"  aria-label=\"A\u00e7\/Kapat\" \/><nav><ul class='ez-toc-list ez-toc-list-level-1 ' ><li class='ez-toc-page-1 ez-toc-heading-level-2'><a class=\"ez-toc-link ez-toc-heading-1\" href=\"https:\/\/annebebekkulubu.com\/blog\/yangin-bolgelerinde-son-durum-nedir\/#Eczacilar_odasi_yangin_bolgelerine_yeterli_malzeme_sevk_edildigini_acikladi\" >Eczac\u0131lar odas\u0131 yang\u0131n b\u00f6lgelerine yeterli malzeme sevk edildi\u011fini a\u00e7\u0131klad\u0131<\/a><\/li><li class='ez-toc-page-1 ez-toc-heading-level-2'><a class=\"ez-toc-link ez-toc-heading-2\" href=\"https:\/\/annebebekkulubu.com\/blog\/yangin-bolgelerinde-son-durum-nedir\/#Afet_bolgelerine_insan_gucu_ihtiyaci\" >Afet b\u00f6lgelerine insan g\u00fcc\u00fc ihtiyac\u0131<\/a><\/li><li class='ez-toc-page-1 ez-toc-heading-level-2'><a class=\"ez-toc-link ez-toc-heading-3\" href=\"https:\/\/annebebekkulubu.com\/blog\/yangin-bolgelerinde-son-durum-nedir\/#Yapilan_yardimlarin_son_durumu_nedir\" >Yap\u0131lan yard\u0131mlar\u0131n son durumu nedir?<\/a><ul class='ez-toc-list-level-3' ><li class='ez-toc-heading-level-3'><a class=\"ez-toc-link ez-toc-heading-4\" href=\"https:\/\/annebebekkulubu.com\/blog\/yangin-bolgelerinde-son-durum-nedir\/#Sosyal_medya_yardimlari\" >Sosyal medya yard\u0131mlar\u0131<\/a><\/li><\/ul><\/li><li class='ez-toc-page-1 ez-toc-heading-level-2'><a class=\"ez-toc-link ez-toc-heading-5\" href=\"https:\/\/annebebekkulubu.com\/blog\/yangin-bolgelerinde-son-durum-nedir\/#Haytapin_son_ihtiyac_listesi\" >Haytap&#8217;\u0131n son ihtiya\u00e7 listesi<\/a><\/li><\/ul><\/nav><\/div>\n<p><strong>T\u00fcrkiye<\/strong>&#8216;de <strong>28 Temmuz<\/strong>&#8216;dan itibaren ba\u015flayan yang\u0131nlarda kontrol alt\u0131na al\u0131nlar olsa da s\u00f6nd\u00fcrme \u00e7al\u0131\u015fmalar\u0131 halen devam etmektedir. <strong>Tar\u0131m ve Orman Bakan\u0131 Bekir Pakdemirli<\/strong>\u2019nin sosyal medyadan <strong>4 A\u011fustos g\u00fcn\u00fc<\/strong> sabah saatlerinde yapt\u0131\u011f\u0131 a\u00e7\u0131klamaya g\u00f6re; 34 ilde 160 yang\u0131n kontrol alt\u0131na al\u0131nd\u0131, 5 ilde, 14 farkl\u0131 yang\u0131n devam ediyor. Devam eden yang\u0131nlarla ilgili olarak Eczac\u0131lar odas\u0131ndan gelen a\u00e7\u0131klama yang\u0131nlar ve yard\u0131mlar ile ilgili son durum bilgisini verdi. \u00c7\u0131kan yang\u0131nlar sebebiyle herkes birbirine kenetlendi ve yard\u0131ma ko\u015ftu. Yang\u0131n b\u00f6lgesine fiziksel olarak gidemeyenler maddi anlamda ihtiya\u00e7 sahiplerine yard\u0131m i\u00e7in birlik oldu. Sosyal medya \u00fczerinden yap\u0131lan \u00e7a\u011fr\u0131lar yerini buldu ve dernekler, sivil toplum \u00f6rg\u00fctleri, fenomenler, \u00fcnl\u00fcler ve halk birlik olup ihtiya\u00e7 listelerine g\u00f6re y\u00fckl\u00fc t\u0131rlar\u0131 afet b\u00f6lgelerine g\u00f6nderdi. Birlik ve beraberli\u011fin sa\u011fland\u0131\u011f\u0131 yard\u0131mlar\u0131n yerini buldu\u011fu bu noktada art\u0131k yetkililere kulak vermek gerekti\u011fi ile ilgili<strong> \u0130stanbul Eczac\u0131 Odas\u0131 Genel Sekreteri \u015eeker P\u0131nar \u00d6zcan<\/strong> \u0130stanbul Eczac\u0131lar\u0131na <strong>04.08.2021<\/strong> tarihli mesaj\u0131n\u0131 g\u00f6nderdi.<\/p>\n<h2><span class=\"ez-toc-section\" id=\"Eczacilar_odasi_yangin_bolgelerine_yeterli_malzeme_sevk_edildigini_acikladi\"><\/span><strong>Eczac\u0131lar odas\u0131 yang\u0131n b\u00f6lgelerine yeterli malzeme sevk edildi\u011fini a\u00e7\u0131klad\u0131<\/strong><span class=\"ez-toc-section-end\"><\/span><\/h2>\n<p><strong>\u0130stanbul Eczac\u0131 Odas\u0131 Genel Sekreteri \u015eeker P\u0131nar \u00d6zcan&#8217;\u0131n aktard\u0131\u011f\u0131 bilgilere g\u00f6re<\/strong>: \u00dclkemizdeki yang\u0131nlarla ilgili b\u00f6lge eczac\u0131 odalar\u0131 ile s\u00fcrekli ileti\u015fim halindeyiz. B\u00f6lgeden son durumlar\u0131 iletmek istiyoruz.<\/p>\n<p>Bug\u00fcn itibariyle; Antalya\u2019da ila\u00e7, ilkyard\u0131m malzemesi ihtiyac\u0131 s\u00f6z konusu de\u011fil.<\/p>\n<p>Depolar ve firmalardan \u00e7ok fazla ila\u00e7 sevk edilmi\u015f durumda.<\/p>\n<p>Bunlar\u0131n da\u011f\u0131t\u0131m\u0131 da<strong> Antalya Ecz. Odas\u0131<\/strong> taraf\u0131ndan <strong>Valilik ve \u0130l Sa\u011fl\u0131k M\u00fcd\u00fcrl\u00fc\u011f\u00fc<\/strong> ile koordineli bir \u015fekilde y\u00fcr\u00fct\u00fcl\u00fcyor.<\/p>\n<h2><span class=\"ez-toc-section\" id=\"Afet_bolgelerine_insan_gucu_ihtiyaci\"><\/span><strong>Afet b\u00f6lgelerine insan g\u00fcc\u00fc ihtiyac\u0131<\/strong><span class=\"ez-toc-section-end\"><\/span><\/h2>\n<p>Evleri yanan veya tahliye edilen vatanda\u015flar\u0131m\u0131z da b\u00f6lgedeki otellere yerle\u015ftiriliyor. \u0130nsan g\u00fcc\u00fc ihtiyac\u0131 \u015fu anda yok hatta fazlas\u0131 var ve bu organizasyonu sekteye de u\u011frat\u0131yor zaman zaman.<\/p>\n<p>Mu\u011fla\u2019da da yine eczac\u0131 odam\u0131zdan ald\u0131\u011f\u0131m\u0131z bilgiye g\u00f6re bu sabah itibariyle \u00e7\u00f6kertme b\u00f6lgesindeki yang\u0131n kontrol alt\u0131na al\u0131nm\u0131\u015f ancak Marmaris ve bir ka\u00e7 b\u00f6lgede yang\u0131n devam ediyor.<\/p>\n<p>\u0130la\u00e7 di\u011fer malzeme anlam\u0131nda orada da yine organizasyon <strong>\u0130l Sa\u011fl\u0131k ve Afad<\/strong> ile birlikte <strong>Oda<\/strong> taraf\u0131ndan y\u00fcr\u00fct\u00fcl\u00fcyor ve ihtiya\u00e7 \u015fu an itibariyle yok.<\/p>\n<p>Vatanda\u015flar <strong>Afad<\/strong>\u2019\u0131n kurdu\u011fu \u00e7ad\u0131rlarda, b\u00fcy\u00fck \u00e7o\u011funlukla akrabalar\u0131n\u0131n evlerinde kal\u0131yorlar \u015fu an.<\/p>\n<p>\u0130ki Eczac\u0131 Odam\u0131z da t\u00fcm organizasyonlar\u0131n g\u00f6be\u011finde, devlet ve belediye kurumlar\u0131 ile birlikte \u00e7al\u0131\u015f\u0131yorlar.<\/p>\n<figure id=\"attachment_11533\" aria-describedby=\"caption-attachment-11533\" style=\"width: 1000px\" class=\"wp-caption alignnone\"><img decoding=\"async\" class=\"wp-image-11533 size-full\" src=\"https:\/\/i0.wp.com\/annebebekkulubu.com\/blog\/wp-content\/uploads\/2021\/08\/yanginn.jpg?resize=696%2C450&#038;ssl=1\" alt=\"Yang\u0131n ile ilgili Eczac\u0131lar odas\u0131ndan gelen 04.08.2021 tarihli a\u00e7\u0131klama\" width=\"696\" height=\"450\" srcset=\"https:\/\/i0.wp.com\/annebebekkulubu.com\/blog\/wp-content\/uploads\/2021\/08\/yanginn.jpg?w=1000&amp;ssl=1 1000w, https:\/\/i0.wp.com\/annebebekkulubu.com\/blog\/wp-content\/uploads\/2021\/08\/yanginn.jpg?resize=300%2C194&amp;ssl=1 300w, https:\/\/i0.wp.com\/annebebekkulubu.com\/blog\/wp-content\/uploads\/2021\/08\/yanginn.jpg?resize=768%2C496&amp;ssl=1 768w, https:\/\/i0.wp.com\/annebebekkulubu.com\/blog\/wp-content\/uploads\/2021\/08\/yanginn.jpg?resize=696%2C450&amp;ssl=1 696w\" sizes=\"(max-width: 696px) 100vw, 696px\" data-recalc-dims=\"1\" \/><figcaption id=\"caption-attachment-11533\" class=\"wp-caption-text\">Yang\u0131n ile ilgili Eczac\u0131lar odas\u0131ndan gelen 04.08.2021 tarihli a\u00e7\u0131klama<\/figcaption><\/figure>\n<h2><span class=\"ez-toc-section\" id=\"Yapilan_yardimlarin_son_durumu_nedir\"><\/span><strong>Yap\u0131lan yard\u0131mlar\u0131n son durumu nedir? <\/strong><span class=\"ez-toc-section-end\"><\/span><\/h2>\n<p>\u015eu an i\u00e7in kontrols\u00fcz bir <a href=\"https:\/\/annebebekkulubu.com\/blog\/yasam\/afetlerde-gida-yardimi-yaparken-dikkat-edilmesi-gerekenler\/\">yard\u0131m g\u00f6nderimi<\/a> var ve bunlar ortada kal\u0131yor.<\/p>\n<p>\u0130ki b\u00f6lgede de ila\u00e7, di\u011fer ihtiya\u00e7 malzemeleri veya insan g\u00fcc\u00fc i\u00e7in l\u00fctfen bizden haber bekleyin ve g\u00f6ndermeyin bilgisi verildi.<\/p>\n<p>Hepimizin dile\u011fi yang\u0131nlar\u0131n bir an \u00f6nce s\u00f6nmesi ve yaralar\u0131n sar\u0131lmas\u0131.<\/p>\n<p>Sadece s\u00fcreci sa\u011fl\u0131kl\u0131 y\u00fcr\u00fctmek \u015fart yoksa g\u00f6nderilen iyi niyetle g\u00f6nderilen yard\u0131mlar \u00e7\u00f6p olacak.<\/p>\n<h3><span class=\"ez-toc-section\" id=\"Sosyal_medya_yardimlari\"><\/span><strong>Sosyal medya yard\u0131mlar\u0131<\/strong><span class=\"ez-toc-section-end\"><\/span><\/h3>\n<p>Sosyal medyada farkl\u0131 kanallardan gelen <a href=\"https:\/\/annebebekkulubu.com\/blog\/yasam\/dogal-afet-olaylarinda-hayvanlari-nasil-koruruz\/\">yard\u0131m<\/a> \u00e7a\u011fr\u0131lar\u0131 listeleri dola\u015f\u0131yor ancak sa\u011fl\u0131kl\u0131 bir y\u00f6ntem de\u011fil.<\/p>\n<p>O y\u00fczden l\u00fctfen bizlerden haber bekleyin, as\u0131l ihtiya\u00e7 yang\u0131n s\u00f6nd\u00fckten sonra ba\u015flayacak.<\/p>\n<h2><span class=\"ez-toc-section\" id=\"Haytapin_son_ihtiyac_listesi\"><\/span><strong>Haytap&#8217;\u0131n son ihtiya\u00e7 listesi<\/strong><span class=\"ez-toc-section-end\"><\/span><\/h2>\n<p>Haytap Marmaris ve Manavgat\u2019ta sahra hastanesi kurdu, Bodrum ve Denizli\u2019de de kuracak.<\/p>\n<p><strong>\u0130htiya\u00e7lar\u0131:\u00a0<\/strong><\/p>\n<ul>\n<li>4 adet Pick Up Ara\u00e7\u201320 g\u00fcnl\u00fck kiralamaya ihtiya\u00e7lar\u0131 var.<\/li>\n<\/ul>\n<p><strong>B\u00fct\u00e7e:<\/strong> 1 ara\u00e7 i\u00e7in g\u00fcnl\u00fck kira 650 TL band\u0131nda x 20 = 13.000 TL\u00a0 4 ara\u00e7= 52.000 TL<\/p>\n<ul>\n<li>4 adet DP-10Vet-Veteriner Ultrason Cihaz\u0131-Mindray Marka<\/li>\n<\/ul>\n<p><strong>B\u00fct\u00e7e:<\/strong> 1 cihaz 24 bin TL band\u0131nda<\/p>\n<ul>\n<li>8 adet Stetoskop<\/li>\n<\/ul>\n<p><strong>B\u00fct\u00e7e:<\/strong> 1 cihaz 400 TL band\u0131nda<\/p>\n<ul>\n<li>1 adet ATV ara\u00e7<\/li>\n<\/ul>\n<p><strong>B\u00fct\u00e7e:<\/strong> 35 bin TL band\u0131nda<\/p>\n<p>&nbsp;<\/p>\n","protected":false},"excerpt":{"rendered":"<p>T\u00fcrkiye&#8216;de 28 Temmuz&#8216;dan itibaren ba\u015flayan yang\u0131nlarda kontrol alt\u0131na al\u0131nlar olsa da s\u00f6nd\u00fcrme \u00e7al\u0131\u015fmalar\u0131 halen devam etmektedir. Tar\u0131m ve Orman Bakan\u0131 Bekir Pakdemirli\u2019nin sosyal medyadan 4 A\u011fustos g\u00fcn\u00fc sabah saatlerinde yapt\u0131\u011f\u0131 a\u00e7\u0131klamaya g\u00f6re; 34 ilde 160 yang\u0131n kontrol alt\u0131na al\u0131nd\u0131, 5 ilde, 14 farkl\u0131 yang\u0131n devam ediyor. Devam eden yang\u0131nlarla ilgili olarak Eczac\u0131lar odas\u0131ndan gelen a\u00e7\u0131klama [&hellip;]<\/p>\n","protected":false},"author":80,"featured_media":11532,"comment_status":"open","ping_status":"closed","sticky":false,"template":"","format":"standard","meta":{"jetpack_post_was_ever_published":false,"_jetpack_newsletter_access":"","_jetpack_dont_email_post_to_subs":false,"_jetpack_newsletter_tier_id":0,"_jetpack_memberships_contains_paywalled_content":false,"_jetpack_memberships_contains_paid_content":false,"footnotes":""},"categories":[4,1111],"tags":[],"class_list":{"0":"post-11529","1":"post","2":"type-post","3":"status-publish","4":"format-standard","5":"has-post-thumbnail","7":"category-aile","8":"category-yasam"},"jetpack_sharing_enabled":true,"jetpack_featured_media_url":"https:\/\/i0.wp.com\/annebebekkulubu.com\/blog\/wp-content\/uploads\/2021\/08\/cut-out-medicament-drug-doctor-medical.jpg?fit=1000%2C667&ssl=1","jetpack-related-posts":[],"_links":{"self":[{"href":"https:\/\/annebebekkulubu.com\/blog\/wp-json\/wp\/v2\/posts\/11529","targetHints":{"allow":["GET"]}}],"collection":[{"href":"https:\/\/annebebekkulubu.com\/blog\/wp-json\/wp\/v2\/posts"}],"about":[{"href":"https:\/\/annebebekkulubu.com\/blog\/wp-json\/wp\/v2\/types\/post"}],"author":[{"embeddable":true,"href":"https:\/\/annebebekkulubu.com\/blog\/wp-json\/wp\/v2\/users\/80"}],"replies":[{"embeddable":true,"href":"https:\/\/annebebekkulubu.com\/blog\/wp-json\/wp\/v2\/comments?post=11529"}],"version-history":[{"count":0,"href":"https:\/\/annebebekkulubu.com\/blog\/wp-json\/wp\/v2\/posts\/11529\/revisions"}],"wp:featuredmedia":[{"embeddable":true,"href":"https:\/\/annebebekkulubu.com\/blog\/wp-json\/wp\/v2\/media\/11532"}],"wp:attachment":[{"href":"https:\/\/annebebekkulubu.com\/blog\/wp-json\/wp\/v2\/media?parent=11529"}],"wp:term":[{"taxonomy":"category","embeddable":true,"href":"https:\/\/annebebekkulubu.com\/blog\/wp-json\/wp\/v2\/categories?post=11529"},{"taxonomy":"post_tag","embeddable":true,"href":"https:\/\/annebebekkulubu.com\/blog\/wp-json\/wp\/v2\/tags?post=11529"}],"curies":[{"name":"wp","href":"https:\/\/api.w.org\/{rel}","templated":true}]}}