{"id":10791,"date":"2021-05-15T20:57:22","date_gmt":"2021-05-15T17:57:22","guid":{"rendered":"https:\/\/blog.annebebekkulubu.com\/?p=10791"},"modified":"2021-05-15T20:57:22","modified_gmt":"2021-05-15T17:57:22","slug":"pandemi-doneminde-cocuklarda-konusma-bozukluklarina-dikkat","status":"publish","type":"post","link":"https:\/\/annebebekkulubu.com\/blog\/pandemi-doneminde-cocuklarda-konusma-bozukluklarina-dikkat\/","title":{"rendered":"Pandemi d\u00f6neminde \u00e7ocuklarda konu\u015fma bozukluklar\u0131na dikkat"},"content":{"rendered":"<div id=\"ez-toc-container\" class=\"ez-toc-v2_0_82_2 counter-hierarchy ez-toc-counter ez-toc-light-blue ez-toc-container-direction\">\n<p class=\"ez-toc-title\" style=\"cursor:inherit\">Yaz\u0131 \u0130\u00e7eri\u011fi<\/p>\n<label for=\"ez-toc-cssicon-toggle-item-69f45d8865fb8\" class=\"ez-toc-cssicon-toggle-label\"><span class=\"\"><span class=\"eztoc-hide\" style=\"display:none;\">Toggle<\/span><span class=\"ez-toc-icon-toggle-span\"><svg style=\"fill: #999;color:#999\" xmlns=\"http:\/\/www.w3.org\/2000\/svg\" class=\"list-377408\" width=\"20px\" height=\"20px\" viewBox=\"0 0 24 24\" fill=\"none\"><path d=\"M6 6H4v2h2V6zm14 0H8v2h12V6zM4 11h2v2H4v-2zm16 0H8v2h12v-2zM4 16h2v2H4v-2zm16 0H8v2h12v-2z\" fill=\"currentColor\"><\/path><\/svg><svg style=\"fill: #999;color:#999\" class=\"arrow-unsorted-368013\" xmlns=\"http:\/\/www.w3.org\/2000\/svg\" width=\"10px\" height=\"10px\" viewBox=\"0 0 24 24\" version=\"1.2\" baseProfile=\"tiny\"><path d=\"M18.2 9.3l-6.2-6.3-6.2 6.3c-.2.2-.3.4-.3.7s.1.5.3.7c.2.2.4.3.7.3h11c.3 0 .5-.1.7-.3.2-.2.3-.5.3-.7s-.1-.5-.3-.7zM5.8 14.7l6.2 6.3 6.2-6.3c.2-.2.3-.5.3-.7s-.1-.5-.3-.7c-.2-.2-.4-.3-.7-.3h-11c-.3 0-.5.1-.7.3-.2.2-.3.5-.3.7s.1.5.3.7z\"\/><\/svg><\/span><\/span><\/label><input type=\"checkbox\"  id=\"ez-toc-cssicon-toggle-item-69f45d8865fb8\"  aria-label=\"A\u00e7\/Kapat\" \/><nav><ul class='ez-toc-list ez-toc-list-level-1 ' ><li class='ez-toc-page-1 ez-toc-heading-level-2'><a class=\"ez-toc-link ez-toc-heading-1\" href=\"https:\/\/annebebekkulubu.com\/blog\/pandemi-doneminde-cocuklarda-konusma-bozukluklarina-dikkat\/#Pandemi_doneminde_cocuklarda_gorulen_konusma_bozukluklari\" >Pandemi d\u00f6neminde \u00e7ocuklarda g\u00f6r\u00fclen konu\u015fma bozukluklar\u0131<\/a><\/li><li class='ez-toc-page-1 ez-toc-heading-level-2'><a class=\"ez-toc-link ez-toc-heading-2\" href=\"https:\/\/annebebekkulubu.com\/blog\/pandemi-doneminde-cocuklarda-konusma-bozukluklarina-dikkat\/#Pandemiden_en_cok_cocuklar_etkilendi\" >Pandemiden en \u00e7ok \u00e7ocuklar etkilendi<\/a><\/li><li class='ez-toc-page-1 ez-toc-heading-level-2'><a class=\"ez-toc-link ez-toc-heading-3\" href=\"https:\/\/annebebekkulubu.com\/blog\/pandemi-doneminde-cocuklarda-konusma-bozukluklarina-dikkat\/#Pandeminin_cocuklar_uzerindeki_olumsuz_etkilerinden_biri_de_konusmayi_geciktirmesi_oldu\" >Pandeminin \u00e7ocuklar \u00fczerindeki olumsuz etkilerinden biri de konu\u015fmay\u0131 geciktirmesi oldu<\/a><\/li><\/ul><\/nav><\/div>\n<p>Koronavir\u00fcs hastal\u0131\u011f\u0131n\u0131n (COVID-19) yay\u0131lmas\u0131 nedeniyle d\u00fcnya genelinde \u00e7ocuklar fiziksel mesafeden, karantinalardan ve \u00fclke \u00e7ap\u0131nda okullar\u0131n kapanmas\u0131ndan etkileniyor. Uzayan pandemi nedeniyle \u00e7ocuklar\u0131n sa\u011fl\u0131\u011f\u0131 da tehdit alt\u0131nda.\u00a0<strong>Uzman Dil ve Konu\u015fma Terapisti Ebru Bar\u0131\u015fan<\/strong>, pandemi d\u00f6neminde \u00e7ocuklarda g\u00f6r\u00fclen <strong>konu\u015fma bozukluklar\u0131na dikkat<\/strong> \u00e7ekti ve konu hakk\u0131nda merak edilenleri anlatt\u0131.<\/p>\n<h2><span class=\"ez-toc-section\" id=\"Pandemi_doneminde_cocuklarda_gorulen_konusma_bozukluklari\"><\/span><b>Pandemi d\u00f6neminde \u00e7ocuklarda g\u00f6r\u00fclen konu\u015fma bozukluklar\u0131<\/b><span class=\"ez-toc-section-end\"><\/span><\/h2>\n<p><span style=\"font-weight: 400;\">\u00c7ocuklar\u0131n ba\u015fta dil becerileri olmak \u00fczere her t\u00fcrl\u00fc e\u011fitiminde aile \u00e7ok \u00f6nemli bir yere sahiptir. E\u011fer bir <a href=\"https:\/\/annebebekkulubu.com\/blog\/cocuk\/cocuk-hastaliklari-hakkinda-en-cok-merak-edilenler\/\"><strong>\u00e7ocuk<\/strong><\/a> iyi bir aile ortam\u0131nda ba\u015fta dil becerileri olmak \u00fczere gerekli e\u011fitimi al\u0131p sosyal ve k\u00fclt\u00fcrel olarak zengin bir ortamda yeti\u015fiyorsa bu \u00e7ocuk hem psiko-sosyal hem de insani ve ahlaki bak\u0131mdan iyi bir e\u011fitim alm\u0131\u015f olur.<\/span><\/p>\n<p><span style=\"font-weight: 400;\">0-6 ya\u015flarda beden, dil ve zihin geli\u015fimi \u00e7ok h\u0131zl\u0131 ilerlemektedir. Bu d\u00f6nemdeki geli\u015fmeler \u00e7ocu\u011fun ya\u015fam\u0131n\u0131 ve gelece\u011fini belirleyici olmaktad\u0131r.<\/p>\n<p><strong>Okumal\u0131s\u0131n\u0131z: <a href=\"https:\/\/annebebekkulubu.com\/blog\/cocuk\/cocuklarda-kekemelik-fark-edildiginde-ne-yapmali\/https:\/\/annebebekkulubu.com\/blog\/cocuk\/cocuklarda-kekemelik-fark-edildiginde-ne-yapmali\/\">\u00c7ocuklarda kekemelik fark edildi\u011finde ne yapmal\u0131?\u00a0<\/a><\/strong><\/span><\/p>\n<figure id=\"attachment_10802\" aria-describedby=\"caption-attachment-10802\" style=\"width: 626px\" class=\"wp-caption alignnone\"><img decoding=\"async\" class=\"size-full wp-image-10802\" src=\"https:\/\/i0.wp.com\/annebebekkulubu.com\/blog\/wp-content\/uploads\/2021\/05\/pandemi-doneminde-cocuklarda-gorulen-konusma-bozukluklari.jpg?resize=626%2C417&#038;ssl=1\" alt=\"Pandemide \u00e7ocuklarda g\u00f6r\u00fclen konu\u015fma boukluklar\u0131\" width=\"626\" height=\"417\" srcset=\"https:\/\/i0.wp.com\/annebebekkulubu.com\/blog\/wp-content\/uploads\/2021\/05\/pandemi-doneminde-cocuklarda-gorulen-konusma-bozukluklari.jpg?w=626&amp;ssl=1 626w, https:\/\/i0.wp.com\/annebebekkulubu.com\/blog\/wp-content\/uploads\/2021\/05\/pandemi-doneminde-cocuklarda-gorulen-konusma-bozukluklari.jpg?resize=300%2C200&amp;ssl=1 300w\" sizes=\"(max-width: 626px) 100vw, 626px\" data-recalc-dims=\"1\" \/><figcaption id=\"caption-attachment-10802\" class=\"wp-caption-text\">Pandemide \u00e7ocuklarda g\u00f6r\u00fclen konu\u015fma boukluklar\u0131<\/figcaption><\/figure>\n<h2><span class=\"ez-toc-section\" id=\"Pandemiden_en_cok_cocuklar_etkilendi\"><\/span><b>Pandemiden en \u00e7ok \u00e7ocuklar etkilendi<\/b><span class=\"ez-toc-section-end\"><\/span><\/h2>\n<p><span style=\"font-weight: 400;\">G\u00fcn\u00fcm\u00fczde teknolojinin geli\u015fmesiyle <a href=\"https:\/\/annebebekkulubu.com\/blog\/cocuk\/ucuz-bakici-televizyon-cocuklarda-konusmayi-geciktiriyor\/\"><strong>televizyon<\/strong><\/a>, internet kullan\u0131m\u0131 gittik\u00e7e artmakta ve bu durum ebeveyn ile \u00e7ocuk aras\u0131ndaki etkile\u015fime de yans\u0131maktad\u0131r.<\/span><\/p>\n<p><span style=\"font-weight: 400;\">\u00d6zellikle okul \u00f6ncesi d\u00f6nem \u00e7ocuklar\u0131nda gecikmi\u015f konu\u015fma vaka say\u0131s\u0131nda art\u0131\u015f s\u00f6z konusu. S\u00f6zc\u00fck \u00fcretimi olmad\u0131\u011f\u0131nda otizm zannediliyor. Evde kald\u0131klar\u0131 zaman ne yaz\u0131k ki\u00a0 tablet, telefon\u00a0 ve televizyona \u00e7ok\u00e7a maruz kal\u0131yorlar. Bunlar da konu\u015fma anlam\u0131nda destekleyici bir etkiye sahip olmayan ara\u00e7lar oldu\u011fundan ya\u015f\u0131tlar\u0131ndan dil ve konu\u015fma geli\u015fimi olarak geride kal\u0131yorlar.\u00a0<\/span><\/p>\n<p><span style=\"font-weight: 400;\">Bu teknolojik imk\u00e2nlar\u0131n iyi de\u011ferlendirilemedi\u011fi veya kontrol alt\u0131na al\u0131namad\u0131\u011f\u0131 zamanlarda olumsuz sonu\u00e7lar ortaya \u00e7\u0131kt\u0131\u011f\u0131 tespit edilmi\u015ftir. Dahas\u0131 Moskowitz (Akt. Sanders 2000: 42) yapt\u0131\u011f\u0131 bir ara\u015ft\u0131rmada anne-babas\u0131 sa\u011f\u0131r olan bir \u00e7ocu\u011fa \u0130ngilizce \u00f6\u011frensin diye TV izlettirildi\u011fini ancak \u00fc\u00e7 ya\u015f\u0131na geldi\u011finde \u00e7ocu\u011fun i\u015faretlerle her derdini anlatabildi\u011fini ancak \u0130ngilizceyi anlayamad\u0131\u011f\u0131n\u0131 ve anlatamad\u0131\u011f\u0131n\u0131 tespit etmi\u015ftir. Buradan hareketle TV\u2019nin dil edinimi i\u00e7in kaynak olamayaca\u011f\u0131, \u00e7\u00fcnk\u00fc bu arac\u0131n programlanm\u0131\u015f ve hatas\u0131z bir \u015fekilde konu\u015faca\u011f\u0131, soru soraca\u011f\u0131 ancak \u00e7ocu\u011fun sorular\u0131na cevap veremeyece\u011fi g\u00f6r\u00fclmektedir.<\/span><\/p>\n<p><span style=\"font-weight: 400;\">\u00a0Ekran ba\u015f\u0131nda ge\u00e7irilen zaman\u0131n ebeveyn taraf\u0131ndan s\u0131n\u0131rland\u0131r\u0131lmas\u0131 ve i\u00e7erik kontrol\u00fcn\u00fcn yap\u0131lmas\u0131 da bu s\u00fcre\u00e7te \u00f6nemli.\u00a0 Bu durumda \u00f6zellikle sosyallikten uzakla\u015fmak zorunda kalan \u00e7ocuklarla birlikte zaman ge\u00e7irmek \u00f6nem arz ediyor. Geni\u015f aileler bu konuda daha \u015fansl\u0131lar. Anne baba \u00e7ocukla ilgilenemedi\u011finde aile b\u00fcy\u00fckleri ile vakit ge\u00e7irme \u015fans\u0131 olan \u00e7ocuklara bir \u015fekilde destek olunabiliyor.<\/span><\/p>\n<p><span style=\"font-weight: 400;\">\u00c7ocuk e\u011fitiminde <strong><a href=\"https:\/\/annebebekkulubu.com\/blog\/aile\/bagirmayan-anne-baba-olmak-icin-ne-yapmali\/\">anne<\/a><\/strong>, baba, karde\u015f ve di\u011fer yak\u0131n \u00e7evresindeki ki\u015filerin etkileri vard\u0131r, ancak annenin yeri bunlardan ayr\u0131 ve \u00f6zeldir. Zaten \u201cana dili\u201d ifadesi de bo\u015funa de\u011fildir. Bunun i\u00e7in Pestalozzi \u201cEn iyi e\u011fitmenler annelerdir.\u201d derken Montaigne (1996: 183) \u201cEn b\u00fcy\u00fck k\u00f6t\u00fcl\u00fcklerimiz k\u00fc\u00e7\u00fck ya\u015f\u0131m\u0131zda belirmeye ba\u015flar ve as\u0131l e\u011fitimimiz bizi emzirip b\u00fcy\u00fctenlerin elindedir.\u201d diyerek <a href=\"https:\/\/annebebekkulubu.com\/blog\/aile\/aile-kavraminin-anlamini-biliyor-musunuz\/\"><strong>aile<\/strong><\/a> e\u011fitimin ilk adresini g\u00f6stermi\u015ftir. Evet, \u00e7ocuklar nas\u0131l e\u011fitilirlerse \u00f6yle bilirler ve davran\u0131rlar. E\u011fer onlar\u0131n ruhunu i\u015flenmeyen bir tarla gibi kendi haline b\u0131rak\u0131rsan\u0131z orada \u0131s\u0131rganlar, dikenler, her t\u00fcrl\u00fc yabani bitki ve zehirli b\u00f6cekler t\u00fcrer (Petrov, 2010).<\/p>\n<p><strong>Okumal\u0131s\u0131n\u0131z: <a href=\"https:\/\/annebebekkulubu.com\/blog\/teknoloji\/telefon-bagimlisi-anne-babalar-cocuklarini-ihmal-ediyor\/\">Telefon ba\u011f\u0131ml\u0131s\u0131 anne babalar \u00e7ocuklar\u0131n\u0131 ihmal ediyorlar!<\/a><\/strong><\/span><\/p>\n<h2><span class=\"ez-toc-section\" id=\"Pandeminin_cocuklar_uzerindeki_olumsuz_etkilerinden_biri_de_konusmayi_geciktirmesi_oldu\"><\/span><b>Pandeminin \u00e7ocuklar \u00fczerindeki olumsuz etkilerinden biri de konu\u015fmay\u0131 geciktirmesi oldu<\/b><span class=\"ez-toc-section-end\"><\/span><\/h2>\n<p><span style=\"font-weight: 400;\">\u00c7ocuk bu durumu kavramakta zorland\u0131\u011f\u0131 zaman da davran\u0131\u015f problemleri s\u00f6z konusu oluyor. Bu s\u00fcreci iyi ele almak gerekiyor.\u00a0<\/span><\/p>\n<p><span style=\"font-weight: 400;\">Dil ve konu\u015fma bozukluklar\u0131 \u00e7ocuk doktorlar\u0131n\u0131n, psikologlar\u0131n ve \u00e7ocuk geli\u015fimcilerinin uzman olduklar\u0131 ve uzman olmalar\u0131 gereken bir konu de\u011fildir. Doktorunuz, \u00e7ocuk psikolo\u011fu veya okul \u00f6ncesi \u00f6\u011fretmeniniz \u00e7ocu\u011funuzun fiziksel geli\u015fiminin normal oldu\u011funu, i\u015fitti\u011fini ve \u201c<a href=\"https:\/\/annebebekkulubu.com\/blog\/aile\/iyi-baba-olmak-isteyenlere-oneriler\/\"><strong>baba<\/strong><\/a>,<strong> anne\u201d<\/strong> gibi kelimeleri \u00e7\u0131kartabildi\u011fini, dolay\u0131s\u0131yla, bir uzmana g\u00f6r\u00fcnmeden 3 hatta 4 ya\u015f\u0131na kadar beklemenizi tavsiye edebilir. Yine farkl\u0131 mesleklerden uzmanlar bir\u00e7ok \u00e7ocu\u011fun 2 ya\u015f\u0131nda konu\u015famay\u0131p 3 ya\u015f\u0131nda ak\u0131c\u0131 bir \u015fekilde konu\u015fmaya ba\u015flad\u0131\u011f\u0131n\u0131 bilirler ve bu nedenle ger\u00e7ek bir sorun oldu\u011funu g\u00f6rene kadar ailelerin endi\u015feye kap\u0131lmamalar\u0131n\u0131 isteyebilirler. Bu d\u00fc\u015f\u00fcnce bi\u00e7imi ailelerin de <strong>\u201cbekleyip g\u00f6relim\u201d<\/strong> tarz\u0131 bir yakla\u015f\u0131m sergilemelerine neden olur.<\/span><\/p>\n<p><span style=\"font-weight: 400;\">Bu d\u00f6nemlerde dil ve konu\u015fma problemi olabilece\u011fini d\u00fc\u015f\u00fcnen veya \u015f\u00fcphelenen aileler dil ve konu\u015fma terapistine vakit kaybetmeden ba\u015fvurup de\u011ferlendirme s\u00fcrecine girmeli.<\/span><\/p>\n<p><strong>Okumal\u0131s\u0131n\u0131z: <a href=\"https:\/\/annebebekkulubu.com\/blog\/bebek\/covid-19-surecinde-anne-olmak\/\">Covid-19 s\u00fcrecinde anne olmak!\u00a0<\/a><\/strong><\/p>\n","protected":false},"excerpt":{"rendered":"<p>Koronavir\u00fcs hastal\u0131\u011f\u0131n\u0131n (COVID-19) yay\u0131lmas\u0131 nedeniyle d\u00fcnya genelinde \u00e7ocuklar fiziksel mesafeden, karantinalardan ve \u00fclke \u00e7ap\u0131nda okullar\u0131n kapanmas\u0131ndan etkileniyor. Uzayan pandemi nedeniyle \u00e7ocuklar\u0131n sa\u011fl\u0131\u011f\u0131 da tehdit alt\u0131nda.\u00a0Uzman Dil ve Konu\u015fma Terapisti Ebru Bar\u0131\u015fan, pandemi d\u00f6neminde \u00e7ocuklarda g\u00f6r\u00fclen konu\u015fma bozukluklar\u0131na dikkat \u00e7ekti ve konu hakk\u0131nda merak edilenleri anlatt\u0131. Pandemi d\u00f6neminde \u00e7ocuklarda g\u00f6r\u00fclen konu\u015fma bozukluklar\u0131 \u00c7ocuklar\u0131n ba\u015fta dil becerileri [&hellip;]<\/p>\n","protected":false},"author":80,"featured_media":10800,"comment_status":"open","ping_status":"closed","sticky":false,"template":"","format":"standard","meta":{"jetpack_post_was_ever_published":false,"_jetpack_newsletter_access":"","_jetpack_dont_email_post_to_subs":false,"_jetpack_newsletter_tier_id":0,"_jetpack_memberships_contains_paywalled_content":false,"_jetpack_memberships_contains_paid_content":false,"footnotes":""},"categories":[3],"tags":[],"class_list":{"0":"post-10791","1":"post","2":"type-post","3":"status-publish","4":"format-standard","5":"has-post-thumbnail","7":"category-cocuk"},"jetpack_sharing_enabled":true,"jetpack_featured_media_url":"https:\/\/i0.wp.com\/annebebekkulubu.com\/blog\/wp-content\/uploads\/2021\/05\/koronavirus-cocuklarda-konusma-bozukluklari.jpg?fit=626%2C417&ssl=1","jetpack-related-posts":[],"_links":{"self":[{"href":"https:\/\/annebebekkulubu.com\/blog\/wp-json\/wp\/v2\/posts\/10791","targetHints":{"allow":["GET"]}}],"collection":[{"href":"https:\/\/annebebekkulubu.com\/blog\/wp-json\/wp\/v2\/posts"}],"about":[{"href":"https:\/\/annebebekkulubu.com\/blog\/wp-json\/wp\/v2\/types\/post"}],"author":[{"embeddable":true,"href":"https:\/\/annebebekkulubu.com\/blog\/wp-json\/wp\/v2\/users\/80"}],"replies":[{"embeddable":true,"href":"https:\/\/annebebekkulubu.com\/blog\/wp-json\/wp\/v2\/comments?post=10791"}],"version-history":[{"count":0,"href":"https:\/\/annebebekkulubu.com\/blog\/wp-json\/wp\/v2\/posts\/10791\/revisions"}],"wp:featuredmedia":[{"embeddable":true,"href":"https:\/\/annebebekkulubu.com\/blog\/wp-json\/wp\/v2\/media\/10800"}],"wp:attachment":[{"href":"https:\/\/annebebekkulubu.com\/blog\/wp-json\/wp\/v2\/media?parent=10791"}],"wp:term":[{"taxonomy":"category","embeddable":true,"href":"https:\/\/annebebekkulubu.com\/blog\/wp-json\/wp\/v2\/categories?post=10791"},{"taxonomy":"post_tag","embeddable":true,"href":"https:\/\/annebebekkulubu.com\/blog\/wp-json\/wp\/v2\/tags?post=10791"}],"curies":[{"name":"wp","href":"https:\/\/api.w.org\/{rel}","templated":true}]}}