{"id":10667,"date":"2021-04-23T21:15:26","date_gmt":"2021-04-23T18:15:26","guid":{"rendered":"https:\/\/blog.annebebekkulubu.com\/?p=10667"},"modified":"2022-01-19T13:46:45","modified_gmt":"2022-01-19T10:46:45","slug":"cocuklarda-balgam-nasil-atilir","status":"publish","type":"post","link":"https:\/\/annebebekkulubu.com\/blog\/cocuklarda-balgam-nasil-atilir\/","title":{"rendered":"\u00c7ocuklarda balgam nas\u0131l at\u0131l\u0131r?"},"content":{"rendered":"<p>Balgam\u0131n insan v\u00fccudunda bir miktar bulunmas\u0131 normal olarak kabul edilir. Ancak baz\u0131 durumlarda mukus s\u0131v\u0131s\u0131n\u0131n artmas\u0131 hastal\u0131klar\u0131n habercisi olabilir. <strong>Peki, \u00e7ocuklarda balgam rengi ne anlama geliyor? \u00c7ocuklarda balgam neden olur, nas\u0131l ge\u00e7er?<\/strong> Merak edilenleri <strong>\u00c7ocuk Sa\u011fl\u0131\u011f\u0131 ve Hastal\u0131klar\u0131 Uzman\u0131 Uzm. Dr. Erdal Irmak<\/strong> aktard\u0131.<\/p>\n<p><img decoding=\"async\" class=\"size-full wp-image-10669 aligncenter\" src=\"https:\/\/i0.wp.com\/annebebekkulubu.com\/blog\/wp-content\/uploads\/2021\/04\/erdal-irmak1.jpg?resize=384%2C385&#038;ssl=1\" alt=\"\" width=\"384\" height=\"385\" srcset=\"https:\/\/i0.wp.com\/annebebekkulubu.com\/blog\/wp-content\/uploads\/2021\/04\/erdal-irmak1.jpg?w=384&amp;ssl=1 384w, https:\/\/i0.wp.com\/annebebekkulubu.com\/blog\/wp-content\/uploads\/2021\/04\/erdal-irmak1.jpg?resize=300%2C300&amp;ssl=1 300w, https:\/\/i0.wp.com\/annebebekkulubu.com\/blog\/wp-content\/uploads\/2021\/04\/erdal-irmak1.jpg?resize=150%2C150&amp;ssl=1 150w\" sizes=\"(max-width: 384px) 100vw, 384px\" data-recalc-dims=\"1\" \/><\/p>\n<p style=\"text-align: center;\"><em>\u00c7ocuk Sa\u011fl\u0131\u011f\u0131 ve Hastal\u0131klar\u0131 Uzman\u0131 Uzm. Dr. Erdal Irmak<\/em><\/p>\n<p style=\"text-align: left;\">Nefes al\u0131n\u0131rken solunan havan\u0131n i\u00e7indeki toz, allerjen, bakteri ve vir\u00fcslerin solunum yollar\u0131nda yap\u0131\u015farak yakalanmas\u0131n\u0131 sa\u011flamak i\u00e7in mukus h\u00fccreleri taraf\u0131ndan yap\u0131\u015fkan bir salg\u0131 \u00fcretilir. Bu salg\u0131 \u00fcst solunum yollar\u0131ndan \u00fcretildi\u011fi zaman s\u00fcm\u00fck, alt solunum yollar\u0131 epitelinde \u00fcretildi\u011fi zaman balgam olarak \u00fcretilir. Bu ifrazatlar solunum yollar\u0131ndaki t\u00fcys\u00fc h\u00fccreler sayesinde ilerletilir ve \u00e7o\u011funlukla belli bir limite kadar yutak b\u00f6lgesinde biz fark\u0131nda olmadan yapt\u0131\u011f\u0131m\u0131z yutkunmalar ile yemek borusu kanal\u0131 ile mideye gider. \u00dcretim kapasitesi art\u0131p yutkunman\u0131n yeterli olmad\u0131\u011f\u0131 durumlarda \u00f6ks\u00fcrerek, kusarak veya s\u00fcmk\u00fcrerek bu ifrazatlar\u0131n at\u0131lmas\u0131 s\u00f6z konusudur. Bu durumlarda akci\u011ferlerde yo\u011fun allerjen viral ya da bakteriyel maruziyet konusunda bizlere ipucu vermektedir.<\/p>\n<p><strong>Hangi renk balgam neye i\u015faret?<\/strong><\/p>\n<p><strong>Renksiz, s\u0131v\u0131<\/strong> sekresyonlar daha \u00e7ok allerjen veya viral enfeksiyonlar\u0131 akla getirir.<\/p>\n<p><strong>Sar\u0131 \u2013 ye\u015fil<\/strong> renkte sekresyonlar daha \u00e7ok bakteriyel bazen viral enfeksiyonlara neden olabilir.<\/p>\n<p><strong>Pasl\u0131 veya kanl\u0131 <\/strong>balgamlar ise akci\u011ferde kanamaya sebep olacak a\u011f\u0131r enfeksiyon veya kitle nedenlerini akla getirmelidir.<\/p>\n<p><strong>\u00c7ocuklarda balgam neden olur, nas\u0131l ge\u00e7er?<\/strong><\/p>\n<p>Balgam, yo\u011fun ve kat\u0131 k\u0131vam ald\u0131k\u00e7a soluk yollar\u0131n\u0131 t\u0131kayarak nefes almay\u0131 zorla\u015ft\u0131r\u0131r ve refleks olarak \u00f6ks\u00fcr\u00fc\u011f\u00fc artt\u0131r\u0131r. \u00d6ks\u00fcr\u00fc\u011f\u00fcn ve balgam\u0131n do\u011fru tedavisi ile balgam\u0131n sa\u011fl\u0131kl\u0131 bir \u015fekilde uzakla\u015ft\u0131r\u0131lmas\u0131 gerekir. Beyinde \u00f6ks\u00fcr\u00fck merkezini bask\u0131layan ila\u00e7lar ile tedavi genellikle klini\u011fin a\u011f\u0131rla\u015fmas\u0131na neden olabilir. Akci\u011ferde soluk yollar\u0131n\u0131 rahatlatarak balgam\u0131 ve \u00f6ks\u00fcr\u00fc\u011f\u00fc azaltan tedaviler daha \u00e7ok tercih edilmelidir.<\/p>\n<p>6-9 aydan k\u00fc\u00e7\u00fck bebeklerin \u00f6ks\u00fcr\u00fck ve akci\u011fer kapasitesi yeterli olmad\u0131\u011f\u0131 i\u00e7in balgam\u0131n k\u0131vam\u0131n\u0131 suland\u0131ran tedavilerde, klini\u011fin daha u\u00e7 bron\u015flara y\u00f6nelmesine neden olabilece\u011fi i\u00e7in sak\u0131ncal\u0131 olabilir.<\/p>\n<p>\u00c7ocuklarda artm\u0131\u015f balgam veya postnazal ak\u0131nt\u0131 gibi durumlarda bir hekim taraf\u0131ndan vakit kaybetmeden de\u011ferlendirme \u00f6nemlidir. Sigara maruziyetinde bu sekresyonlar\u0131n artt\u0131\u011f\u0131n\u0131 ve \u00e7ocuklarda \u00fcst ve alt solunum yolu hastal\u0131klar\u0131n\u0131n s\u0131kl\u0131\u011f\u0131n\u0131n artt\u0131rd\u0131\u011f\u0131n\u0131 akl\u0131m\u0131zdan \u00e7\u0131karmayal\u0131m.<\/p>\n","protected":false},"excerpt":{"rendered":"<p>Balgam\u0131n insan v\u00fccudunda bir miktar bulunmas\u0131 normal olarak kabul edilir. Ancak baz\u0131 durumlarda mukus s\u0131v\u0131s\u0131n\u0131n artmas\u0131 hastal\u0131klar\u0131n habercisi olabilir. Peki, \u00e7ocuklarda balgam rengi ne anlama geliyor? \u00c7ocuklarda balgam neden olur, nas\u0131l ge\u00e7er? Merak edilenleri \u00c7ocuk Sa\u011fl\u0131\u011f\u0131 ve Hastal\u0131klar\u0131 Uzman\u0131 Uzm. Dr. Erdal Irmak aktard\u0131. \u00c7ocuk Sa\u011fl\u0131\u011f\u0131 ve Hastal\u0131klar\u0131 Uzman\u0131 Uzm. Dr. Erdal Irmak Nefes al\u0131n\u0131rken [&hellip;]<\/p>\n","protected":false},"author":80,"featured_media":10668,"comment_status":"open","ping_status":"closed","sticky":false,"template":"","format":"standard","meta":{"jetpack_post_was_ever_published":false,"_jetpack_newsletter_access":"","_jetpack_dont_email_post_to_subs":false,"_jetpack_newsletter_tier_id":0,"_jetpack_memberships_contains_paywalled_content":false,"_jetpack_memberships_contains_paid_content":false,"footnotes":""},"categories":[3],"tags":[],"class_list":{"0":"post-10667","1":"post","2":"type-post","3":"status-publish","4":"format-standard","5":"has-post-thumbnail","7":"category-cocuk"},"jetpack_sharing_enabled":true,"jetpack_featured_media_url":"https:\/\/i0.wp.com\/annebebekkulubu.com\/blog\/wp-content\/uploads\/2021\/04\/cocuk-balgam1.jpg?fit=1280%2C853&ssl=1","jetpack-related-posts":[],"_links":{"self":[{"href":"https:\/\/annebebekkulubu.com\/blog\/wp-json\/wp\/v2\/posts\/10667","targetHints":{"allow":["GET"]}}],"collection":[{"href":"https:\/\/annebebekkulubu.com\/blog\/wp-json\/wp\/v2\/posts"}],"about":[{"href":"https:\/\/annebebekkulubu.com\/blog\/wp-json\/wp\/v2\/types\/post"}],"author":[{"embeddable":true,"href":"https:\/\/annebebekkulubu.com\/blog\/wp-json\/wp\/v2\/users\/80"}],"replies":[{"embeddable":true,"href":"https:\/\/annebebekkulubu.com\/blog\/wp-json\/wp\/v2\/comments?post=10667"}],"version-history":[{"count":0,"href":"https:\/\/annebebekkulubu.com\/blog\/wp-json\/wp\/v2\/posts\/10667\/revisions"}],"wp:featuredmedia":[{"embeddable":true,"href":"https:\/\/annebebekkulubu.com\/blog\/wp-json\/wp\/v2\/media\/10668"}],"wp:attachment":[{"href":"https:\/\/annebebekkulubu.com\/blog\/wp-json\/wp\/v2\/media?parent=10667"}],"wp:term":[{"taxonomy":"category","embeddable":true,"href":"https:\/\/annebebekkulubu.com\/blog\/wp-json\/wp\/v2\/categories?post=10667"},{"taxonomy":"post_tag","embeddable":true,"href":"https:\/\/annebebekkulubu.com\/blog\/wp-json\/wp\/v2\/tags?post=10667"}],"curies":[{"name":"wp","href":"https:\/\/api.w.org\/{rel}","templated":true}]}}