{"id":10640,"date":"2021-04-20T09:00:04","date_gmt":"2021-04-20T06:00:04","guid":{"rendered":"https:\/\/blog.annebebekkulubu.com\/?p=10640"},"modified":"2021-04-21T13:34:26","modified_gmt":"2021-04-21T10:34:26","slug":"bebeginizi-giydirirken-bilmeniz-gereken-her-sey","status":"publish","type":"post","link":"https:\/\/annebebekkulubu.com\/blog\/bebeginizi-giydirirken-bilmeniz-gereken-her-sey\/","title":{"rendered":"Bebe\u011finizi giydirirken bilmeniz gereken her \u015fey"},"content":{"rendered":"<div id=\"ez-toc-container\" class=\"ez-toc-v2_0_82_2 counter-hierarchy ez-toc-counter ez-toc-light-blue ez-toc-container-direction\">\n<p class=\"ez-toc-title\" style=\"cursor:inherit\">Yaz\u0131 \u0130\u00e7eri\u011fi<\/p>\n<label for=\"ez-toc-cssicon-toggle-item-69edcb69ea799\" class=\"ez-toc-cssicon-toggle-label\"><span class=\"\"><span class=\"eztoc-hide\" style=\"display:none;\">Toggle<\/span><span class=\"ez-toc-icon-toggle-span\"><svg style=\"fill: #999;color:#999\" xmlns=\"http:\/\/www.w3.org\/2000\/svg\" class=\"list-377408\" width=\"20px\" height=\"20px\" viewBox=\"0 0 24 24\" fill=\"none\"><path d=\"M6 6H4v2h2V6zm14 0H8v2h12V6zM4 11h2v2H4v-2zm16 0H8v2h12v-2zM4 16h2v2H4v-2zm16 0H8v2h12v-2z\" fill=\"currentColor\"><\/path><\/svg><svg style=\"fill: #999;color:#999\" class=\"arrow-unsorted-368013\" xmlns=\"http:\/\/www.w3.org\/2000\/svg\" width=\"10px\" height=\"10px\" viewBox=\"0 0 24 24\" version=\"1.2\" baseProfile=\"tiny\"><path d=\"M18.2 9.3l-6.2-6.3-6.2 6.3c-.2.2-.3.4-.3.7s.1.5.3.7c.2.2.4.3.7.3h11c.3 0 .5-.1.7-.3.2-.2.3-.5.3-.7s-.1-.5-.3-.7zM5.8 14.7l6.2 6.3 6.2-6.3c.2-.2.3-.5.3-.7s-.1-.5-.3-.7c-.2-.2-.4-.3-.7-.3h-11c-.3 0-.5.1-.7.3-.2.2-.3.5-.3.7s.1.5.3.7z\"\/><\/svg><\/span><\/span><\/label><input type=\"checkbox\"  id=\"ez-toc-cssicon-toggle-item-69edcb69ea799\"  aria-label=\"A\u00e7\/Kapat\" \/><nav><ul class='ez-toc-list ez-toc-list-level-1 ' ><li class='ez-toc-page-1 ez-toc-heading-level-2'><a class=\"ez-toc-link ez-toc-heading-1\" href=\"https:\/\/annebebekkulubu.com\/blog\/bebeginizi-giydirirken-bilmeniz-gereken-her-sey\/#Bebekler_mevsime_ve_ortam_sicakligina_uygun_giydirilmeli\" >Bebekler mevsime ve ortam s\u0131cakl\u0131\u011f\u0131na uygun giydirilmeli<\/a><\/li><li class='ez-toc-page-1 ez-toc-heading-level-2'><a class=\"ez-toc-link ez-toc-heading-2\" href=\"https:\/\/annebebekkulubu.com\/blog\/bebeginizi-giydirirken-bilmeniz-gereken-her-sey\/#Bebekleri_fazla_giydirmek_de_zararli\" >Bebekleri fazla giydirmek de zararl\u0131!<\/a><\/li><li class='ez-toc-page-1 ez-toc-heading-level-2'><a class=\"ez-toc-link ez-toc-heading-3\" href=\"https:\/\/annebebekkulubu.com\/blog\/bebeginizi-giydirirken-bilmeniz-gereken-her-sey\/#Bebek_kiyafeti_secerken_nelere_dikkat_edilmeli\" >Bebek k\u0131yafeti se\u00e7erken nelere dikkat edilmeli?<\/a><\/li><li class='ez-toc-page-1 ez-toc-heading-level-2'><a class=\"ez-toc-link ez-toc-heading-4\" href=\"https:\/\/annebebekkulubu.com\/blog\/bebeginizi-giydirirken-bilmeniz-gereken-her-sey\/#Bebek_giysileri_nasil_yikanmali_utulenmeli\" >Bebek giysileri nas\u0131l y\u0131kanmal\u0131, \u00fct\u00fclenmeli?<\/a><\/li><\/ul><\/nav><\/div>\n<p>Bebeklerin cilt yap\u0131s\u0131 \u00e7ok hassas oldu\u011fundan giysileri de ayr\u0131 bir \u00f6zen ister. Peki, bebek k\u0131yafetleri nas\u0131l olmal\u0131, giysiler hangi kuma\u015ftan se\u00e7ilmeli? Bebek k\u0131yafeti se\u00e7menin inceliklerini, giysileri y\u0131kay\u0131p \u00fct\u00fclerken dikkat edilmesi gerekenleri <strong>\u00c7ocuk Sa\u011fl\u0131\u011f\u0131 ve Hastal\u0131klar\u0131 Uzman\u0131 Dr. Levent Altunay,<\/strong> detayl\u0131ca anlatt\u0131.<\/p>\n<p><img decoding=\"async\" class=\"alignnone size-full wp-image-10641\" src=\"https:\/\/i0.wp.com\/annebebekkulubu.com\/blog\/wp-content\/uploads\/2021\/04\/levent-altunay.jpg?resize=696%2C464&#038;ssl=1\" alt=\"\" width=\"696\" height=\"464\" srcset=\"https:\/\/i0.wp.com\/annebebekkulubu.com\/blog\/wp-content\/uploads\/2021\/04\/levent-altunay.jpg?w=5760&amp;ssl=1 5760w, https:\/\/i0.wp.com\/annebebekkulubu.com\/blog\/wp-content\/uploads\/2021\/04\/levent-altunay.jpg?resize=300%2C200&amp;ssl=1 300w, https:\/\/i0.wp.com\/annebebekkulubu.com\/blog\/wp-content\/uploads\/2021\/04\/levent-altunay.jpg?resize=1024%2C683&amp;ssl=1 1024w, https:\/\/i0.wp.com\/annebebekkulubu.com\/blog\/wp-content\/uploads\/2021\/04\/levent-altunay.jpg?resize=768%2C512&amp;ssl=1 768w, https:\/\/i0.wp.com\/annebebekkulubu.com\/blog\/wp-content\/uploads\/2021\/04\/levent-altunay.jpg?resize=1536%2C1024&amp;ssl=1 1536w, https:\/\/i0.wp.com\/annebebekkulubu.com\/blog\/wp-content\/uploads\/2021\/04\/levent-altunay.jpg?resize=2048%2C1365&amp;ssl=1 2048w, https:\/\/i0.wp.com\/annebebekkulubu.com\/blog\/wp-content\/uploads\/2021\/04\/levent-altunay.jpg?resize=696%2C464&amp;ssl=1 696w, https:\/\/i0.wp.com\/annebebekkulubu.com\/blog\/wp-content\/uploads\/2021\/04\/levent-altunay.jpg?resize=1068%2C712&amp;ssl=1 1068w, https:\/\/i0.wp.com\/annebebekkulubu.com\/blog\/wp-content\/uploads\/2021\/04\/levent-altunay.jpg?resize=1920%2C1280&amp;ssl=1 1920w, https:\/\/i0.wp.com\/annebebekkulubu.com\/blog\/wp-content\/uploads\/2021\/04\/levent-altunay.jpg?w=1392&amp;ssl=1 1392w\" sizes=\"(max-width: 696px) 100vw, 696px\" data-recalc-dims=\"1\" \/><\/p>\n<p><em>\u00c7ocuk Sa\u011fl\u0131\u011f\u0131 ve Hastal\u0131klar\u0131 Uzman\u0131 Dr. Levent Altunay<\/em><\/p>\n<p>Bebekleri giydirmeden \u00f6nce bebe\u011fin bulundu\u011fu odan\u0131n \u0131s\u0131s\u0131n\u0131 do\u011fru ayarlamak gerekir. Bebe\u011fin g\u00fcne\u015f g\u00f6ren s\u0131k havaland\u0131r\u0131lan ve m\u00fcmk\u00fcn oldu\u011fu kadar az e\u015fya bulunan bir odada tutulmas\u0131 \u00f6nemlidir. Zaman\u0131nda do\u011fan bebekler i\u00e7in 22-24 \u00b0C, premat\u00fcreler i\u00e7in 24-26\u00b0C oda \u0131s\u0131s\u0131 yeterlidir. Bebe\u011fin giysilerini de\u011fi\u015ftirme veya alt de\u011fi\u015ftirme, banyo gibi i\u015flemlerden \u00f6nce t\u00fcm malzemeler haz\u0131rlanmal\u0131, ortam \u0131s\u0131s\u0131 m\u00fcmk\u00fcnse birka\u00e7 derece artt\u0131r\u0131lmal\u0131d\u0131r.<\/p>\n<p>Bebek cildi \u00e7ok hassast\u0131r. Bunun nedeni; ya\u011f tabakas\u0131n\u0131n az olmas\u0131 dolay\u0131s\u0131yla cildin d\u0131\u015f etkenlere kar\u015f\u0131 koruyucu tabakas\u0131n\u0131n tam olarak geli\u015fmemi\u015f olmas\u0131d\u0131r. Bu nedenle uygun olmayan giysiler k\u0131zar\u0131kl\u0131k ve ciltte hassasiyet yapabilir. Kimyasal a\u00e7\u0131dan irritan \u00f6zellik ta\u015f\u0131yan temizlik malzemeleri ve deterjanlarda ayn\u0131 olumsuz etkiyi yarat\u0131r.<\/p>\n<h2><span class=\"ez-toc-section\" id=\"Bebekler_mevsime_ve_ortam_sicakligina_uygun_giydirilmeli\"><\/span><strong>Bebekler mevsime ve ortam s\u0131cakl\u0131\u011f\u0131na uygun giydirilmeli<\/strong><span class=\"ez-toc-section-end\"><\/span><\/h2>\n<p>Bebe\u011fin giysisi her \u015feyden \u00f6nce onu s\u0131caktan ve so\u011fuktan korumal\u0131d\u0131r. Bebekler mevsime ve ortam s\u0131cakl\u0131\u011f\u0131na uygun giydirilmelidir. Bebek giysisini, yeti\u015fkin giysisinden ay\u0131ran en \u00f6nemli \u00f6zelli\u011fi, i\u015flevselli\u011finin \u00f6n planda olmas\u0131d\u0131r.<\/p>\n<h2><span class=\"ez-toc-section\" id=\"Bebekleri_fazla_giydirmek_de_zararli\"><\/span><strong>Bebekleri fazla giydirmek de zararl\u0131!<\/strong><span class=\"ez-toc-section-end\"><\/span><\/h2>\n<p>\u0130lk ay \u015fapka giydirerek bebe\u011fin \u0131s\u0131 kayb\u0131 \u00f6nlenebilir. Unutulmamal\u0131d\u0131r ki az giydirmek kadar \u00e7ok giydirmek de bebe\u011fe zarar verir. Bebe\u011fin di\u011fer giysileri gibi \u00e7oraplar\u0131 da pamuklu olmal\u0131d\u0131r. \u00c7oraplar\u0131n \u00f6zellikle lastikli k\u0131s\u0131mlar\u0131 \u00e7ok s\u0131k\u0131 olmamal\u0131d\u0131r.<\/p>\n<p>Premat\u00fcre bebeklerin v\u00fccut \u0131s\u0131lar\u0131n\u0131 koruyabilmeleri i\u00e7in k\u0131yafetlerinin uygun boyutta olmas\u0131na ve v\u00fccutlar\u0131n\u0131n her yerini sarmas\u0131na dikkat edilmelidir.<\/p>\n<figure id=\"attachment_10642\" aria-describedby=\"caption-attachment-10642\" style=\"width: 5760px\" class=\"wp-caption alignnone\"><img decoding=\"async\" class=\"wp-image-10642 size-full\" src=\"https:\/\/i0.wp.com\/annebebekkulubu.com\/blog\/wp-content\/uploads\/2021\/04\/bebek-giysi2.jpg?resize=696%2C464&#038;ssl=1\" alt=\"bebek k\u0131yafetleri al\u0131rken nelere dikkat edilmeli\" width=\"696\" height=\"464\" srcset=\"https:\/\/i0.wp.com\/annebebekkulubu.com\/blog\/wp-content\/uploads\/2021\/04\/bebek-giysi2.jpg?w=5760&amp;ssl=1 5760w, https:\/\/i0.wp.com\/annebebekkulubu.com\/blog\/wp-content\/uploads\/2021\/04\/bebek-giysi2.jpg?resize=300%2C200&amp;ssl=1 300w, https:\/\/i0.wp.com\/annebebekkulubu.com\/blog\/wp-content\/uploads\/2021\/04\/bebek-giysi2.jpg?resize=1024%2C683&amp;ssl=1 1024w, https:\/\/i0.wp.com\/annebebekkulubu.com\/blog\/wp-content\/uploads\/2021\/04\/bebek-giysi2.jpg?resize=768%2C512&amp;ssl=1 768w, https:\/\/i0.wp.com\/annebebekkulubu.com\/blog\/wp-content\/uploads\/2021\/04\/bebek-giysi2.jpg?resize=1536%2C1024&amp;ssl=1 1536w, https:\/\/i0.wp.com\/annebebekkulubu.com\/blog\/wp-content\/uploads\/2021\/04\/bebek-giysi2.jpg?resize=2048%2C1365&amp;ssl=1 2048w, https:\/\/i0.wp.com\/annebebekkulubu.com\/blog\/wp-content\/uploads\/2021\/04\/bebek-giysi2.jpg?resize=696%2C464&amp;ssl=1 696w, https:\/\/i0.wp.com\/annebebekkulubu.com\/blog\/wp-content\/uploads\/2021\/04\/bebek-giysi2.jpg?resize=1068%2C712&amp;ssl=1 1068w, https:\/\/i0.wp.com\/annebebekkulubu.com\/blog\/wp-content\/uploads\/2021\/04\/bebek-giysi2.jpg?resize=1920%2C1280&amp;ssl=1 1920w, https:\/\/i0.wp.com\/annebebekkulubu.com\/blog\/wp-content\/uploads\/2021\/04\/bebek-giysi2.jpg?w=1392&amp;ssl=1 1392w\" sizes=\"(max-width: 696px) 100vw, 696px\" data-recalc-dims=\"1\" \/><figcaption id=\"caption-attachment-10642\" class=\"wp-caption-text\">bebek k\u0131yafetleri al\u0131rken nelere dikkat edilmeli<\/figcaption><\/figure>\n<h2><span class=\"ez-toc-section\" id=\"Bebek_kiyafeti_secerken_nelere_dikkat_edilmeli\"><\/span><strong>Bebek k\u0131yafeti se\u00e7erken nelere dikkat edilmeli?<\/strong><span class=\"ez-toc-section-end\"><\/span><\/h2>\n<p>-Bebe\u011fe k\u0131yafet al\u0131n\u0131rken kolay giydirilip \u00e7\u0131kart\u0131labilen, \u00e7\u0131t\u00e7\u0131tl\u0131, ayak k\u0131s\u0131mlar\u0131 patikli, \u00f6nden iliklenen giysiler se\u00e7ilmesine dikkat edilmelidir.<\/p>\n<p>-S\u0131k bez de\u011fi\u015ftirilece\u011fi i\u00e7in alt\u0131 kolayl\u0131kla a\u00e7\u0131l\u0131yor olmal\u0131d\u0131r. Geni\u015f yakal\u0131 olmas\u0131 ba\u015f k\u0131sm\u0131ndan kolayca ge\u00e7mesini sa\u011flar.<\/p>\n<p>-Dantelli, ba\u011fc\u0131kl\u0131 giysiler bebekler i\u00e7in uygun de\u011fildir. Giysi \u00fczerinde metal ve sert plastik aksesuar, nak\u0131\u015f, etiket \u00e7\u0131kar\u0131lmal\u0131, \u00fczerinde \u00e7engelli i\u011fne, nazar boncu\u011fu olmamal\u0131d\u0131r.<\/p>\n<p>-Giysilerin diki\u015f yerleri sert olmamal\u0131, t\u00fcyl\u00fc, boyas\u0131 \u00e7\u0131kan giysiler tercih edilmemelidir.<\/p>\n<p>-Bebek giysilerinin, \u00f6rt\u00fc ve battaniyelerinin yumu\u015fak, pamuklu, t\u00fcy ve toz \u00e7\u0131karmayan kuma\u015flardan haz\u0131rlanmas\u0131 \u00f6nemlidir.<\/p>\n<p>-Pamuklu giysiler ve emici \u00f6zelli\u011fi fazla olan malzemelerden yap\u0131lm\u0131\u015f giysiler tercih edilmelidir. Giysiler kolay y\u0131kanabilmelidir.<\/p>\n<p>-Bebe\u011fin i\u00e7 \u00e7ama\u015f\u0131rlar\u0131, yumu\u015fak, suyu\/nemi kolayl\u0131kla emebilen, kaynatmaya (90-100 dereceye) dayan\u0131kl\u0131, \u00fct\u00fclenebilen \u00f6zellikte olmal\u0131d\u0131r.<\/p>\n<p>-Bebe\u011fin giysileri, kollar\u0131n\u0131 ve bacaklar\u0131n\u0131 rahat\u00e7a hareket ettirebilecek \u00f6zellikte olmal\u0131d\u0131r. Kol ve bacaklar\u0131n\u0131 rahat hareket ettiren bebe\u011fin kaslar\u0131 g\u00fc\u00e7lenir.<\/p>\n<h2><span class=\"ez-toc-section\" id=\"Bebek_giysileri_nasil_yikanmali_utulenmeli\"><\/span><strong>Bebek giysileri nas\u0131l y\u0131kanmal\u0131, \u00fct\u00fclenmeli?<\/strong><span class=\"ez-toc-section-end\"><\/span><\/h2>\n<p>T\u00fcm giysiler giydirilmeden \u00f6nce sabun ya da sabun tozu ile ve bol suyla y\u0131kan\u0131p \u00fct\u00fclenmelidir. Kullan\u0131lan temizlik malzemesine ba\u011fl\u0131 kolayl\u0131kla alerjik reaksiyon geli\u015febilir. Bu nedenle bebek giysileri ayr\u0131 y\u0131kanmal\u0131, g\u00fcne\u015fte kurutulmal\u0131 ve tersten \u00fct\u00fclenmelidir. \u0130lk al\u0131nan giysiler, y\u0131kand\u0131ktan sonra kullan\u0131lmal\u0131d\u0131r. Giysiler y\u0131kan\u0131rken sadece bebek giysileri i\u00e7in olan temizleyici \u00fcr\u00fcnler kullan\u0131lmal\u0131d\u0131r. Y\u0131kama s\u0131ras\u0131nda a\u011fart\u0131c\u0131, yumu\u015fat\u0131c\u0131 ve leke \u00e7\u0131kart\u0131c\u0131 \u00fcr\u00fcnler kullan\u0131lmamal\u0131d\u0131r. Giysiler saklan\u0131rken naftalin ve g\u00fcve ilac\u0131 kesinlikle kullan\u0131lmamal\u0131d\u0131r.<\/p>\n<p><strong>OKUMALISINIZ: <a href=\"https:\/\/annebebekkulubu.com\/blog\/bebek\/bebek-bezi-nasil-secilir-6-adimda-dogru-bebek-bezi-tercihi\/\">Bebek bezi nas\u0131l se\u00e7ilir? 6 ad\u0131mda do\u011fru bebek bezi tercihi<\/a><\/strong><\/p>\n","protected":false},"excerpt":{"rendered":"<p>Bebeklerin cilt yap\u0131s\u0131 \u00e7ok hassas oldu\u011fundan giysileri de ayr\u0131 bir \u00f6zen ister. Peki, bebek k\u0131yafetleri nas\u0131l olmal\u0131, giysiler hangi kuma\u015ftan se\u00e7ilmeli? Bebek k\u0131yafeti se\u00e7menin inceliklerini, giysileri y\u0131kay\u0131p \u00fct\u00fclerken dikkat edilmesi gerekenleri \u00c7ocuk Sa\u011fl\u0131\u011f\u0131 ve Hastal\u0131klar\u0131 Uzman\u0131 Dr. Levent Altunay, detayl\u0131ca anlatt\u0131. \u00c7ocuk Sa\u011fl\u0131\u011f\u0131 ve Hastal\u0131klar\u0131 Uzman\u0131 Dr. Levent Altunay Bebekleri giydirmeden \u00f6nce bebe\u011fin bulundu\u011fu odan\u0131n [&hellip;]<\/p>\n","protected":false},"author":80,"featured_media":10643,"comment_status":"open","ping_status":"closed","sticky":false,"template":"","format":"standard","meta":{"jetpack_post_was_ever_published":false,"_jetpack_newsletter_access":"","_jetpack_dont_email_post_to_subs":false,"_jetpack_newsletter_tier_id":0,"_jetpack_memberships_contains_paywalled_content":false,"_jetpack_memberships_contains_paid_content":false,"footnotes":""},"categories":[6],"tags":[],"class_list":{"0":"post-10640","1":"post","2":"type-post","3":"status-publish","4":"format-standard","5":"has-post-thumbnail","7":"category-bebek"},"jetpack_sharing_enabled":true,"jetpack_featured_media_url":"https:\/\/i0.wp.com\/annebebekkulubu.com\/blog\/wp-content\/uploads\/2021\/04\/bebek-giysi.jpg?fit=3960%2C2640&ssl=1","jetpack-related-posts":[],"_links":{"self":[{"href":"https:\/\/annebebekkulubu.com\/blog\/wp-json\/wp\/v2\/posts\/10640","targetHints":{"allow":["GET"]}}],"collection":[{"href":"https:\/\/annebebekkulubu.com\/blog\/wp-json\/wp\/v2\/posts"}],"about":[{"href":"https:\/\/annebebekkulubu.com\/blog\/wp-json\/wp\/v2\/types\/post"}],"author":[{"embeddable":true,"href":"https:\/\/annebebekkulubu.com\/blog\/wp-json\/wp\/v2\/users\/80"}],"replies":[{"embeddable":true,"href":"https:\/\/annebebekkulubu.com\/blog\/wp-json\/wp\/v2\/comments?post=10640"}],"version-history":[{"count":0,"href":"https:\/\/annebebekkulubu.com\/blog\/wp-json\/wp\/v2\/posts\/10640\/revisions"}],"wp:featuredmedia":[{"embeddable":true,"href":"https:\/\/annebebekkulubu.com\/blog\/wp-json\/wp\/v2\/media\/10643"}],"wp:attachment":[{"href":"https:\/\/annebebekkulubu.com\/blog\/wp-json\/wp\/v2\/media?parent=10640"}],"wp:term":[{"taxonomy":"category","embeddable":true,"href":"https:\/\/annebebekkulubu.com\/blog\/wp-json\/wp\/v2\/categories?post=10640"},{"taxonomy":"post_tag","embeddable":true,"href":"https:\/\/annebebekkulubu.com\/blog\/wp-json\/wp\/v2\/tags?post=10640"}],"curies":[{"name":"wp","href":"https:\/\/api.w.org\/{rel}","templated":true}]}}