{"id":10627,"date":"2021-04-19T10:46:07","date_gmt":"2021-04-19T07:46:07","guid":{"rendered":"https:\/\/blog.annebebekkulubu.com\/?p=10627"},"modified":"2021-04-19T10:46:07","modified_gmt":"2021-04-19T07:46:07","slug":"gebelik-sekeri-tehlikesi-nasil-anlasilir-kimler-risk-altinda","status":"publish","type":"post","link":"https:\/\/annebebekkulubu.com\/blog\/gebelik-sekeri-tehlikesi-nasil-anlasilir-kimler-risk-altinda\/","title":{"rendered":"Gebelik \u015fekeri tehlikesi: Nas\u0131l anla\u015f\u0131l\u0131r, kimler risk alt\u0131nda?"},"content":{"rendered":"<div id=\"ez-toc-container\" class=\"ez-toc-v2_0_82_2 counter-hierarchy ez-toc-counter ez-toc-light-blue ez-toc-container-direction\">\n<p class=\"ez-toc-title\" style=\"cursor:inherit\">Yaz\u0131 \u0130\u00e7eri\u011fi<\/p>\n<label for=\"ez-toc-cssicon-toggle-item-69edcb64d42ce\" class=\"ez-toc-cssicon-toggle-label\"><span class=\"\"><span class=\"eztoc-hide\" style=\"display:none;\">Toggle<\/span><span class=\"ez-toc-icon-toggle-span\"><svg style=\"fill: #999;color:#999\" xmlns=\"http:\/\/www.w3.org\/2000\/svg\" class=\"list-377408\" width=\"20px\" height=\"20px\" viewBox=\"0 0 24 24\" fill=\"none\"><path d=\"M6 6H4v2h2V6zm14 0H8v2h12V6zM4 11h2v2H4v-2zm16 0H8v2h12v-2zM4 16h2v2H4v-2zm16 0H8v2h12v-2z\" fill=\"currentColor\"><\/path><\/svg><svg style=\"fill: #999;color:#999\" class=\"arrow-unsorted-368013\" xmlns=\"http:\/\/www.w3.org\/2000\/svg\" width=\"10px\" height=\"10px\" viewBox=\"0 0 24 24\" version=\"1.2\" baseProfile=\"tiny\"><path d=\"M18.2 9.3l-6.2-6.3-6.2 6.3c-.2.2-.3.4-.3.7s.1.5.3.7c.2.2.4.3.7.3h11c.3 0 .5-.1.7-.3.2-.2.3-.5.3-.7s-.1-.5-.3-.7zM5.8 14.7l6.2 6.3 6.2-6.3c.2-.2.3-.5.3-.7s-.1-.5-.3-.7c-.2-.2-.4-.3-.7-.3h-11c-.3 0-.5.1-.7.3-.2.2-.3.5-.3.7s.1.5.3.7z\"\/><\/svg><\/span><\/span><\/label><input type=\"checkbox\"  id=\"ez-toc-cssicon-toggle-item-69edcb64d42ce\"  aria-label=\"A\u00e7\/Kapat\" \/><nav><ul class='ez-toc-list ez-toc-list-level-1 ' ><li class='ez-toc-page-1 ez-toc-heading-level-2'><a class=\"ez-toc-link ez-toc-heading-1\" href=\"https:\/\/annebebekkulubu.com\/blog\/gebelik-sekeri-tehlikesi-nasil-anlasilir-kimler-risk-altinda\/#Gebelik_sekeri_neden_olur\" >Gebelik \u015fekeri neden olur?<\/a><\/li><li class='ez-toc-page-1 ez-toc-heading-level-2'><a class=\"ez-toc-link ez-toc-heading-2\" href=\"https:\/\/annebebekkulubu.com\/blog\/gebelik-sekeri-tehlikesi-nasil-anlasilir-kimler-risk-altinda\/#Gebelik_sekeri_icin_kimler_risk_altindadir\" >Gebelik \u015fekeri i\u00e7in kimler risk alt\u0131ndad\u0131r?<\/a><\/li><li class='ez-toc-page-1 ez-toc-heading-level-2'><a class=\"ez-toc-link ez-toc-heading-3\" href=\"https:\/\/annebebekkulubu.com\/blog\/gebelik-sekeri-tehlikesi-nasil-anlasilir-kimler-risk-altinda\/#Gebelik_sekerinin_anne_ve_bebek_acisindan_riskleri_nelerdir\" >Gebelik \u015fekerinin anne ve bebek a\u00e7\u0131s\u0131ndan riskleri nelerdir?<\/a><\/li><li class='ez-toc-page-1 ez-toc-heading-level-2'><a class=\"ez-toc-link ez-toc-heading-4\" href=\"https:\/\/annebebekkulubu.com\/blog\/gebelik-sekeri-tehlikesi-nasil-anlasilir-kimler-risk-altinda\/#Gebelik_sekeri_tedavisi_nasil_yapilir\" >Gebelik \u015fekeri tedavisi nas\u0131l yap\u0131l\u0131r?<\/a><\/li><\/ul><\/nav><\/div>\n<p>Gebelik d\u00f6neminden \u00f6nce \u015feker hastal\u0131\u011f\u0131 olmayan anne adaylar\u0131nda hamilelik s\u0131ras\u0131nda \u015feker de\u011ferlerinde y\u00fckselme saptanabilir. Peki, gebelik \u015fekeri neden olur, gebelik \u015fekeri nas\u0131l anla\u015f\u0131l\u0131r? Konuyla ilgili \u00f6nemli sorular\u0131n yan\u0131tlar\u0131n\u0131 <strong>Kad\u0131n Hastal\u0131klar\u0131 ve Do\u011fum Uzman\u0131 Do\u00e7. Dr. Sezen Bozkurt K\u00f6seo\u011flu<\/strong> verdi.<\/p>\n<p><img decoding=\"async\" class=\"size-full wp-image-10628 aligncenter\" src=\"https:\/\/i0.wp.com\/annebebekkulubu.com\/blog\/wp-content\/uploads\/2021\/04\/sezen-bozkurt.jpeg?resize=530%2C530&#038;ssl=1\" alt=\"\" width=\"530\" height=\"530\" srcset=\"https:\/\/i0.wp.com\/annebebekkulubu.com\/blog\/wp-content\/uploads\/2021\/04\/sezen-bozkurt.jpeg?w=530&amp;ssl=1 530w, https:\/\/i0.wp.com\/annebebekkulubu.com\/blog\/wp-content\/uploads\/2021\/04\/sezen-bozkurt.jpeg?resize=300%2C300&amp;ssl=1 300w, https:\/\/i0.wp.com\/annebebekkulubu.com\/blog\/wp-content\/uploads\/2021\/04\/sezen-bozkurt.jpeg?resize=150%2C150&amp;ssl=1 150w\" sizes=\"(max-width: 530px) 100vw, 530px\" data-recalc-dims=\"1\" \/><\/p>\n<p style=\"text-align: center;\"><em>Kad\u0131n Hastal\u0131klar\u0131 ve Do\u011fum Uzman\u0131 Do\u00e7. Dr. Sezen Bozkurt K\u00f6seo\u011flu<\/em><\/p>\n<p><strong>Gebelik \u015fekeri,<\/strong> gebelik d\u00f6neminden \u00f6nce \u015feker hastal\u0131\u011f\u0131 olmayan anne aday\u0131nda gebelik s\u0131ras\u0131nda kan \u015fekeri de\u011ferlerinde y\u00fckselme saptanmas\u0131 durumuna denir. T\u00fcm gebeliklerin %2-4&#8217;\u00fcnde g\u00f6r\u00fcl\u00fcr.<\/p>\n<h2><span class=\"ez-toc-section\" id=\"Gebelik_sekeri_neden_olur\"><\/span><strong>Gebelik \u015fekeri neden olur?<\/strong><span class=\"ez-toc-section-end\"><\/span><\/h2>\n<p>Gebelik \u015fekeri, gebelikte artan ya\u011f dokusu ve plasentadan salg\u0131lanan hormonlar\u0131n etkisi ile ins\u00fclin hormonuna diren\u00e7 sonucunda olu\u015fur.<\/p>\n<h2><span class=\"ez-toc-section\" id=\"Gebelik_sekeri_icin_kimler_risk_altindadir\"><\/span><strong>Gebelik \u015fekeri i\u00e7in kimler risk alt\u0131ndad\u0131r?<\/strong><span class=\"ez-toc-section-end\"><\/span><\/h2>\n<p>Gebelik \u015fekeri a\u00e7\u0131s\u0131ndan t\u00fcm gebelerin 24-28. haftalar aras\u0131nda taranmas\u0131 \u00f6nerilmesine ra\u011fmen baz\u0131 y\u00fcksek riskli durumlarda tarama erken haftalara al\u0131nmal\u0131d\u0131r. Bu durumlar \u015f\u00f6yle s\u0131ralanabilir;<\/p>\n<p>-Annenin obezitesi<br \/>\n-Daha \u00f6nceki gebelikte gebelik \u015fekeri \u00f6yk\u00fcs\u00fc<br \/>\n-Daha \u00f6nceki gebelikte iri bebek do\u011furma \u00f6yk\u00fcs\u00fc<br \/>\n-\u0130drarda glukoz at\u0131l\u0131m\u0131n\u0131n olmas\u0131<br \/>\n-Ailede \u015feker hastal\u0131\u011f\u0131 \u00f6yk\u00fcs\u00fcn\u00fcn olmas\u0131<br \/>\n-Polikistik over sendromu olup gebe kalan hastalar<br \/>\n-35 ya\u015f \u00fczeri gebelikler<\/p>\n<h2><span class=\"ez-toc-section\" id=\"Gebelik_sekerinin_anne_ve_bebek_acisindan_riskleri_nelerdir\"><\/span><strong>Gebelik \u015fekerinin anne ve bebek a\u00e7\u0131s\u0131ndan riskleri nelerdir?<\/strong><span class=\"ez-toc-section-end\"><\/span><\/h2>\n<p>Gebelik \u015fekeri olan \u00e7o\u011fu gebe d\u00fczenli kan \u015fekeri kontrol\u00fc ile gebeli\u011fini sorunsuz olarak ge\u00e7irir. Ancak bazen baz\u0131 istenmeyen komplikasyonlar s\u00f6z konusu olabilir. Bunlar;<\/p>\n<p>-\u0130ri bebek: Bu durumda operatif do\u011fum veya sezaryen do\u011fum ihtimali artar. Ayr\u0131ca do\u011fum travmas\u0131 riski de iri bebek olmas\u0131 durumda artmaktad\u0131r.<\/p>\n<p>-Amniyon s\u0131v\u0131s\u0131n\u0131n fazla olmas\u0131: Erken do\u011fuma, do\u011fum esnas\u0131nda su geli\u015fi s\u0131ras\u0131nda kordon sarkmas\u0131na veya do\u011fum sonras\u0131 kanaman\u0131n fazla olmas\u0131na neden olabilir. Ayr\u0131ca gebelik esnas\u0131nda amniyon s\u0131v\u0131s\u0131 fazlal\u0131\u011f\u0131 gebenin solunumsal s\u0131k\u0131nt\u0131lar ya\u015famas\u0131na da sebep olabilir.<\/p>\n<p>-Anneden ge\u00e7en ins\u00fclin hormonu etkisi ile do\u011fum sonras\u0131 bebe\u011fin kan \u015fekerinin d\u00fc\u015fmesi durumu g\u00f6r\u00fclebilir.<\/p>\n<p>-Bebek do\u011fum sonras\u0131 sar\u0131l\u0131k olabilir.<\/p>\n<p>-Nadiren de olsa anne karn\u0131nda bebek \u00f6l\u00fcm\u00fc olabilir.<\/p>\n<p>-Gebelik \u015fekeri ya\u015fayan ki\u015filer ilerleyen ya\u015famlar\u0131nda tip 2 diyabet olma aday\u0131d\u0131r.<\/p>\n<h2><span class=\"ez-toc-section\" id=\"Gebelik_sekeri_tedavisi_nasil_yapilir\"><\/span><strong>Gebelik \u015fekeri tedavisi nas\u0131l yap\u0131l\u0131r?<\/strong><span class=\"ez-toc-section-end\"><\/span><\/h2>\n<p>Gebelik ve do\u011fum s\u0131ras\u0131nda olu\u015fabilecek komplikasyonlar\u0131 \u00f6nlemek ve bebe\u011fin sa\u011fl\u0131kl\u0131 geli\u015fimi i\u00e7in annenin kan \u015fekerini izlemek ve kontrol alt\u0131nda tutmak \u00e7ok \u00f6nemlidir. Gebelik diyabeti tedavi s\u00fcrecinde sa\u011fl\u0131kl\u0131 beslenme ve egzersiz ilk a\u015famada yap\u0131lmas\u0131 gerekenlerdir. Kan \u015fekerinin egzersiz ve diyetle kontrol alt\u0131na al\u0131namad\u0131\u011f\u0131 durumlarda ise gebelik esnas\u0131nda a\u011f\u0131z yoluyla al\u0131nan diyabetik ila\u00e7lar\u0131n kullan\u0131m\u0131 uygun olmad\u0131\u011f\u0131ndan ins\u00fclin tedavisine ge\u00e7ilir.<\/p>\n<p><strong>OKUMALISINIZ: <a href=\"https:\/\/annebebekkulubu.com\/blog\/hamilelik\/hamilelikte-bagisiklik-sistemini-guclendirecek-beslenme-onerileri\/\">Hamilelikte ba\u011f\u0131\u015f\u0131kl\u0131k sistemini g\u00fc\u00e7lendirecek beslenme \u00f6nerileri<\/a><\/strong><\/p>\n","protected":false},"excerpt":{"rendered":"<p>Gebelik d\u00f6neminden \u00f6nce \u015feker hastal\u0131\u011f\u0131 olmayan anne adaylar\u0131nda hamilelik s\u0131ras\u0131nda \u015feker de\u011ferlerinde y\u00fckselme saptanabilir. Peki, gebelik \u015fekeri neden olur, gebelik \u015fekeri nas\u0131l anla\u015f\u0131l\u0131r? Konuyla ilgili \u00f6nemli sorular\u0131n yan\u0131tlar\u0131n\u0131 Kad\u0131n Hastal\u0131klar\u0131 ve Do\u011fum Uzman\u0131 Do\u00e7. Dr. Sezen Bozkurt K\u00f6seo\u011flu verdi. Kad\u0131n Hastal\u0131klar\u0131 ve Do\u011fum Uzman\u0131 Do\u00e7. Dr. Sezen Bozkurt K\u00f6seo\u011flu Gebelik \u015fekeri, gebelik d\u00f6neminden \u00f6nce \u015feker [&hellip;]<\/p>\n","protected":false},"author":80,"featured_media":10629,"comment_status":"open","ping_status":"closed","sticky":false,"template":"","format":"standard","meta":{"jetpack_post_was_ever_published":false,"_jetpack_newsletter_access":"","_jetpack_dont_email_post_to_subs":false,"_jetpack_newsletter_tier_id":0,"_jetpack_memberships_contains_paywalled_content":false,"_jetpack_memberships_contains_paid_content":false,"footnotes":""},"categories":[2],"tags":[],"class_list":{"0":"post-10627","1":"post","2":"type-post","3":"status-publish","4":"format-standard","5":"has-post-thumbnail","7":"category-hamilelik"},"jetpack_sharing_enabled":true,"jetpack_featured_media_url":"https:\/\/i0.wp.com\/annebebekkulubu.com\/blog\/wp-content\/uploads\/2021\/04\/gebelik-sekeri.jpg?fit=6825%2C5412&ssl=1","jetpack-related-posts":[],"_links":{"self":[{"href":"https:\/\/annebebekkulubu.com\/blog\/wp-json\/wp\/v2\/posts\/10627","targetHints":{"allow":["GET"]}}],"collection":[{"href":"https:\/\/annebebekkulubu.com\/blog\/wp-json\/wp\/v2\/posts"}],"about":[{"href":"https:\/\/annebebekkulubu.com\/blog\/wp-json\/wp\/v2\/types\/post"}],"author":[{"embeddable":true,"href":"https:\/\/annebebekkulubu.com\/blog\/wp-json\/wp\/v2\/users\/80"}],"replies":[{"embeddable":true,"href":"https:\/\/annebebekkulubu.com\/blog\/wp-json\/wp\/v2\/comments?post=10627"}],"version-history":[{"count":0,"href":"https:\/\/annebebekkulubu.com\/blog\/wp-json\/wp\/v2\/posts\/10627\/revisions"}],"wp:featuredmedia":[{"embeddable":true,"href":"https:\/\/annebebekkulubu.com\/blog\/wp-json\/wp\/v2\/media\/10629"}],"wp:attachment":[{"href":"https:\/\/annebebekkulubu.com\/blog\/wp-json\/wp\/v2\/media?parent=10627"}],"wp:term":[{"taxonomy":"category","embeddable":true,"href":"https:\/\/annebebekkulubu.com\/blog\/wp-json\/wp\/v2\/categories?post=10627"},{"taxonomy":"post_tag","embeddable":true,"href":"https:\/\/annebebekkulubu.com\/blog\/wp-json\/wp\/v2\/tags?post=10627"}],"curies":[{"name":"wp","href":"https:\/\/api.w.org\/{rel}","templated":true}]}}