{"id":10617,"date":"2021-04-19T11:17:13","date_gmt":"2021-04-19T08:17:13","guid":{"rendered":"https:\/\/blog.annebebekkulubu.com\/?p=10617"},"modified":"2021-04-19T12:54:08","modified_gmt":"2021-04-19T09:54:08","slug":"emziren-anneler-koronavirus-asisi-yaptirabilir-mi","status":"publish","type":"post","link":"https:\/\/annebebekkulubu.com\/blog\/emziren-anneler-koronavirus-asisi-yaptirabilir-mi\/","title":{"rendered":"Emziren anneler koronavir\u00fcs a\u015f\u0131s\u0131 yapt\u0131rabilir mi?"},"content":{"rendered":"<p>Emziren annelerin en \u00e7ok merak etti\u011fi sorular\u0131n ba\u015f\u0131nda <strong>\u201cEmzirirken koronavir\u00fcs a\u015f\u0131s\u0131 olabilir miyim?\u201d<\/strong> sorusu geliyor. Peki, konuyla ilgili son g\u00fcncel bilgiler ne y\u00f6nde? <strong>Emziren annelerin koronavir\u00fcs a\u015f\u0131s\u0131 olmalar\u0131 sak\u0131ncal\u0131 m\u0131?<\/strong> Merak edilenleri \u00c7ocuk Sa\u011fl\u0131\u011f\u0131 ve Hastal\u0131klar\u0131 Uzman\u0131 <strong>Uzm. Dr. Dicle \u00c7elik <\/strong>a\u00e7\u0131klad\u0131.<\/p>\n<p>Covid-19 pandemisi t\u00fcm d\u00fcnyay\u0131 kas\u0131p kavururken son bir sene i\u00e7erisinde bizler de her ge\u00e7en g\u00fcn yeni bilimsel verilere ula\u015f\u0131yoruz. Bu enfeksiyonla ba\u015fa \u00e7\u0131kman\u0131n, enfeksiyonu kontrol alt\u0131na alman\u0131n tek yolunun t\u00fcm d\u00fcnyada y\u00fcksek oranda etkin a\u015f\u0131lama ile m\u00fcmk\u00fcn olaca\u011f\u0131n\u0131 tekrar hat\u0131rlatmak isterim.<\/p>\n<p>14 Ocak 2021 itibari ile \u00fclkemizde covid-19 a\u015f\u0131lama program\u0131 \u00f6nce sa\u011fl\u0131k personelinden ba\u015flad\u0131 ve Sa\u011fl\u0131k Bakanl\u0131\u011f\u0131\u2019n\u0131n belirledi\u011fi program do\u011frultusunda ya\u015flara ve risk gruplar\u0131na g\u00f6re a\u015f\u0131lama devam etmektedir.<\/p>\n<h2><strong>Emzirirken Covid-19 a\u015f\u0131s\u0131 olabilir miyim?\u00a0<\/strong><\/h2>\n<p>Emziren annelerimizin \u00e7ok merak etti\u011fi bir konu var; <strong>acaba emzirirken covid-19 a\u015f\u0131s\u0131 olabilir miyim?<\/strong><\/p>\n<p>\u00c7ok do\u011fru bilimsel bir yakla\u015f\u0131m ile koronavir\u00fcs a\u015f\u0131 \u00e7al\u0131\u015fmalar\u0131na dahil edilmeyen gebe ve emziren annelerin a\u015f\u0131lanmalar\u0131 konusunda yeterli kan\u0131t bulunmamakla beraber, emziren annelere a\u015f\u0131 yap\u0131lmas\u0131nda sak\u0131nca olmad\u0131\u011f\u0131 yeni bilimsel veriler aras\u0131ndad\u0131r.<\/p>\n<p>A\u015f\u0131 i\u00e7eri\u011findeki bile\u015fenlerin anne s\u00fct\u00fcne ge\u00e7me olas\u0131l\u0131\u011f\u0131 d\u00fc\u015f\u00fck, ge\u00e7se de bebe\u011fe herhangi bir olumsuz etkisi olmayaca\u011f\u0131 d\u00fc\u015f\u00fcn\u00fclmektedir. Hatta anneye uygulanan covid-19 a\u015f\u0131s\u0131 sonras\u0131 olu\u015fan koruyucu antikorlar anne s\u00fct\u00fcnden bebe\u011fe ge\u00e7erek, bebe\u011fin covid-19&#8217;a kar\u015f\u0131 korunmas\u0131yla ilgili yeni bilimsel yay\u0131nlar\u0131 okumak \u00e7ok heyecan verici.<\/p>\n<p>Covid-19 a\u015f\u0131lar\u0131 emziren anneler ve bebekleri i\u00e7in g\u00fcvenlidir, \u00f6ncelikle a\u015f\u0131lanma riski ile covid-19 enfeksiyonunu ge\u00e7irme riski g\u00f6z \u00f6n\u00fcne al\u0131nmal\u0131.<\/p>\n<p>\u00d6zellikle enfeksiyon a\u00e7\u0131s\u0131ndan riskli mesleklerde bulunan emziren annelerin \u00f6ncelikli olarak a\u015f\u0131lanmas\u0131, hastal\u0131\u011f\u0131 ge\u00e7irme riski, fayda zarar durumunu d\u00fc\u015f\u00fcnecek olursak \u00e7ok \u00f6nemlidir.<\/p>\n<p>Covid-19 a\u015f\u0131s\u0131 olmu\u015f anneler a\u015f\u0131lama sonras\u0131 emzirmeye devam edebilirler.<\/p>\n<p>Herkese sa\u011fl\u0131kl\u0131 g\u00fcnler. En k\u0131sa s\u00fcrede pandeminin bitmesi dile\u011fiyle\u2026<\/p>\n<p><strong>OKUMALISINIZ: <a href=\"https:\/\/annebebekkulubu.com\/blog\/beslenme\/koronavirus-hastasi-yeni-anneler-nasil-beslenmeli\/\">Koronavir\u00fcs hastas\u0131 yeni anneler nas\u0131l beslenmeli?<\/a><\/strong><\/p>\n","protected":false},"excerpt":{"rendered":"<p>Emziren annelerin en \u00e7ok merak etti\u011fi sorular\u0131n ba\u015f\u0131nda \u201cEmzirirken koronavir\u00fcs a\u015f\u0131s\u0131 olabilir miyim?\u201d sorusu geliyor. Peki, konuyla ilgili son g\u00fcncel bilgiler ne y\u00f6nde? Emziren annelerin koronavir\u00fcs a\u015f\u0131s\u0131 olmalar\u0131 sak\u0131ncal\u0131 m\u0131? Merak edilenleri \u00c7ocuk Sa\u011fl\u0131\u011f\u0131 ve Hastal\u0131klar\u0131 Uzman\u0131 Uzm. Dr. Dicle \u00c7elik a\u00e7\u0131klad\u0131. Covid-19 pandemisi t\u00fcm d\u00fcnyay\u0131 kas\u0131p kavururken son bir sene i\u00e7erisinde bizler de her [&hellip;]<\/p>\n","protected":false},"author":82,"featured_media":10632,"comment_status":"open","ping_status":"closed","sticky":false,"template":"","format":"standard","meta":{"jetpack_post_was_ever_published":false,"_jetpack_newsletter_access":"","_jetpack_dont_email_post_to_subs":false,"_jetpack_newsletter_tier_id":0,"_jetpack_memberships_contains_paywalled_content":false,"_jetpack_memberships_contains_paid_content":false,"footnotes":""},"categories":[6],"tags":[],"class_list":{"0":"post-10617","1":"post","2":"type-post","3":"status-publish","4":"format-standard","5":"has-post-thumbnail","7":"category-bebek"},"jetpack_sharing_enabled":true,"jetpack_featured_media_url":"https:\/\/i0.wp.com\/annebebekkulubu.com\/blog\/wp-content\/uploads\/2021\/04\/koronavirus-asisi.jpg?fit=6048%2C4024&ssl=1","jetpack-related-posts":[],"_links":{"self":[{"href":"https:\/\/annebebekkulubu.com\/blog\/wp-json\/wp\/v2\/posts\/10617","targetHints":{"allow":["GET"]}}],"collection":[{"href":"https:\/\/annebebekkulubu.com\/blog\/wp-json\/wp\/v2\/posts"}],"about":[{"href":"https:\/\/annebebekkulubu.com\/blog\/wp-json\/wp\/v2\/types\/post"}],"author":[{"embeddable":true,"href":"https:\/\/annebebekkulubu.com\/blog\/wp-json\/wp\/v2\/users\/82"}],"replies":[{"embeddable":true,"href":"https:\/\/annebebekkulubu.com\/blog\/wp-json\/wp\/v2\/comments?post=10617"}],"version-history":[{"count":0,"href":"https:\/\/annebebekkulubu.com\/blog\/wp-json\/wp\/v2\/posts\/10617\/revisions"}],"wp:featuredmedia":[{"embeddable":true,"href":"https:\/\/annebebekkulubu.com\/blog\/wp-json\/wp\/v2\/media\/10632"}],"wp:attachment":[{"href":"https:\/\/annebebekkulubu.com\/blog\/wp-json\/wp\/v2\/media?parent=10617"}],"wp:term":[{"taxonomy":"category","embeddable":true,"href":"https:\/\/annebebekkulubu.com\/blog\/wp-json\/wp\/v2\/categories?post=10617"},{"taxonomy":"post_tag","embeddable":true,"href":"https:\/\/annebebekkulubu.com\/blog\/wp-json\/wp\/v2\/tags?post=10617"}],"curies":[{"name":"wp","href":"https:\/\/api.w.org\/{rel}","templated":true}]}}