{"id":10613,"date":"2021-04-16T13:21:41","date_gmt":"2021-04-16T10:21:41","guid":{"rendered":"https:\/\/blog.annebebekkulubu.com\/?p=10613"},"modified":"2021-07-25T18:37:22","modified_gmt":"2021-07-25T15:37:22","slug":"bebegi-memeden-ayirma-sureci-nasil-olmali","status":"publish","type":"post","link":"https:\/\/annebebekkulubu.com\/blog\/bebegi-memeden-ayirma-sureci-nasil-olmali\/","title":{"rendered":"Bebe\u011fi memeden ay\u0131rma s\u00fcreci nas\u0131l olmal\u0131?"},"content":{"rendered":"<div id=\"ez-toc-container\" class=\"ez-toc-v2_0_82_2 counter-hierarchy ez-toc-counter ez-toc-light-blue ez-toc-container-direction\">\n<p class=\"ez-toc-title\" style=\"cursor:inherit\">Yaz\u0131 \u0130\u00e7eri\u011fi<\/p>\n<label for=\"ez-toc-cssicon-toggle-item-69edcb66579dd\" class=\"ez-toc-cssicon-toggle-label\"><span class=\"\"><span class=\"eztoc-hide\" style=\"display:none;\">Toggle<\/span><span class=\"ez-toc-icon-toggle-span\"><svg style=\"fill: #999;color:#999\" xmlns=\"http:\/\/www.w3.org\/2000\/svg\" class=\"list-377408\" width=\"20px\" height=\"20px\" viewBox=\"0 0 24 24\" fill=\"none\"><path d=\"M6 6H4v2h2V6zm14 0H8v2h12V6zM4 11h2v2H4v-2zm16 0H8v2h12v-2zM4 16h2v2H4v-2zm16 0H8v2h12v-2z\" fill=\"currentColor\"><\/path><\/svg><svg style=\"fill: #999;color:#999\" class=\"arrow-unsorted-368013\" xmlns=\"http:\/\/www.w3.org\/2000\/svg\" width=\"10px\" height=\"10px\" viewBox=\"0 0 24 24\" version=\"1.2\" baseProfile=\"tiny\"><path d=\"M18.2 9.3l-6.2-6.3-6.2 6.3c-.2.2-.3.4-.3.7s.1.5.3.7c.2.2.4.3.7.3h11c.3 0 .5-.1.7-.3.2-.2.3-.5.3-.7s-.1-.5-.3-.7zM5.8 14.7l6.2 6.3 6.2-6.3c.2-.2.3-.5.3-.7s-.1-.5-.3-.7c-.2-.2-.4-.3-.7-.3h-11c-.3 0-.5.1-.7.3-.2.2-.3.5-.3.7s.1.5.3.7z\"\/><\/svg><\/span><\/span><\/label><input type=\"checkbox\"  id=\"ez-toc-cssicon-toggle-item-69edcb66579dd\"  aria-label=\"A\u00e7\/Kapat\" \/><nav><ul class='ez-toc-list ez-toc-list-level-1 ' ><li class='ez-toc-page-1 ez-toc-heading-level-2'><a class=\"ez-toc-link ez-toc-heading-1\" href=\"https:\/\/annebebekkulubu.com\/blog\/bebegi-memeden-ayirma-sureci-nasil-olmali\/#Bebegi_memeden_ayirma_surecinde_anne_ne_gibi_sorunlar_yasayabilir\" >Bebe\u011fi memeden ay\u0131rma s\u00fcrecinde anne ne gibi sorunlar ya\u015fayabilir?<\/a><\/li><li class='ez-toc-page-1 ez-toc-heading-level-2'><a class=\"ez-toc-link ez-toc-heading-2\" href=\"https:\/\/annebebekkulubu.com\/blog\/bebegi-memeden-ayirma-sureci-nasil-olmali\/#Memeden_ayirma_yontemleri\" >Memeden ay\u0131rma y\u00f6ntemleri<\/a><\/li><\/ul><\/nav><\/div>\n<p>Bebe\u011fi memeden ay\u0131rma s\u00fcreci san\u0131ld\u0131\u011f\u0131 kadar kolay de\u011fildir. Bu s\u00fcre\u00e7 kimi zaman uzun s\u00fcrebilir. Emzirmeyi sonland\u0131rma ve bebe\u011fi memeden ay\u0131rma s\u00fcreciyle ilgili merak edilenleri <strong>Emzirme Dan\u0131\u015fman\u0131 Asl\u0131 Othan Tan\u0131r<\/strong> aktard\u0131.<\/p>\n<p><img decoding=\"async\" class=\"size-full wp-image-10614 aligncenter\" src=\"https:\/\/i0.wp.com\/annebebekkulubu.com\/blog\/wp-content\/uploads\/2021\/04\/asli1.jpg?resize=426%2C358&#038;ssl=1\" alt=\"\" width=\"426\" height=\"358\" srcset=\"https:\/\/i0.wp.com\/annebebekkulubu.com\/blog\/wp-content\/uploads\/2021\/04\/asli1.jpg?w=426&amp;ssl=1 426w, https:\/\/i0.wp.com\/annebebekkulubu.com\/blog\/wp-content\/uploads\/2021\/04\/asli1.jpg?resize=300%2C252&amp;ssl=1 300w\" sizes=\"(max-width: 426px) 100vw, 426px\" data-recalc-dims=\"1\" \/><\/p>\n<p style=\"text-align: center;\"><em>Emzirme Dan\u0131\u015fman\u0131 Asl\u0131 Othan Tan\u0131r<\/em><\/p>\n<h2><span class=\"ez-toc-section\" id=\"Bebegi_memeden_ayirma_surecinde_anne_ne_gibi_sorunlar_yasayabilir\"><\/span><strong>Bebe\u011fi memeden ay\u0131rma s\u00fcrecinde anne ne gibi sorunlar ya\u015fayabilir?<\/strong><span class=\"ez-toc-section-end\"><\/span><\/h2>\n<p>Bebekler anne karn\u0131ndan i\u00e7g\u00fcd\u00fcsel \u015fekilde emmeyi \u00f6\u011frenerek do\u011farlar. Bilinenin aksine bebekler i\u00e7in emmek sadece kar\u0131n doyurmak de\u011fildir.<\/p>\n<p>A\u011fr\u0131s\u0131 oldu\u011funda, can\u0131 s\u0131k\u0131ld\u0131\u011f\u0131nda, kendini g\u00fcvende hissetmek istedi\u011finde, susad\u0131\u011f\u0131nda, sevgi istedi\u011finde, rahatlamak i\u00e7in, huzur i\u00e7in, uykuya dalmak i\u00e7in, b\u00fcy\u00fcmek i\u00e7in bebekler emme eylemini ger\u00e7ekle\u015ftirir. Bu sebeple emmeyi sonland\u0131rma da ihtiyac\u0131n\u0131n bitmesi ile e\u015f zamanl\u0131d\u0131r.<\/p>\n<p>Bu da 2-3 ya\u015f aras\u0131nda 20 di\u015fi \u00e7\u0131kt\u0131\u011f\u0131nda ger\u00e7ekle\u015fir ve bebek emme aralar\u0131n\u0131 a\u00e7arak kendisi memeyi b\u0131rak\u0131r. Bu \u015fekilde b\u0131rakmas\u0131, s\u00fcreci kendisi y\u00f6netti\u011fi i\u00e7in hem psikolojik a\u00e7\u0131dan hem de annenin meme sa\u011fl\u0131\u011f\u0131 i\u00e7in \u00e7ok \u00f6nemlidir.<\/p>\n<figure id=\"attachment_10838\" aria-describedby=\"caption-attachment-10838\" style=\"width: 626px\" class=\"wp-caption alignnone\"><img decoding=\"async\" class=\"size-full wp-image-10838\" src=\"https:\/\/i0.wp.com\/annebebekkulubu.com\/blog\/wp-content\/uploads\/2021\/04\/bebegi-memeden-ayirma-yontemleri.jpg?resize=626%2C417&#038;ssl=1\" alt=\"Bebe\u011fi memeden ay\u0131rma y\u00f6ntemleri\" width=\"626\" height=\"417\" srcset=\"https:\/\/i0.wp.com\/annebebekkulubu.com\/blog\/wp-content\/uploads\/2021\/04\/bebegi-memeden-ayirma-yontemleri.jpg?w=626&amp;ssl=1 626w, https:\/\/i0.wp.com\/annebebekkulubu.com\/blog\/wp-content\/uploads\/2021\/04\/bebegi-memeden-ayirma-yontemleri.jpg?resize=300%2C200&amp;ssl=1 300w\" sizes=\"(max-width: 626px) 100vw, 626px\" data-recalc-dims=\"1\" \/><figcaption id=\"caption-attachment-10838\" class=\"wp-caption-text\">Bebe\u011fi memeden ay\u0131rma y\u00f6ntemleri<\/figcaption><\/figure>\n<h2><span class=\"ez-toc-section\" id=\"Memeden_ayirma_yontemleri\"><\/span><strong>Memeden ay\u0131rma y\u00f6ntemleri<\/strong><span class=\"ez-toc-section-end\"><\/span><\/h2>\n<p>-Memede s\u00fct do\u011fal \u015fekilde azald\u0131\u011f\u0131 i\u00e7in t\u0131kanma, sertle\u015fme yani anneyi rahats\u0131z edecek bir durum ya da kitle vb. olu\u015fmaz. Emzirme dan\u0131\u015fman\u0131 olarak bu \u015fekilde emmenin sonlanmas\u0131n\u0131 \u00f6neririm.<\/p>\n<p>-E\u011fer bir sebepten dolay\u0131 memeden ay\u0131rmak gerekirse o zaman yine s\u00fcreye ihtiya\u00e7 vard\u0131r. Toplamda en az bir aya yayaca\u011f\u0131n\u0131z s\u00fcre\u00e7te mutlaka e\u015finizden ya da bir yak\u0131n\u0131zdan destek alman\u0131z\u0131 tavsiye ederim.<\/p>\n<p>-G\u00fcnd\u00fczden ba\u015flayarak araya 1-2 g\u00fcn koyarak emme say\u0131s\u0131n\u0131 azaltmal\u0131s\u0131n\u0131z. Parka giderek, oyun oynayarak, kitap okuyarak emme aralar\u0131n\u0131 a\u00e7mak kolayla\u015f\u0131r.<\/p>\n<p>-G\u00fcnd\u00fcz bittikten sonra gece emmelerine s\u0131ra gelir. Bu a\u015famada \u00f6zellikle baban\u0131n gece uyand\u0131\u011f\u0131nda su vermesi, p\u0131\u015f p\u0131\u015flamas\u0131, sar\u0131lmas\u0131, kitap okumas\u0131 ile yine emme say\u0131lar\u0131n\u0131 araya 1-2 g\u00fcn koyarak azalt\u0131r\u0131z. Bu s\u00fcre\u00e7te bebe\u011fin anneden de\u011fil memeden uzakla\u015fmas\u0131 \u00f6nemlidir.<\/p>\n<p>-Annenin bol bol sar\u0131lmas\u0131, \u00f6pmesi ile varl\u0131\u011f\u0131n\u0131 hissettirmesi bebe\u011fin psikolojisi i\u00e7in \u00e7ok \u00f6nemlidir.<\/p>\n<p>G\u00fcn\u00fcm\u00fczde \u00e7ok yanl\u0131\u015f sebepler y\u00fcz\u00fcnden bebekler memeden ayr\u0131labiliyor. Bunlar\u0131n ba\u015f\u0131nda ila\u00e7 kullan\u0131m\u0131, inan\u00e7lar, yanl\u0131\u015f adetler ve inan\u0131\u015flar gelir. Yap\u0131lan ara\u015ft\u0131rmalar bebeklerin ba\u011f\u0131ms\u0131z bireyler olabilmeleri i\u00e7in meme ba\u011f\u0131ml\u0131l\u0131klar\u0131n\u0131n \u00f6zellikle oral d\u00f6nemde tatmin edilmesi gerekti\u011fini g\u00f6steriyor.<\/p>\n<p>Her zaman i\u00e7in bir emzirme dan\u0131\u015fman\u0131ndan bu s\u00fcre\u00e7ler i\u00e7in destek alabilirsiniz.<\/p>\n<p><strong>Okumal\u0131s\u0131n\u0131z: <a href=\"https:\/\/annebebekkulubu.com\/blog\/bebek\/bebegi-memeden-ayirmak-icin-ne-zaman-uygundur\/\">Bebe\u011fi memeden ay\u0131rmak i\u00e7in ne zaman uygundur?<\/a><\/strong><\/p>\n<p><strong>Bebe\u011finizi memeden ay\u0131rma s\u00fcreci ile ilgili <\/strong>dilerseniz forum sayfam\u0131zda tecr\u00fcbeli annelerden destek alabilirsiniz! Siz de akl\u0131n\u0131za tak\u0131lanlar\u0131, merak ettiklerinizi veya \u00f6\u011frenmek istediklerinizi bize <strong><a href=\"https:\/\/forum.annebebekkulubu.com\/\">Forum Anne Bebek Kul\u00fcb\u00fc<\/a><\/strong> \u00fczerinden yazabilirsiniz. <strong>Kad\u0131nlar olarak birlikte g\u00fc\u00e7l\u00fcy\u00fcz!<\/strong><\/p>\n","protected":false},"excerpt":{"rendered":"<p>Bebe\u011fi memeden ay\u0131rma s\u00fcreci san\u0131ld\u0131\u011f\u0131 kadar kolay de\u011fildir. Bu s\u00fcre\u00e7 kimi zaman uzun s\u00fcrebilir. Emzirmeyi sonland\u0131rma ve bebe\u011fi memeden ay\u0131rma s\u00fcreciyle ilgili merak edilenleri Emzirme Dan\u0131\u015fman\u0131 Asl\u0131 Othan Tan\u0131r aktard\u0131. Emzirme Dan\u0131\u015fman\u0131 Asl\u0131 Othan Tan\u0131r Bebe\u011fi memeden ay\u0131rma s\u00fcrecinde anne ne gibi sorunlar ya\u015fayabilir? Bebekler anne karn\u0131ndan i\u00e7g\u00fcd\u00fcsel \u015fekilde emmeyi \u00f6\u011frenerek do\u011farlar. Bilinenin aksine bebekler [&hellip;]<\/p>\n","protected":false},"author":80,"featured_media":10615,"comment_status":"open","ping_status":"closed","sticky":false,"template":"","format":"standard","meta":{"jetpack_post_was_ever_published":false,"_jetpack_newsletter_access":"","_jetpack_dont_email_post_to_subs":false,"_jetpack_newsletter_tier_id":0,"_jetpack_memberships_contains_paywalled_content":false,"_jetpack_memberships_contains_paid_content":false,"footnotes":""},"categories":[119],"tags":[],"class_list":{"0":"post-10613","1":"post","2":"type-post","3":"status-publish","4":"format-standard","5":"has-post-thumbnail","7":"category-emzirme"},"jetpack_sharing_enabled":true,"jetpack_featured_media_url":"https:\/\/i0.wp.com\/annebebekkulubu.com\/blog\/wp-content\/uploads\/2021\/04\/emzirme.jpg?fit=2048%2C1362&ssl=1","jetpack-related-posts":[],"_links":{"self":[{"href":"https:\/\/annebebekkulubu.com\/blog\/wp-json\/wp\/v2\/posts\/10613","targetHints":{"allow":["GET"]}}],"collection":[{"href":"https:\/\/annebebekkulubu.com\/blog\/wp-json\/wp\/v2\/posts"}],"about":[{"href":"https:\/\/annebebekkulubu.com\/blog\/wp-json\/wp\/v2\/types\/post"}],"author":[{"embeddable":true,"href":"https:\/\/annebebekkulubu.com\/blog\/wp-json\/wp\/v2\/users\/80"}],"replies":[{"embeddable":true,"href":"https:\/\/annebebekkulubu.com\/blog\/wp-json\/wp\/v2\/comments?post=10613"}],"version-history":[{"count":0,"href":"https:\/\/annebebekkulubu.com\/blog\/wp-json\/wp\/v2\/posts\/10613\/revisions"}],"wp:featuredmedia":[{"embeddable":true,"href":"https:\/\/annebebekkulubu.com\/blog\/wp-json\/wp\/v2\/media\/10615"}],"wp:attachment":[{"href":"https:\/\/annebebekkulubu.com\/blog\/wp-json\/wp\/v2\/media?parent=10613"}],"wp:term":[{"taxonomy":"category","embeddable":true,"href":"https:\/\/annebebekkulubu.com\/blog\/wp-json\/wp\/v2\/categories?post=10613"},{"taxonomy":"post_tag","embeddable":true,"href":"https:\/\/annebebekkulubu.com\/blog\/wp-json\/wp\/v2\/tags?post=10613"}],"curies":[{"name":"wp","href":"https:\/\/api.w.org\/{rel}","templated":true}]}}