{"id":10305,"date":"2021-03-20T14:33:29","date_gmt":"2021-03-20T11:33:29","guid":{"rendered":"https:\/\/blog.annebebekkulubu.com\/?p=10305"},"modified":"2021-03-20T14:37:46","modified_gmt":"2021-03-20T11:37:46","slug":"gonul-dagi-dizisi-nerede-cekiliyor","status":"publish","type":"post","link":"https:\/\/annebebekkulubu.com\/blog\/gonul-dagi-dizisi-nerede-cekiliyor\/","title":{"rendered":"G\u00f6n\u00fcl Da\u011f\u0131 dizisi nerede \u00e7ekiliyor?"},"content":{"rendered":"<div id=\"ez-toc-container\" class=\"ez-toc-v2_0_82_2 counter-hierarchy ez-toc-counter ez-toc-light-blue ez-toc-container-direction\">\n<p class=\"ez-toc-title\" style=\"cursor:inherit\">Yaz\u0131 \u0130\u00e7eri\u011fi<\/p>\n<label for=\"ez-toc-cssicon-toggle-item-69f701cfce9e3\" class=\"ez-toc-cssicon-toggle-label\"><span class=\"\"><span class=\"eztoc-hide\" style=\"display:none;\">Toggle<\/span><span class=\"ez-toc-icon-toggle-span\"><svg style=\"fill: #999;color:#999\" xmlns=\"http:\/\/www.w3.org\/2000\/svg\" class=\"list-377408\" width=\"20px\" height=\"20px\" viewBox=\"0 0 24 24\" fill=\"none\"><path d=\"M6 6H4v2h2V6zm14 0H8v2h12V6zM4 11h2v2H4v-2zm16 0H8v2h12v-2zM4 16h2v2H4v-2zm16 0H8v2h12v-2z\" fill=\"currentColor\"><\/path><\/svg><svg style=\"fill: #999;color:#999\" class=\"arrow-unsorted-368013\" xmlns=\"http:\/\/www.w3.org\/2000\/svg\" width=\"10px\" height=\"10px\" viewBox=\"0 0 24 24\" version=\"1.2\" baseProfile=\"tiny\"><path d=\"M18.2 9.3l-6.2-6.3-6.2 6.3c-.2.2-.3.4-.3.7s.1.5.3.7c.2.2.4.3.7.3h11c.3 0 .5-.1.7-.3.2-.2.3-.5.3-.7s-.1-.5-.3-.7zM5.8 14.7l6.2 6.3 6.2-6.3c.2-.2.3-.5.3-.7s-.1-.5-.3-.7c-.2-.2-.4-.3-.7-.3h-11c-.3 0-.5.1-.7.3-.2.2-.3.5-.3.7s.1.5.3.7z\"\/><\/svg><\/span><\/span><\/label><input type=\"checkbox\"  id=\"ez-toc-cssicon-toggle-item-69f701cfce9e3\"  aria-label=\"A\u00e7\/Kapat\" \/><nav><ul class='ez-toc-list ez-toc-list-level-1 ' ><li class='ez-toc-page-1 ez-toc-heading-level-2'><a class=\"ez-toc-link ez-toc-heading-1\" href=\"https:\/\/annebebekkulubu.com\/blog\/gonul-dagi-dizisi-nerede-cekiliyor\/#Gonul_Dagi_nerede_hangi_koyde_cekiliyor\" >G\u00f6n\u00fcl Da\u011f\u0131 nerede, hangi k\u00f6yde \u00e7ekiliyor?<\/a><\/li><li class='ez-toc-page-1 ez-toc-heading-level-2'><a class=\"ez-toc-link ez-toc-heading-2\" href=\"https:\/\/annebebekkulubu.com\/blog\/gonul-dagi-dizisi-nerede-cekiliyor\/#Gonul_Dagi_oyunculari_kimler\" >G\u00f6n\u00fcl Da\u011f\u0131 oyuncular\u0131 kimler?<\/a><\/li><li class='ez-toc-page-1 ez-toc-heading-level-2'><a class=\"ez-toc-link ez-toc-heading-3\" href=\"https:\/\/annebebekkulubu.com\/blog\/gonul-dagi-dizisi-nerede-cekiliyor\/#Gonul_Dagi_dizisi_hangi_gun_yayinlaniyor\" >G\u00f6n\u00fcl Da\u011f\u0131 dizisi hangi g\u00fcn yay\u0131nlan\u0131yor?<\/a><\/li><\/ul><\/nav><\/div>\n<p>TRT 1 sevilen dizisi G\u00f6n\u00fcl Da\u011f\u0131&#8217;n\u0131n kitlesi her ge\u00e7en g\u00fcn b\u00fcy\u00fcyor. \u0130lk b\u00f6l\u00fcm\u00fc 17 Ekim 2020&#8217;de yay\u0131nlanan ve Anadolu \u00e7ocuklar\u0131n\u0131n hikayesini konu edinen dizinin oyuncu kadrosunda ise \u00f6nemli isimler yer al\u0131yor.<\/p>\n<p>Berk Atan, G\u00fclsim Ali, Ecem Nur \u00d6zkaya ve Ferdi Sancar gibi \u00f6nemli isimlerin yer ald\u0131\u011f\u0131 G\u00f6n\u00fcl Da\u011f\u0131 dizisinin ise nerede \u00e7ekildi\u011fi b\u00fcy\u00fck bir merak konusu.<\/p>\n<p>Her hafta reyting rekorlar\u0131 k\u0131ran, Anadolu insan\u0131n s\u0131cakl\u0131\u011f\u0131n\u0131 hissettiren ve 3 kuzenin hayat\u0131n\u0131 anlatan bu dizi \u201cBozk\u0131r\u0131n kalemi\u201d Mustafa \u00c7ift\u00e7i\u2019nin g\u00fcn y\u00fcz\u00fcne \u00e7\u0131kmam\u0131\u015f \u00f6yk\u00fclerinden esinlenilerek olu\u015fturuluyor.<\/p>\n<p>Peki Cumartesi ak\u015famlar\u0131n\u0131n reyting rekorlar\u0131 k\u0131ran dizisi G\u00f6n\u00fcl Da\u011f\u0131, nerede, hangi \u015fehirde ve hangi il\u00e7ede \u00e7ekiliyor dersiniz?<\/p>\n<h2><span class=\"ez-toc-section\" id=\"Gonul_Dagi_nerede_hangi_koyde_cekiliyor\"><\/span>G\u00f6n\u00fcl Da\u011f\u0131 nerede, hangi k\u00f6yde \u00e7ekiliyor?<span class=\"ez-toc-section-end\"><\/span><\/h2>\n<p>Bizlere Anadolu insan\u0131n s\u0131cakl\u0131\u011f\u0131n\u0131 hissettiren G\u00f6n\u00fcl Da\u011f\u0131 dizisi <strong>Eski\u015fehir&#8217;in Sivrihisar il\u00e7esinde<\/strong> \u00e7ekiliyor. Dizide ge\u00e7en Gedelli k\u00f6y\u00fc, Sivrihisar&#8217;\u0131n k\u0131rsal bir k\u00f6y\u00fcd\u00fcr.<\/p>\n<p><strong><a href=\"http:\/\/sivrihisar.gov.tr\/ilcemizin-tarihcesi\" target=\"_blank\" rel=\"noopener\">Sivrihisar tarihi ile ilgili bilgiye ula\u015fmak i\u00e7in t\u0131klay\u0131n<\/a><\/strong><\/p>\n<h2><span class=\"ez-toc-section\" id=\"Gonul_Dagi_oyunculari_kimler\"><\/span>G\u00f6n\u00fcl Da\u011f\u0131 oyuncular\u0131 kimler?<span class=\"ez-toc-section-end\"><\/span><\/h2>\n<p>G\u00f6n\u00fcl Da\u011f\u0131 oyuncu kadrosunda birbirinden \u00f6nemli isimler yer almakta.<\/p>\n<ul>\n<li>Berk Atan \u2013\u00a0<strong>Taner,<\/strong><\/li>\n<li>G\u00fclsim Ali \u0130lhan \u2013\u00a0<strong>Dilek<\/strong><\/li>\n<li>Ecem \u00d6zkaya \u2013\u00a0<strong>Zahide,<\/strong><\/li>\n<li>Ferdi Sancar \u2013\u00a0<strong>Dolmu\u015f\u00e7u Sefer,<\/strong><\/li>\n<li>Erdal Cindoruk \u2013\u00a0<strong>A\u011f\u0131t\u00e7\u0131 H\u00fcseyin<\/strong><\/li>\n<li>Ali D\u00fc\u015fenkalkar \u2013\u00a0<strong>D\u00fc\u011f\u00fcnc\u00fc Muammer<\/strong><\/li>\n<li>Yavuz Sepet\u00e7i-\u00a0<strong>Cirit\u00e7i Abdullah,<\/strong><\/li>\n<li>G\u00fclhan Tekin \u2013\u00a0<strong>G\u00fcn\u015f\u0131l<\/strong><\/li>\n<li>Feyza I\u015f\u0131k \u2013\u00a0<strong>D\u00f6nd\u00fc,<\/strong><\/li>\n<li>Nuri G\u00f6ka\u015fan-\u00a0<strong>Di\u015f\u00e7i Musa,<\/strong><\/li>\n<li>Cihat S\u00fcvario\u011flu-\u00a0<strong>Ramazan,<\/strong><\/li>\n<li>Semih Ert\u00fcrk-\u00a0<strong>Veysel,<\/strong><\/li>\n<li>Nazl\u0131 P\u0131nar Kaya \u2013\u00a0<strong>Cemile<\/strong><\/li>\n<li>Ege Aydan-\u00a0<strong>Belediye Ba\u015fkan\u0131 Celal Bey,<\/strong><\/li>\n<li>Eser Ey\u00fcbo\u011flu \u2013\u00a0<strong>Selami<\/strong><\/li>\n<li>\u00c7i\u011fdem Ayg\u00fcn \u2013\u00a0<strong>Keriman<\/strong><\/li>\n<\/ul>\n<h2><span class=\"ez-toc-section\" id=\"Gonul_Dagi_dizisi_hangi_gun_yayinlaniyor\"><\/span>G\u00f6n\u00fcl Da\u011f\u0131 dizisi hangi g\u00fcn yay\u0131nlan\u0131yor?<span class=\"ez-toc-section-end\"><\/span><\/h2>\n<p>G\u00f6n\u00fcl Da\u011f\u0131 dizisi yeni b\u00f6l\u00fcm\u00fcyle her Cumartesi TRT 1 ekranlar\u0131nda saat 20.00&#8217;den itibaren yay\u0131nlanmaktad\u0131r.\u00a0 <a href=\"https:\/\/www.trtizle.com\/diziler\/gonul-dagi\" target=\"_blank\" rel=\"noopener\">Bu link<\/a> \u00fczerinden t\u00fcm b\u00f6l\u00fcmleri TRT \u00fczerinden izleyebilirsiniz.<\/p>\n","protected":false},"excerpt":{"rendered":"<p>TRT 1 sevilen dizisi G\u00f6n\u00fcl Da\u011f\u0131&#8217;n\u0131n kitlesi her ge\u00e7en g\u00fcn b\u00fcy\u00fcyor. \u0130lk b\u00f6l\u00fcm\u00fc 17 Ekim 2020&#8217;de yay\u0131nlanan ve Anadolu \u00e7ocuklar\u0131n\u0131n hikayesini konu edinen dizinin oyuncu kadrosunda ise \u00f6nemli isimler yer al\u0131yor. Berk Atan, G\u00fclsim Ali, Ecem Nur \u00d6zkaya ve Ferdi Sancar gibi \u00f6nemli isimlerin yer ald\u0131\u011f\u0131 G\u00f6n\u00fcl Da\u011f\u0131 dizisinin ise nerede \u00e7ekildi\u011fi b\u00fcy\u00fck bir merak [&hellip;]<\/p>\n","protected":false},"author":80,"featured_media":10306,"comment_status":"open","ping_status":"closed","sticky":false,"template":"","format":"standard","meta":{"jetpack_post_was_ever_published":false,"_jetpack_newsletter_access":"","_jetpack_dont_email_post_to_subs":false,"_jetpack_newsletter_tier_id":0,"_jetpack_memberships_contains_paywalled_content":false,"_jetpack_memberships_contains_paid_content":false,"footnotes":""},"categories":[199],"tags":[],"class_list":{"0":"post-10305","1":"post","2":"type-post","3":"status-publish","4":"format-standard","5":"has-post-thumbnail","7":"category-kultur-sanat"},"jetpack_sharing_enabled":true,"jetpack_featured_media_url":"https:\/\/i0.wp.com\/annebebekkulubu.com\/blog\/wp-content\/uploads\/2021\/03\/gonul-dagi-dizisi-nerede-cekiliyor.jpg?fit=1000%2C667&ssl=1","jetpack-related-posts":[],"_links":{"self":[{"href":"https:\/\/annebebekkulubu.com\/blog\/wp-json\/wp\/v2\/posts\/10305","targetHints":{"allow":["GET"]}}],"collection":[{"href":"https:\/\/annebebekkulubu.com\/blog\/wp-json\/wp\/v2\/posts"}],"about":[{"href":"https:\/\/annebebekkulubu.com\/blog\/wp-json\/wp\/v2\/types\/post"}],"author":[{"embeddable":true,"href":"https:\/\/annebebekkulubu.com\/blog\/wp-json\/wp\/v2\/users\/80"}],"replies":[{"embeddable":true,"href":"https:\/\/annebebekkulubu.com\/blog\/wp-json\/wp\/v2\/comments?post=10305"}],"version-history":[{"count":0,"href":"https:\/\/annebebekkulubu.com\/blog\/wp-json\/wp\/v2\/posts\/10305\/revisions"}],"wp:featuredmedia":[{"embeddable":true,"href":"https:\/\/annebebekkulubu.com\/blog\/wp-json\/wp\/v2\/media\/10306"}],"wp:attachment":[{"href":"https:\/\/annebebekkulubu.com\/blog\/wp-json\/wp\/v2\/media?parent=10305"}],"wp:term":[{"taxonomy":"category","embeddable":true,"href":"https:\/\/annebebekkulubu.com\/blog\/wp-json\/wp\/v2\/categories?post=10305"},{"taxonomy":"post_tag","embeddable":true,"href":"https:\/\/annebebekkulubu.com\/blog\/wp-json\/wp\/v2\/tags?post=10305"}],"curies":[{"name":"wp","href":"https:\/\/api.w.org\/{rel}","templated":true}]}}